{"id":443793,"date":"2025-10-06T22:15:29","date_gmt":"2025-10-06T22:15:29","guid":{"rendered":"https:\/\/www.europesays.com\/fr\/443793\/"},"modified":"2025-10-06T22:15:29","modified_gmt":"2025-10-06T22:15:29","slug":"je-me-suis-levee-a-4-h-30-elle-traverse-la-moitie-de-la-france-pour-acheter-des-courriers-oublies-de-jean-jaures","status":"publish","type":"post","link":"https:\/\/www.europesays.com\/fr\/443793\/","title":{"rendered":"\u00ab\u00a0Je me suis lev\u00e9e \u00e0 4 h 30 \u00bb\u00a0: elle traverse la moiti\u00e9 de la France pour acheter des courriers oubli\u00e9s de Jean Jaur\u00e8s"},"content":{"rendered":"<p>\u00ab Ouvrez les vieilles bo\u00eetes. Fouillez. M\u00eame quand c\u2019est \u00e9crit \u00ab linge \u00bb dessus \u00bb. Au micro ce lundi 6 octobre, Pierre-Guillaume Klein, commissaire-priseur plaisante devant quelques rares acheteurs. Tout en menant sa vente aux ench\u00e8res, il rappelle que c\u2019est dans une bo\u00eete en bois entrepos\u00e9e dans son grenier qu\u2019un habitant de la r\u00e9gion de Saint-Malo a d\u00e9couvert par hasard un petit tr\u00e9sor\u2026 Des documents manuscrits sign\u00e9s \u00ab Jean Jaur\u00e8s \u00bb formellement authentifi\u00e9 par un expert.<\/p>\n<p><img decoding=\"async\" src=\"https:\/\/www.europesays.com\/fr\/wp-content\/uploads\/2025\/10\/68e3ef0cd1b6754ffa04fd13.1.jpeg\" width=\"480\" height=\"300\" class=\"web_golden_m\" loading=\"lazy\" alt=\"Pierre-Guillaume Klein, le commissaire-priseur.\"\/>Pierre-Guillaume Klein, le commissaire-priseur. (Le T\u00e9l\u00e9gramme\/Claire Staes)<\/p>\n<p>Ce lundi, ces courriers ont \u00e9t\u00e9 propos\u00e9s lors d\u2019une vente aux ench\u00e8res dans les locaux d\u2019Ouest Ench\u00e8res, route de Lorient entre Rennes et Vezin-le-Coquet. \u00ab C\u2018est la premi\u00e8re fois que je pr\u00e9sente des \u0153uvres politiques \u00bb, a expliqu\u00e9 Pierre-Guillaume Klein, le commissaire-priseur. \u00ab Ce sont vraiment des documents historiques o\u00f9 Jaur\u00e8s, \u00e0 la mani\u00e8re d\u2019un avocat, d\u2019un plaidoyer avec une rigueur scientifique, une rigueur juridique, va exposer fait apr\u00e8s fait les nouveaux indices, les nouveaux compl\u00e9ments qui ont permis notamment d\u2019innocenter Dreyfus. \u00bb<\/p>\n<p>\u00ab J\u2019adore Jean Jaur\u00e8s \u00bb<\/p>\n<p>Au t\u00e9l\u00e9phone, sur le site internet Inter ench\u00e8res ou en liaison avec la prestigieuse salle des ventes Drouot, les acheteurs se sont disput\u00e9 une trentaine de lots qui regroupaient les lettres manuscrites et autres cartes sign\u00e9es de la main du grand homme politique Jean Jaur\u00e8s. Mis \u00e0 prix \u00e0 2000 euros, le lot le plus cher a finalement \u00e9t\u00e9 adjug\u00e9 \u00e0 2 900 euros. Il regroupait 25 feuillets manuscrits o\u00f9 Jean Jaur\u00e8s argumentait afin de r\u00e9habiliter le capitaine Dreyfus. Ces lignes ont \u00e9t\u00e9 publi\u00e9es dans le journal \u00ab La petite R\u00e9publique \u00bb en 1899 avant que Jean Jaur\u00e8s en devienne le codirecteur. D\u2019autres lots ont \u00e9t\u00e9 adjug\u00e9s 2 700 euros et 2 300 euros.<\/p>\n<p>Dans la salle, Nathalie Moine est venue de Seine-Marne pour acheter quelques documents portant la signature du socialiste. \u00ab Je me suis lev\u00e9e \u00e0 4 h 30 pour \u00eatre \u00e0 Rennes. Puis j\u2019ai fait 4 h 30 de voiture pour venir. Juste le temps de manger une petite cr\u00eape ce midi pour \u00eatre \u00e0 l\u2019heure \u00e0 la vente\u2026 J\u2019adore Jean Jaur\u00e8s et ses valeurs humanistes depuis le lyc\u00e9e. Depuis que j\u2019ai lu \u00ab J\u2019accuse \u00bb de Zola. Aujourd\u2019hui, j\u2019ai achet\u00e9 des petites cartes pour avoir au moins sa signature. \u00bb L\u2019affaire Dreyfus, a pour rappel \u00e9t\u00e9 jug\u00e9e dans la capitale bretonne \u00e0 la fin du XIXe si\u00e8cle. \ufeff<\/p>\n","protected":false},"excerpt":{"rendered":"\u00ab Ouvrez les vieilles bo\u00eetes. Fouillez. M\u00eame quand c\u2019est \u00e9crit \u00ab linge \u00bb dessus \u00bb. Au micro ce&hellip;\n","protected":false},"author":2,"featured_media":443794,"comment_status":"","ping_status":"","sticky":false,"template":"","format":"standard","meta":{"footnotes":""},"categories":[2821],"tags":[1111,11,829,765,1777,674,1011,27,848,12,584,25],"class_list":{"0":"post-443793","1":"post","2":"type-post","3":"status-publish","4":"format-standard","5":"has-post-thumbnail","7":"category-rennes","8":"tag-actu","9":"tag-actualites","10":"tag-bretagne","11":"tag-en-continu","12":"tag-eu","13":"tag-europe","14":"tag-fr","15":"tag-france","16":"tag-ille-et-vilaine","17":"tag-news","18":"tag-rennes","19":"tag-republique-francaise"},"share_on_mastodon":{"url":"https:\/\/pubeurope.com\/@fr\/115329533897091119","error":""},"_links":{"self":[{"href":"https:\/\/www.europesays.com\/fr\/wp-json\/wp\/v2\/posts\/443793","targetHints":{"allow":["GET"]}}],"collection":[{"href":"https:\/\/www.europesays.com\/fr\/wp-json\/wp\/v2\/posts"}],"about":[{"href":"https:\/\/www.europesays.com\/fr\/wp-json\/wp\/v2\/types\/post"}],"author":[{"embeddable":true,"href":"https:\/\/www.europesays.com\/fr\/wp-json\/wp\/v2\/users\/2"}],"replies":[{"embeddable":true,"href":"https:\/\/www.europesays.com\/fr\/wp-json\/wp\/v2\/comments?post=443793"}],"version-history":[{"count":0,"href":"https:\/\/www.europesays.com\/fr\/wp-json\/wp\/v2\/posts\/443793\/revisions"}],"wp:featuredmedia":[{"embeddable":true,"href":"https:\/\/www.europesays.com\/fr\/wp-json\/wp\/v2\/media\/443794"}],"wp:attachment":[{"href":"https:\/\/www.europesays.com\/fr\/wp-json\/wp\/v2\/media?parent=443793"}],"wp:term":[{"taxonomy":"category","embeddable":true,"href":"https:\/\/www.europesays.com\/fr\/wp-json\/wp\/v2\/categories?post=443793"},{"taxonomy":"post_tag","embeddable":true,"href":"https:\/\/www.europesays.com\/fr\/wp-json\/wp\/v2\/tags?post=443793"}],"curies":[{"name":"wp","href":"https:\/\/api.w.org\/{rel}","templated":true}]}}