{"id":443795,"date":"2025-10-06T22:16:19","date_gmt":"2025-10-06T22:16:19","guid":{"rendered":"https:\/\/www.europesays.com\/fr\/443795\/"},"modified":"2025-10-06T22:16:19","modified_gmt":"2025-10-06T22:16:19","slug":"elle-menace-de-sauter-du-5e-etage-les-pompiers-sauvent-une-femme-de-64-ans-a-rennes","status":"publish","type":"post","link":"https:\/\/www.europesays.com\/fr\/443795\/","title":{"rendered":"Elle menace de sauter du 5e \u00e9tage\u00a0: les pompiers sauvent une femme de 64 ans \u00e0 Rennes"},"content":{"rendered":"<p>C\u2019est \u00e0 l\u2019aide de la grande \u00e9chelle que 16 pompiers de Rennes sont intervenus, lundi 6 octobre, au 25 boulevard Ren\u00e9-Laennec pour secourir une femme de 64 ans. Cette derni\u00e8re est mont\u00e9e sur la corniche du cinqui\u00e8me \u00e9tage d\u2019un immeuble et mena\u00e7ait de mettre fin \u00e0 ses jours. Les sapeurs-pompiers ont donc r\u00e9ussi \u00e0 intervenir \u00e0 temps pour emp\u00eacher la sexag\u00e9naire de sauter. Elle a \u00e9t\u00e9 transport\u00e9e ensuite au CHU de Rennes.<\/p>\n","protected":false},"excerpt":{"rendered":"C\u2019est \u00e0 l\u2019aide de la grande \u00e9chelle que 16 pompiers de Rennes sont intervenus, lundi 6 octobre, au&hellip;\n","protected":false},"author":2,"featured_media":443796,"comment_status":"","ping_status":"","sticky":false,"template":"","format":"standard","meta":{"footnotes":""},"categories":[2821],"tags":[1111,11,829,1777,674,1011,27,848,12,584,25],"class_list":{"0":"post-443795","1":"post","2":"type-post","3":"status-publish","4":"format-standard","5":"has-post-thumbnail","7":"category-rennes","8":"tag-actu","9":"tag-actualites","10":"tag-bretagne","11":"tag-eu","12":"tag-europe","13":"tag-fr","14":"tag-france","15":"tag-ille-et-vilaine","16":"tag-news","17":"tag-rennes","18":"tag-republique-francaise"},"share_on_mastodon":{"url":"https:\/\/pubeurope.com\/@fr\/115329537481434643","error":""},"_links":{"self":[{"href":"https:\/\/www.europesays.com\/fr\/wp-json\/wp\/v2\/posts\/443795","targetHints":{"allow":["GET"]}}],"collection":[{"href":"https:\/\/www.europesays.com\/fr\/wp-json\/wp\/v2\/posts"}],"about":[{"href":"https:\/\/www.europesays.com\/fr\/wp-json\/wp\/v2\/types\/post"}],"author":[{"embeddable":true,"href":"https:\/\/www.europesays.com\/fr\/wp-json\/wp\/v2\/users\/2"}],"replies":[{"embeddable":true,"href":"https:\/\/www.europesays.com\/fr\/wp-json\/wp\/v2\/comments?post=443795"}],"version-history":[{"count":0,"href":"https:\/\/www.europesays.com\/fr\/wp-json\/wp\/v2\/posts\/443795\/revisions"}],"wp:featuredmedia":[{"embeddable":true,"href":"https:\/\/www.europesays.com\/fr\/wp-json\/wp\/v2\/media\/443796"}],"wp:attachment":[{"href":"https:\/\/www.europesays.com\/fr\/wp-json\/wp\/v2\/media?parent=443795"}],"wp:term":[{"taxonomy":"category","embeddable":true,"href":"https:\/\/www.europesays.com\/fr\/wp-json\/wp\/v2\/categories?post=443795"},{"taxonomy":"post_tag","embeddable":true,"href":"https:\/\/www.europesays.com\/fr\/wp-json\/wp\/v2\/tags?post=443795"}],"curies":[{"name":"wp","href":"https:\/\/api.w.org\/{rel}","templated":true}]}}