{"id":443809,"date":"2025-10-06T22:24:27","date_gmt":"2025-10-06T22:24:27","guid":{"rendered":"https:\/\/www.europesays.com\/fr\/443809\/"},"modified":"2025-10-06T22:24:27","modified_gmt":"2025-10-06T22:24:27","slug":"girondins-cest-une-tres-tres-bonne-copie-samuel-vaslin-encense-bordeaux-apres-poitiers","status":"publish","type":"post","link":"https:\/\/www.europesays.com\/fr\/443809\/","title":{"rendered":"Girondins : \u201cC\u2019est une tr\u00e8s, tr\u00e8s bonne copie\u201d, Samuel Vaslin encense Bordeaux apr\u00e8s Poitiers"},"content":{"rendered":"<p><img decoding=\"async\" src=\"https:\/\/www.europesays.com\/fr\/wp-content\/uploads\/2025\/09\/671_508d2cba72a93c1a8367552f27615172.jpg\" alt=\"Girondins : \u201cC\u2019est une tr\u00e8s, tr\u00e8s bonne copie\u201d, Samuel Vaslin encense Bordeaux apr\u00e8s Poitiers\" class=\"img-responsive mt-3\"\/><\/p>\n<p class=\"text-center mb-3\" style=\"font-size: 14px\">\u00a9 Iconsport<\/p>\n<p>      <strong>\u201cUne victoire r\u00e9f\u00e9rence pour les Girondins de Bordeaux\u201d selon Samuel Vaslin<\/strong><\/p>\n<p style=\"text-align: justify;\">\u00c9coutez ses propos ou lisez-les :<\/p>\n<p>\u00a0<\/p>\n<p><strong>\u00ab\u00a0On aurait aim\u00e9 avoir une \u00e9quipe avec ces intentions-l\u00e0 bien avant\u00a0\u00bb<\/strong><\/p>\n<p>\u00a0<\/p>\n<p style=\"text-align: justify;\">Samuel Vaslin dans le <a href=\"https:\/\/www.youtube.com\/watch?v=-jHFN7ZSiJY&amp;t=759s\" target=\"_blank\" rel=\"noopener\">D\u00e9brief \u00e0 Chaud sur WebGirondins<\/a> : \u00ab\u00a0Ce soir, c&rsquo;est la tr\u00e8s, tr\u00e8s bonne copie. C&rsquo;est le 16 ou 17 sur 20 que tu rapportes \u00e0 la maison. Tout le monde va forc\u00e9ment te f\u00e9liciter et de dire que tu as fait du bon travail. C&rsquo;est m\u00e9rit\u00e9 parce que j&rsquo;ai trouv\u00e9 que cette \u00e9quipe s&rsquo;est simplifi\u00e9 la vie ce soir dans ses intentions, dans ses projections. On a vu justement une \u00e9quipe qui s&rsquo;est projet\u00e9e ensemble. On a vu beaucoup d&rsquo;accompagnement. Je pense surtout \u00e0 Trichard et au c\u00f4t\u00e9 gauche. C&rsquo;est pass\u00e9 par les deux c\u00f4t\u00e9s, que ce soit \u00e0 droite avec Openda sur le premier but, ou sur les deux autres par le c\u00f4t\u00e9 gauche.<\/p>\n<p style=\"text-align: justify;\">Au milieu de terrain, il y a des choses \u00e0 am\u00e9liorer. Mais c&rsquo;est vrai que, par exemple, le match d&rsquo;Odru me semble beaucoup plus coh\u00e9rent que ce soit dans le pressing, dans la r\u00e9cup\u00e9ration et dans l&rsquo;utilisation du ballon. \u00c9tond\u00e9 et Villette sont buteurs avec de vrais buts d&rsquo;attaquants sur des actions bien construites. On a constamment essay\u00e9. C&rsquo;est pour \u00e7a que tu te demandais depuis quand on n&rsquo;a pas vu une victoire comme \u00e7a. C&rsquo;est surtout depuis quand j&rsquo;ai pas vu une \u00e9quipe jouer comme \u00e7a \u00e0 Bordeaux.<\/p>\n<p style=\"text-align: justify;\">Apr\u00e8s, \u00e7a d\u00e9pend aussi de l&rsquo;adversaire et de ce qui propose. Et ce soir, on avait l&rsquo;occasion de punir, on avait l&rsquo;occasion d&rsquo;avoir des situations, l&rsquo;occasion d&rsquo;\u00eatre en surnombre quand on a attaqu\u00e9 et on en a profit\u00e9. Je n\u2019ai rien \u00e0 dire, ce soir, franchement, sinc\u00e8rement, sur le match des Girondins. C&rsquo;est une tr\u00e8s, tr\u00e8s bonne copie. Et c&rsquo;est dommage de devoir al r\u00e9aliser \u00e0 la septi\u00e8me journ\u00e9e de National 2. Alors que cette \u00e9quipe travaille depuis maintenant 18 mois, depuis quatre mois, avec ce groupe-l\u00e0, on aurait aim\u00e9 avoir une \u00e9quipe avec ces intentions-l\u00e0 bien avant. \u00c7a aurait peut-\u00eatre permis \u00e0 Bordeaux de faire de meilleures performances.\u00a0\u00bb<\/p>\n<p style=\"text-align: justify;\">Avec cette victoire convaincante face au Stade Poitevin, les Girondins de Bordeaux semblent avoir trouv\u00e9 une performance notable. Bruno Irl\u00e8s et ses hommes encha\u00eeneront d\u00e9sormais avec un choc face au leader La Roche VF, un match \u00e0 six points qui pourrait confirmer la mont\u00e9e en puissance du club au scapulaire dans cette poule A de National 2.<\/p>\n<p>\u00c0 lire &gt;&gt; <strong><a href=\"https:\/\/www.webgirondins.com\/actualite-girondins-data-girondins-les-chiffres-impressionnants-d-odru-ba-villette-et-etonde-face-au-stade-poitevin-130704\" target=\"_blank\" rel=\"noopener\">Data Girondins : les chiffres impressionnants d\u2019Odru, Ba, Villette et \u00c9tonde face au Stade Poitevin<\/a><\/strong><\/p>\n<p style=\"text-align: justify;\">\u00a0<\/p>\n","protected":false},"excerpt":{"rendered":"\u00a9 Iconsport \u201cUne victoire r\u00e9f\u00e9rence pour les Girondins de Bordeaux\u201d selon Samuel Vaslin \u00c9coutez ses propos ou lisez-les&hellip;\n","protected":false},"author":2,"featured_media":403270,"comment_status":"","ping_status":"","sticky":false,"template":"","format":"standard","meta":{"footnotes":""},"categories":[2817],"tags":[1111,11,150,11690,1997,57011,57012,1777,674,2823,1011,27,1987,2957,3790,3289,12,2219,36302,1653,3032,25,39938,9863,2858,933,9864,1264],"class_list":{"0":"post-443809","1":"post","2":"type-post","3":"status-publish","4":"format-standard","5":"has-post-thumbnail","7":"category-bordeaux","8":"tag-actu","9":"tag-actualites","10":"tag-apres","11":"tag-bonne","12":"tag-bordeaux","13":"tag-copie","14":"tag-encense","15":"tag-eu","16":"tag-europe","17":"tag-face","18":"tag-fr","19":"tag-france","20":"tag-girondins","21":"tag-journaliste","22":"tag-large","23":"tag-leur","24":"tag-news","25":"tag-nouvelle-aquitaine","26":"tag-poitevin","27":"tag-poitiers","28":"tag-prestation","29":"tag-republique-francaise","30":"tag-salue","31":"tag-samuel","32":"tag-stade","33":"tag-tres","34":"tag-vaslin","35":"tag-victoire"},"share_on_mastodon":{"url":"https:\/\/pubeurope.com\/@fr\/115329568948864155","error":""},"_links":{"self":[{"href":"https:\/\/www.europesays.com\/fr\/wp-json\/wp\/v2\/posts\/443809","targetHints":{"allow":["GET"]}}],"collection":[{"href":"https:\/\/www.europesays.com\/fr\/wp-json\/wp\/v2\/posts"}],"about":[{"href":"https:\/\/www.europesays.com\/fr\/wp-json\/wp\/v2\/types\/post"}],"author":[{"embeddable":true,"href":"https:\/\/www.europesays.com\/fr\/wp-json\/wp\/v2\/users\/2"}],"replies":[{"embeddable":true,"href":"https:\/\/www.europesays.com\/fr\/wp-json\/wp\/v2\/comments?post=443809"}],"version-history":[{"count":0,"href":"https:\/\/www.europesays.com\/fr\/wp-json\/wp\/v2\/posts\/443809\/revisions"}],"wp:featuredmedia":[{"embeddable":true,"href":"https:\/\/www.europesays.com\/fr\/wp-json\/wp\/v2\/media\/403270"}],"wp:attachment":[{"href":"https:\/\/www.europesays.com\/fr\/wp-json\/wp\/v2\/media?parent=443809"}],"wp:term":[{"taxonomy":"category","embeddable":true,"href":"https:\/\/www.europesays.com\/fr\/wp-json\/wp\/v2\/categories?post=443809"},{"taxonomy":"post_tag","embeddable":true,"href":"https:\/\/www.europesays.com\/fr\/wp-json\/wp\/v2\/tags?post=443809"}],"curies":[{"name":"wp","href":"https:\/\/api.w.org\/{rel}","templated":true}]}}