{"id":443810,"date":"2025-10-06T22:25:14","date_gmt":"2025-10-06T22:25:14","guid":{"rendered":"https:\/\/www.europesays.com\/fr\/443810\/"},"modified":"2025-10-06T22:25:14","modified_gmt":"2025-10-06T22:25:14","slug":"deux-semaines-devenements-gratuits-autour-de-la-sante-mentale","status":"publish","type":"post","link":"https:\/\/www.europesays.com\/fr\/443810\/","title":{"rendered":"deux semaines d&rsquo;\u00e9v\u00e8nements gratuits autour de la sant\u00e9 mentale"},"content":{"rendered":"<p>Un rendez-vous pour changer le regard. Organis\u00e9es par la Mairie <a href=\"https:\/\/lopinion.com\/\" rel=\"noopener noreferrer nofollow\" target=\"_blank\">de Toulouse<\/a>, le Conseil Local de Sant\u00e9 Mentale (CLSM) et de nombreuses associations, les Semaines d&rsquo;Information sur la Sant\u00e9 Mentale (SISM) visent \u00e0 <strong>\u00ab\u00a0rendre centrale la question de la sant\u00e9 mentale dans la cit\u00e9\u00a0\u00bb<\/strong>, \u00e0 lutter contre les stigmatisations et \u00e0 mieux faire conna\u00eetre les ressources locales. Le th\u00e8me de cette ann\u00e9e, <strong>le lien social<\/strong>, avec pour probl\u00e9matique : comment le lien peut-il apaiser les souffrances invisibles, soutenir la sant\u00e9 mentale, et \u00eatre \u00e0 la fois refuge et d\u00e9fi ?<\/p>\n<p>Le coup d&rsquo;envoi des SISM a \u00e9t\u00e9 donn\u00e9 le vendredi 3 octobre, au Forum des partenaires, square Charles-de-Gaulle. S&rsquo;ensuivront <strong>deux semaines intenses<\/strong>, jusqu&rsquo;au 20 octobre, avec de <strong>nombreux rendez-vous gratuits<\/strong> pour parler, comprendre et partager autour du bien-\u00eatre psychique.<\/p>\n<p>Des temps forts pour tous les publics<\/p>\n<p>Durant les deux semaines, <a href=\"https:\/\/lopinion.com\/articles\/sante\" rel=\"noopener noreferrer nofollow\" target=\"_blank\">Toulouse<\/a> proposera plus d&rsquo;une <strong>cinquantaine d&rsquo;\u00e9v\u00e8nements <\/strong>ouverts \u00e0 tous. Parmi les temps forts :<\/p>\n<ul>\n<li>Conf\u00e9rence <strong>\u00ab\u00a0Quand le lien soigne\u00a0\u00bb <\/strong>(7 octobre, Halles de la Cartoucherie) : une soir\u00e9e participative pour d\u00e9couvrir des approches th\u00e9rapeutiques centr\u00e9es sur la relation humaine.<\/li>\n<li>Caf\u00e9-philo <strong>\u00ab\u00a0Peut-on \u00eatre soi-m\u00eame sans les autres ?\u00a0\u00bb <\/strong>(8 octobre, caf\u00e9 L&rsquo;Escabel) : un d\u00e9bat convivial anim\u00e9 par \u00c9ric Lowen de l&rsquo;Universit\u00e9 populaire de philosophie.<\/li>\n<li>T\u00e9moignages <strong>\u00ab\u00a0Le r\u00e9tablissement en sant\u00e9 mentale : oui, c\u2019est possible !\u00a0\u00bb<\/strong> (10 octobre, Espace Diversit\u00e9s La\u00efcit\u00e9) : des parcours inspirants racont\u00e9s, chant\u00e9s et mis en sc\u00e8ne par Sonia, Matthieu, Danielle et Laura.<\/li>\n<li>Cin\u00e9-d\u00e9bat <strong>\u00ab\u00a0Her\u00a0\u00bb<\/strong> de Spike Jonze (11 octobre, M\u00e9diath\u00e8que Serveyrolles) : r\u00e9flexion sur nos liens \u00e0 travers les \u00e9crans et la solitude.<\/li>\n<li>Spectacle <strong>\u00ab\u00a0Le d\u00e9lirium du Papillon\u00a0\u00bb<\/strong> (18 octobre, Th\u00e9\u00e2tre des Mazades) : plong\u00e9e burlesque dans les arcanes de la folie avec Typhus Bronx.<\/li>\n<\/ul>\n<p>Des initiatives locales et inclusives<\/p>\n<p>La programmation met aussi \u00e0 l&rsquo;honneur les <strong>structures toulousaines<\/strong> engag\u00e9es toute l&rsquo;ann\u00e9e pour la sant\u00e9 mentale : associations d&rsquo;usagers, centres m\u00e9dico-sociaux, groupes d&rsquo;entraide mutuelle ou lieux de vie. Des <strong>portes ouvertes<\/strong> permettront de d\u00e9couvrir ces lieux encore trop m\u00e9connus :<\/p>\n<ul>\n<li><strong>Bon Pied Bon \u0152il<\/strong> (6 octobre) : association de r\u00e9insertion pour les personnes hospitalis\u00e9es en psychiatrie.<\/li>\n<li><strong>Route Nouvelle <\/strong>(9 octobre) : structures de r\u00e9habilitation psychosociale et accompagnement vers l&rsquo;autonomie.<\/li>\n<li><strong>Centre de soins Saint-Sernin <\/strong>(14 octobre) : d\u00e9di\u00e9 aux \u00e9tudiants.<\/li>\n<li><strong>Maison des Droits des Enfants et des Jeunes <\/strong>(16 octobre) : \u00e9changes autour du droit \u00e0 la sant\u00e9 mentale et de la m\u00e9diation familiale.<\/li>\n<li><strong>Domino &#8211; L&rsquo;Hospitalit\u00e9 de la Beaut\u00e9<\/strong> (19 octobre, Roques\u00e9ri\u00e8re) : un lieu d&rsquo;accueil artistique et agro\u00e9cologique pour les personnes fragilis\u00e9es.<\/li>\n<\/ul>\n<p>Des ateliers pour cr\u00e9er, bouger, respirer<\/p>\n<p>Parce que la sant\u00e9 mentale passe aussi par le corps et la cr\u00e9ativit\u00e9, de nombreux <strong>ateliers collectifs <\/strong>jalonneront les SISM :<\/p>\n<ul>\n<li><strong>\u00ab\u00a0Docteur Boulot\u00a0\u00bb<\/strong> (7 octobre, Fabrique Solidaire) : jeu collectif sur la sant\u00e9 mentale au travail.<\/li>\n<li><strong>\u00ab\u00a0D\u00e9marre ton journal cr\u00e9atif\u00a0\u00bb<\/strong> et <strong>\u00ab\u00a0Dans ma t\u00eate\u00a0\u00bb<\/strong>, pour les jeunes et les familles \u00e0 Rangueil.<\/li>\n<li>Atelier collage et repas-d\u00e9bat <strong>\u00ab\u00a0Auberges et son invit\u00e9\u00a0\u00bb<\/strong> \u00e0 la P&rsquo;tite Fabrique.<\/li>\n<li><strong>\u00ab\u00a0Fresque de la sant\u00e9 mentale\u00a0\u00bb <\/strong>(11 octobre, La Turbine) : un atelier participatif imagin\u00e9 par Nightline pour mieux comprendre et agir collectivement.<\/li>\n<li>Atelier <strong>\u00ab\u00a0Corps et mouvement\u00a0\u00bb<\/strong> (13 octobre, Chapelle des Carm\u00e9lites) : expression corporelle et reconnexion \u00e0 soi.<\/li>\n<li>Journ\u00e9e<strong> \u00ab\u00a0Prendre soin de soi, du corps au psychisme\u00a0\u00bb<\/strong> (17 octobre, Centre social Empalot) : danse, yoga et table ronde sur le bien-\u00eatre.<\/li>\n<\/ul>\n<p>La musique, le jeu, la danse et la nature sont aussi \u00e0 l&rsquo;honneur, comme le <strong>Musicobus<\/strong> ou la balade urbaine <strong>\u00ab\u00a0Un pas vers l&rsquo;autre, un pas vers soi\u00a0\u00bb<\/strong> (11 octobre, d\u00e9part aux Argoulets), pour rappeler que le mouvement est souvent le premier pas vers soi&#8230; et vers les autres.<\/p>\n<p>Des expositions et spectacles pour voir autrement<\/p>\n<p>Tout au long du mois, sept expositions dans cinq lieux toulousains inviteront \u00e0 explorer la sant\u00e9 mentale par l&rsquo;art :<\/p>\n<ul>\n<li><strong>\u00ab\u00a0Tous ensemble\u00a0\u00bb <\/strong>(6 au 10 octobre, Communaut\u00e9 municipale de sant\u00e9),<\/li>\n<li><strong>\u00ab\u00a0Quand le soin rencontre la mati\u00e8re\u00a0\u00bb <\/strong>(13 au 24 octobre),<\/li>\n<li><strong>\u00ab\u00a0Liens\u00a0\u00bb <\/strong>et <strong>\u00ab\u00a0Envoy\u00e9 de l&rsquo;int\u00e9rieur\u00a0\u00bb <\/strong>(tout octobre, La Turbine),<\/li>\n<li><strong>\u00ab\u00a0D\u00e9fis modes\u00a0\u00bb <\/strong>(Caf\u00e9 &amp; Co, Soupetard),<\/li>\n<li><strong>\u00ab\u00a0\u00c0 mains nues, \u00e0 c\u0153urs joints\u00a0\u00bb<\/strong> (Adoma &#8211; Pension de Famille Maheu),<\/li>\n<li><strong>\u00ab\u00a0Les voix suspendues\u00a0\u00bb <\/strong>(La P&rsquo;tite Fabrique).<\/li>\n<\/ul>\n<p>L&rsquo;art devient ainsi support de rencontre et d&rsquo;\u00e9motion partag\u00e9e, prolongeant le th\u00e8me central du lien social. Avec cette d\u00e9marche <strong>collective et accessible<\/strong>, les organisateurs esp\u00e8rent faire tomber les barri\u00e8res : entre soignants et usagers, familles set institutions, curieux et concern\u00e9s.<\/p>\n<p>&gt;&gt; Infos pratiques :<\/p>\n<p>L&rsquo;ensemble du programme des Semaines d&rsquo;Information sur la Sant\u00e9 Mentale est \u00e0 retrouver \u00e0 sur le site de Toulouse M\u00e9tropole : metropole.toulouse.fr.<\/p>\n<p>&gt;&gt; \u00c0 LIRE AUSSI : <a href=\"https:\/\/lopinion.com\/articles\/sante\/30464_grippe-saisonniere-covid-19-vaccination-toulouse\" rel=\"noopener noreferrer nofollow\" target=\"_blank\">Grippe saisonni\u00e8re et Covid-19 : la campagne de vaccination d\u00e9bute prochainement \u00e0 Toulouse<\/a><\/p>\n","protected":false},"excerpt":{"rendered":"Un rendez-vous pour changer le regard. Organis\u00e9es par la Mairie de Toulouse, le Conseil Local de Sant\u00e9 Mentale&hellip;\n","protected":false},"author":2,"featured_media":443811,"comment_status":"","ping_status":"","sticky":false,"template":"","format":"standard","meta":{"footnotes":""},"categories":[2816],"tags":[1111,11,1777,674,1011,27,12,2680,25,2312],"class_list":{"0":"post-443810","1":"post","2":"type-post","3":"status-publish","4":"format-standard","5":"has-post-thumbnail","7":"category-toulouse","8":"tag-actu","9":"tag-actualites","10":"tag-eu","11":"tag-europe","12":"tag-fr","13":"tag-france","14":"tag-news","15":"tag-occitanie","16":"tag-republique-francaise","17":"tag-toulouse"},"share_on_mastodon":{"url":"https:\/\/pubeurope.com\/@fr\/115329572750176407","error":""},"_links":{"self":[{"href":"https:\/\/www.europesays.com\/fr\/wp-json\/wp\/v2\/posts\/443810","targetHints":{"allow":["GET"]}}],"collection":[{"href":"https:\/\/www.europesays.com\/fr\/wp-json\/wp\/v2\/posts"}],"about":[{"href":"https:\/\/www.europesays.com\/fr\/wp-json\/wp\/v2\/types\/post"}],"author":[{"embeddable":true,"href":"https:\/\/www.europesays.com\/fr\/wp-json\/wp\/v2\/users\/2"}],"replies":[{"embeddable":true,"href":"https:\/\/www.europesays.com\/fr\/wp-json\/wp\/v2\/comments?post=443810"}],"version-history":[{"count":0,"href":"https:\/\/www.europesays.com\/fr\/wp-json\/wp\/v2\/posts\/443810\/revisions"}],"wp:featuredmedia":[{"embeddable":true,"href":"https:\/\/www.europesays.com\/fr\/wp-json\/wp\/v2\/media\/443811"}],"wp:attachment":[{"href":"https:\/\/www.europesays.com\/fr\/wp-json\/wp\/v2\/media?parent=443810"}],"wp:term":[{"taxonomy":"category","embeddable":true,"href":"https:\/\/www.europesays.com\/fr\/wp-json\/wp\/v2\/categories?post=443810"},{"taxonomy":"post_tag","embeddable":true,"href":"https:\/\/www.europesays.com\/fr\/wp-json\/wp\/v2\/tags?post=443810"}],"curies":[{"name":"wp","href":"https:\/\/api.w.org\/{rel}","templated":true}]}}