{"id":443822,"date":"2025-10-06T22:32:19","date_gmt":"2025-10-06T22:32:19","guid":{"rendered":"https:\/\/www.europesays.com\/fr\/443822\/"},"modified":"2025-10-06T22:32:19","modified_gmt":"2025-10-06T22:32:19","slug":"deux-hommes-tirent-sur-la-porte-dun-appartement-et-sechappent-en-trottinette","status":"publish","type":"post","link":"https:\/\/www.europesays.com\/fr\/443822\/","title":{"rendered":"deux hommes tirent sur la porte d\u2019un appartement et s\u2019\u00e9chappent en trottinette"},"content":{"rendered":"<p itemprop=\"description\"><strong>Deux individus circulant sur une trottinette ont ouvert le feu sur la porte d\u2019un logement du quartier des \u00c9tats-Unis, \u00e0 Lyon.<\/strong><\/p>\n<p>Les coups de feu ont retenti vers 3 heures du matin, dans la nuit du dimanche 5 au lundi 6 octobre, rue Ludovic-Arrachart, dans le 8e arrondissement de Lyon.<\/p>\n<p>Selon le Progr\u00e8s, deux hommes arriv\u00e9s sur une trottinette \u00e9lectrique auraient forc\u00e9 l\u2019entr\u00e9e d\u2019un immeuble avant de tirer \u00e0 deux reprises sur la porte d\u2019un appartement.<\/p>\n<p>Si les projectiles ont endommag\u00e9 le bas de la porte, aucune victime n\u2019a \u00e9t\u00e9 signal\u00e9e. Les tireurs ont pris la fuite imm\u00e9diatement apr\u00e8s les faits.<\/p>\n<p>Une enqu\u00eate a \u00e9t\u00e9 ouverte afin de les identifier et de d\u00e9terminer les motivations de cette attaque.<\/p>\n","protected":false},"excerpt":{"rendered":"Deux individus circulant sur une trottinette ont ouvert le feu sur la porte d\u2019un logement du quartier des&hellip;\n","protected":false},"author":2,"featured_media":443823,"comment_status":"","ping_status":"","sticky":false,"template":"","format":"standard","meta":{"footnotes":""},"categories":[1889],"tags":[1111,11,2813,2190,2430,1109,251,1112,2811,1777,674,118,1011,27,1922,1110,1114,2428,2810,12,241,316,25,2812,517,800],"class_list":{"0":"post-443822","1":"post","2":"type-post","3":"status-publish","4":"format-standard","5":"has-post-thumbnail","7":"category-lyon","8":"tag-actu","9":"tag-actualites","10":"tag-article","11":"tag-asvel","12":"tag-auvergne-rhone-alpes","13":"tag-breves","14":"tag-culture","15":"tag-depeches","16":"tag-economique","17":"tag-eu","18":"tag-europe","19":"tag-faits-divers","20":"tag-fr","21":"tag-france","22":"tag-info","23":"tag-informations","24":"tag-infos","25":"tag-lyon","26":"tag-lyonmag","27":"tag-news","28":"tag-ol","29":"tag-politique","30":"tag-republique-francaise","31":"tag-sociale","32":"tag-sport","33":"tag-transports"},"share_on_mastodon":{"url":"https:\/\/pubeurope.com\/@fr\/115329600271906605","error":""},"_links":{"self":[{"href":"https:\/\/www.europesays.com\/fr\/wp-json\/wp\/v2\/posts\/443822","targetHints":{"allow":["GET"]}}],"collection":[{"href":"https:\/\/www.europesays.com\/fr\/wp-json\/wp\/v2\/posts"}],"about":[{"href":"https:\/\/www.europesays.com\/fr\/wp-json\/wp\/v2\/types\/post"}],"author":[{"embeddable":true,"href":"https:\/\/www.europesays.com\/fr\/wp-json\/wp\/v2\/users\/2"}],"replies":[{"embeddable":true,"href":"https:\/\/www.europesays.com\/fr\/wp-json\/wp\/v2\/comments?post=443822"}],"version-history":[{"count":0,"href":"https:\/\/www.europesays.com\/fr\/wp-json\/wp\/v2\/posts\/443822\/revisions"}],"wp:featuredmedia":[{"embeddable":true,"href":"https:\/\/www.europesays.com\/fr\/wp-json\/wp\/v2\/media\/443823"}],"wp:attachment":[{"href":"https:\/\/www.europesays.com\/fr\/wp-json\/wp\/v2\/media?parent=443822"}],"wp:term":[{"taxonomy":"category","embeddable":true,"href":"https:\/\/www.europesays.com\/fr\/wp-json\/wp\/v2\/categories?post=443822"},{"taxonomy":"post_tag","embeddable":true,"href":"https:\/\/www.europesays.com\/fr\/wp-json\/wp\/v2\/tags?post=443822"}],"curies":[{"name":"wp","href":"https:\/\/api.w.org\/{rel}","templated":true}]}}