{"id":443824,"date":"2025-10-06T22:33:20","date_gmt":"2025-10-06T22:33:20","guid":{"rendered":"https:\/\/www.europesays.com\/fr\/443824\/"},"modified":"2025-10-06T22:33:20","modified_gmt":"2025-10-06T22:33:20","slug":"glassauto-franchit-le-cap-des-400-centres-et-poursuit-son-expansion","status":"publish","type":"post","link":"https:\/\/www.europesays.com\/fr\/443824\/","title":{"rendered":"GlassAuto franchit le cap des 400 centres et poursuit son expansion"},"content":{"rendered":"<p>                                                        <img loading=\"lazy\" decoding=\"async\" width=\"1024\" height=\"1024\" src=\"data:image\/svg+xml,%3Csvg%20xmlns=\" http:=\"\" class=\"thumb img-responsive m-x-auto block w-full\" alt=\"lyon entreprises glass auto\" caption=\"\" data-lazy-src=\"https:\/\/www.europesays.com\/fr\/wp-content\/uploads\/2025\/10\/lyon-entreprises-glass-auto.png\"\/><\/p>\n<p class=\"ez-toc-title ez-toc-toggle\" style=\"cursor: pointer\">Sommaire &amp; acc\u00e8s rapide<\/p>\n<p><a href=\"#\" class=\"ez-toc-pull-right ez-toc-btn ez-toc-btn-xs ez-toc-btn-default ez-toc-toggle\" aria-label=\"Toggle Table of Content\">Toggle<\/a><\/p>\n<p><strong>Implant\u00e9e \u00e0 Jonage, en r\u00e9gion Auvergne-Rh\u00f4ne-Alpes, l\u2019enseigne GlassAuto confirme sa dynamique de croissance avec l\u2019ouverture de 35 nouveaux centres sur le premier semestre 2025. Forte de plus de 400 implantations, elle consolide sa position sur le march\u00e9 national du vitrage automobile.<\/strong><\/p>\n<p>Une croissance soutenue et un maillage territorial renforc\u00e9<\/p>\n<p>Apr\u00e8s une ann\u00e9e 2024 marqu\u00e9e par l\u2019ouverture de 70 centres, GlassAuto poursuit sur sa lanc\u00e9e et franchit un nouveau cap. Avec d\u00e9sormais plus de 400 centres r\u00e9partis sur l\u2019ensemble du territoire, le r\u00e9seau se positionne comme un acteur incontournable du vitrage automobile, partenaire privil\u00e9gi\u00e9 des compagnies d\u2019assurances et des mutuelles.<\/p>\n<p>Ce d\u00e9veloppement s\u2019inscrit dans une strat\u00e9gie de proximit\u00e9 visant \u00e0 offrir une couverture nationale compl\u00e8te et un service homog\u00e8ne \u00e0 tous les assur\u00e9s.<\/p>\n<p>Des services renforc\u00e9s pour les partenaires et les clients<\/p>\n<p>Au-del\u00e0 de son expansion g\u00e9ographique, GlassAuto d\u00e9ploie de nouvelles solutions au service de ses centres :<\/p>\n<ul>\n<li>Obtention d\u2019agr\u00e9ments aupr\u00e8s des assurances et mutuelles compl\u00e9mentaires,<\/li>\n<li>\u00c9largissement du portefeuille de clients Grands Comptes,<\/li>\n<li>Attribution du Label <strong>\u00ab Enseigne Responsable \u00bb<\/strong>,<\/li>\n<li>Mise en place d\u2019outils de cr\u00e9ation de trafic innovants.<\/li>\n<\/ul>\n<p>Ces initiatives confirment la volont\u00e9 du r\u00e9seau de s\u2019inscrire dans une d\u00e9marche qualitative et responsable, au service des automobilistes et des professionnels.<\/p>\n<p>Une pr\u00e9sence remarqu\u00e9e au salon Equip\u2019Auto<\/p>\n<p>Pour la premi\u00e8re fois, GlassAuto participera au salon <strong>Equip\u2019Auto<\/strong>, rendez-vous incontournable des professionnels de l\u2019apr\u00e8s-vente automobile, qui se tiendra du 14 au 18 octobre 2025 \u00e0 Paris Expo Porte de Versailles. L\u2019enseigne y pr\u00e9sentera son mod\u00e8le de d\u00e9veloppement et rencontrera ses futurs adh\u00e9rents ainsi que ses partenaires.<\/p>\n<p>Le stand C104, situ\u00e9 dans le Hall 3, accueillera les visiteurs dans une ambiance conviviale, fid\u00e8le \u00e0 la signature de la marque : \u00ab Quoi de mieux qu\u2019un caf\u00e9 pour briser la glace ? \u00bb<\/p>\n<p>Un acteur national au service des assureurs<\/p>\n<p>Cr\u00e9\u00e9e en 2003, GlassAuto regroupe des centres sp\u00e9cialis\u00e9s dans la r\u00e9paration et le remplacement de vitrages automobiles pour tous types de v\u00e9hicules. Agr\u00e9\u00e9e par la majorit\u00e9 des compagnies d\u2019assurances, l\u2019enseigne favorise une prise en charge simplifi\u00e9e et de qualit\u00e9 pour les assur\u00e9s.<\/p>\n<p>Cette strat\u00e9gie d\u2019expansion continue illustre la solidit\u00e9 du mod\u00e8le \u00e9conomique de GlassAuto et son engagement \u00e0 offrir des services performants et responsables, en phase avec les attentes du march\u00e9.<\/p>\n","protected":false},"excerpt":{"rendered":"Sommaire &amp; acc\u00e8s rapide Toggle Implant\u00e9e \u00e0 Jonage, en r\u00e9gion Auvergne-Rh\u00f4ne-Alpes, l\u2019enseigne GlassAuto confirme sa dynamique de croissance&hellip;\n","protected":false},"author":2,"featured_media":443825,"comment_status":"","ping_status":"","sticky":false,"template":"","format":"standard","meta":{"footnotes":""},"categories":[1889],"tags":[1111,11,2430,1777,674,1011,27,2428,12,25],"class_list":{"0":"post-443824","1":"post","2":"type-post","3":"status-publish","4":"format-standard","5":"has-post-thumbnail","7":"category-lyon","8":"tag-actu","9":"tag-actualites","10":"tag-auvergne-rhone-alpes","11":"tag-eu","12":"tag-europe","13":"tag-fr","14":"tag-france","15":"tag-lyon","16":"tag-news","17":"tag-republique-francaise"},"share_on_mastodon":{"url":"https:\/\/pubeurope.com\/@fr\/115329604307714721","error":""},"_links":{"self":[{"href":"https:\/\/www.europesays.com\/fr\/wp-json\/wp\/v2\/posts\/443824","targetHints":{"allow":["GET"]}}],"collection":[{"href":"https:\/\/www.europesays.com\/fr\/wp-json\/wp\/v2\/posts"}],"about":[{"href":"https:\/\/www.europesays.com\/fr\/wp-json\/wp\/v2\/types\/post"}],"author":[{"embeddable":true,"href":"https:\/\/www.europesays.com\/fr\/wp-json\/wp\/v2\/users\/2"}],"replies":[{"embeddable":true,"href":"https:\/\/www.europesays.com\/fr\/wp-json\/wp\/v2\/comments?post=443824"}],"version-history":[{"count":0,"href":"https:\/\/www.europesays.com\/fr\/wp-json\/wp\/v2\/posts\/443824\/revisions"}],"wp:featuredmedia":[{"embeddable":true,"href":"https:\/\/www.europesays.com\/fr\/wp-json\/wp\/v2\/media\/443825"}],"wp:attachment":[{"href":"https:\/\/www.europesays.com\/fr\/wp-json\/wp\/v2\/media?parent=443824"}],"wp:term":[{"taxonomy":"category","embeddable":true,"href":"https:\/\/www.europesays.com\/fr\/wp-json\/wp\/v2\/categories?post=443824"},{"taxonomy":"post_tag","embeddable":true,"href":"https:\/\/www.europesays.com\/fr\/wp-json\/wp\/v2\/tags?post=443824"}],"curies":[{"name":"wp","href":"https:\/\/api.w.org\/{rel}","templated":true}]}}