{"id":443833,"date":"2025-10-06T22:38:29","date_gmt":"2025-10-06T22:38:29","guid":{"rendered":"https:\/\/www.europesays.com\/fr\/443833\/"},"modified":"2025-10-06T22:38:29","modified_gmt":"2025-10-06T22:38:29","slug":"lundi-a-la-fashion-week-de-paris-miu-miu-coperni-et-thom-browne-2","status":"publish","type":"post","link":"https:\/\/www.europesays.com\/fr\/443833\/","title":{"rendered":"Lundi \u00e0 la Fashion Week de Paris : Miu Miu, Coperni et Thom Browne"},"content":{"rendered":"<p>\n                                        <b>Traduit par<\/b><br \/>\n                                        <br \/>Cecile Herrero\n                                    <\/p>\n<p>\n                                    <b>Publi\u00e9 le<\/b><br \/>\n                                    <\/p>\n<p>                                        6 octobre 2025<\/p>\n<p class=\"article-content col-md-8 offset-md-1\">\n                                Alors que Paris se pr\u00e9parait aux d\u00e9buts chez <a class=\"fnwAddLinks\" href=\"https:\/\/fr.fashionnetwork.com\/tags-chanel\" title=\"Chanel\" rel=\"nofollow noopener\" target=\"_blank\">Chanel<\/a>, trois cr\u00e9ateurs talentueux ont retenu l&rsquo;attention: Miuccia <a class=\"fnwAddLinks\" href=\"https:\/\/fr.fashionnetwork.com\/tags-prada\" title=\"Prada\" rel=\"nofollow noopener\" target=\"_blank\">Prada<\/a> avec son tablier chez <a class=\"fnwAddLinks\" href=\"https:\/\/fr.fashionnetwork.com\/tags-miu-miu\" title=\"Miu Miu\" rel=\"nofollow noopener\" target=\"_blank\">Miu Miu<\/a> ;<br \/>le chic r\u00e9g\u00e9n\u00e9ratif de <a class=\"fnwAddLinks\" href=\"https:\/\/fr.fashionnetwork.com\/tags-coperni\" title=\"Coperni\" rel=\"nofollow noopener\" target=\"_blank\">Coperni<\/a>, et <a class=\"fnwAddLinks\" href=\"https:\/\/fr.fashionnetwork.com\/tags-thom-browne\" title=\"Thom Browne\" rel=\"nofollow noopener\" target=\"_blank\">Thom Browne<\/a> pour un moment extraterrestre dans l\u2019ancien h\u00f4tel particulier de <a class=\"fnwAddLinks\" href=\"https:\/\/fr.fashionnetwork.com\/tags-karl-lagerfeld\" title=\"Karl Lagerfeld\" rel=\"nofollow noopener\" target=\"_blank\">Karl Lagerfeld<\/a>.<\/p>\n<p class=\"col-md-10 exergue\">Miu Miu : la lutte des classes \u00e0 travers les tabliers <\/p>\n<p>Il fallait <a class=\"fnwAddLinks\" href=\"https:\/\/fr.fashionnetwork.com\/tags-miuccia-prada\" title=\"Miuccia Prada\" rel=\"nofollow noopener\" target=\"_blank\">Miuccia Prada<\/a> pour prendre tout le monde au d\u00e9pourvu chez Miu Miu. Dans une saison d\u00e9di\u00e9e aux d\u00e9monstrations d&rsquo;opulence, elle a c\u00e9l\u00e9br\u00e9 les femmes et leur labeur.<\/p>\n<p><a class=\"btn btn-dark\" target=\"_blank\" href=\"https:\/\/fr.fashionnetwork.com\/galeries\/photos\/Miu-Miu,73520.html\" rel=\"nofollow noopener\">Voir le d\u00e9fil\u00e9<\/a><img decoding=\"async\" class=\"news-image\" style=\"width:100%;max-width:645px;\" src=\"https:\/\/www.europesays.com\/fr\/wp-content\/uploads\/2025\/10\/d0b6.jpg\" alt=\"Miu Miu - Printemps-\u00c9t\u00e9 2026 - V\u00eatements Femme - France - Paris\" loading=\"lazy\"\/>Miu Miu &#8211; Printemps-\u00c9t\u00e9 2026 &#8211; V\u00eatements Femme &#8211; France &#8211; Paris &#8211; \u00a9Launchmetrics\/spotlight<\/p>\n<p class=\"col-md-8 offset-md-1 article-content--texte\">V\u00eatement phare du d\u00e9fil\u00e9, le tablier s\u2019est d\u00e9clin\u00e9 dans des dizaines de variations\u202f: transform\u00e9 en robes dos nu avec des soutiens-gorge fa\u00e7on torchon ou de minuscules d\u00e9bardeurs\u202f; recouvert de clous et de mini-miroirs\u202f; ou r\u00e9interpr\u00e9t\u00e9 en tablier de charpentier, comme des ceintures de smoking industrielles.<\/p>\n<p>Le show s\u2019ouvrait sur des tabliers en coton brut port\u00e9s sur des donkey jackets de mineurs ou des vestes en cuir \u00e9rafl\u00e9es \u2013 un incontournable Miu Miu \u2013 associ\u00e9s \u00e0 des pantalons \u00e9pais et de lourdes bottes. Une mode d\u2019atelier.<\/p>\n<p class=\"col-md-8 offset-md-1 article-content--texte\">L&rsquo;ambiance allait de la femme au foyer \u00e0 la femme de m\u00e9nage, avec des blouses cache-poussi\u00e8re portefeuille \u00e0 fleurs ou des robes d&rsquo;int\u00e9rieur, r\u00e9alis\u00e9es dans de jolis imprim\u00e9s de fleurs de prairie.<\/p>\n<p>Dans un d\u00e9fil\u00e9 mixte, l&rsquo;acteur Richard E. Grant a d\u00e9fil\u00e9 en pantalon d&rsquo;ouvrier, pull torsad\u00e9 et tablier en cuir, tel un dandy contrema\u00eetre dans une usine automobile. D&rsquo;autres hommes sont apparus en tabliers \u00e0 volants, en cuir us\u00e9 qui semblait provenir de la banquette arri\u00e8re d&rsquo;une vieille Ford Zephyr.<\/p>\n<p><a class=\"btn btn-dark\" target=\"_blank\" href=\"https:\/\/fr.fashionnetwork.com\/galeries\/photos\/Miu-Miu,73520.html\" rel=\"nofollow noopener\">Voir le d\u00e9fil\u00e9<\/a><img decoding=\"async\" class=\"news-image\" style=\"width:100%;max-width:645px;\" src=\"https:\/\/www.europesays.com\/fr\/wp-content\/uploads\/2025\/10\/d362.jpg\" alt=\"Miu Miu - Printemps-\u00c9t\u00e9 2026 - V\u00eatements Femme - France - Paris\" loading=\"lazy\"\/>Miu Miu &#8211; Printemps-\u00c9t\u00e9 2026 &#8211; V\u00eatements Femme &#8211; France &#8211; Paris &#8211; \u00a9Launchmetrics\/spotlight<\/p>\n<p class=\"col-md-8 offset-md-1 article-content--texte\">Les coiffures des mannequins, toutes fris\u00e9es fa\u00e7on Brillo \u2013 comme malmen\u00e9es \u2013, s\u2019inspiraient de photos des ann\u00e9es 1950 de femmes au foyer en petits tabliers fleuris.<\/p>\n<p>\u00ab\u00a0Les tabliers sont profond\u00e9ment ancr\u00e9s dans notre histoire. Un tablier indique que vous travaillez, ce qui est d\u00e9j\u00e0 une bonne chose. Le tablier est mon v\u00eatement pr\u00e9f\u00e9r\u00e9 en g\u00e9n\u00e9ral. Il contient la vie difficile et la souffrance des femmes dans l&rsquo;histoire \u2013 de l&rsquo;usine \u00e0 la maison. Dans la mode, on parle trop de glamour et de gens riches. Mais il faut reconna\u00eetre que pour la plupart des gens, la vie est tr\u00e8s diff\u00e9rente, et difficile. C&rsquo;\u00e9tait le moment d&rsquo;aborder ce sujet\u00a0\u00bb, a d\u00e9clar\u00e9 Miuccia, entour\u00e9e d&rsquo;une vingtaine de r\u00e9dacteurs arm\u00e9s de smartphones.<\/p>\n<p>Un soup\u00e7on de lutte des classes s&rsquo;est fait sentir tout au long du d\u00e9fil\u00e9. Les invit\u00e9s \u00e9taient assis \u00e0 des tables, comme dans une cantine d&rsquo;usine. On notait toutefois une bonne dose de grivoiserie \u2013 des femmes au foyer en tabliers semi-transparents pour mieux r\u00e9v\u00e9ler la lingerie \u2013 jusqu&rsquo;\u00e0 une s\u00e9rie tout en noir, en dentelle transparente. Clin d\u2019\u0153il au \u00ab\u00a0Journal d&rsquo;une femme de chambre\u00a0\u00bb de Luis Bu\u00f1uel, o\u00f9 Jeanne Moreau se venge d&rsquo;un tueur de province dans ce classique satirique antibourgeois.<\/p>\n<p>\u00ab\u00a0J&rsquo;ai mis toute ma passion dans ce d\u00e9fil\u00e9, et j&rsquo;ai eu tr\u00e8s peur. Mais il semble que tout se soit bien pass\u00e9 !\u00a0\u00bb a-t-elle souri, manifestement satisfaite de son audace et de sa capacit\u00e9 unique \u00e0 prendre des risques sur le fil du rasoir.<\/p>\n<p>Et, apr\u00e8s son excellent d\u00e9fil\u00e9 chez Prada, un rappel que Miuccia Prada demeure, aujourd\u2019hui encore, la cr\u00e9atrice la plus influente de la mode.<\/p>\n<p class=\"col-md-10 exergue\">Coperni: la mode r\u00e9g\u00e9n\u00e9rative r\u00e8gne, OK ?<\/p>\n<p>Coperni a sign\u00e9 une nouvelle premi\u00e8re lundi midi \u00e0 Paris, en pr\u00e9sentant une collection fond\u00e9e sur des v\u00eatements qui nourrissent la peau.<\/p>\n<p><a class=\"btn btn-dark\" target=\"_blank\" href=\"https:\/\/fr.fashionnetwork.com\/galeries\/photos\/Coperni,73529.html\" rel=\"nofollow noopener\">Voir le d\u00e9fil\u00e9<\/a><img decoding=\"async\" class=\"news-image\" style=\"width:100%;max-width:645px;\" src=\"https:\/\/www.europesays.com\/fr\/wp-content\/uploads\/2025\/10\/b0d6.jpg\" alt=\"Coperni - Printemps-\u00c9t\u00e9 2026 - V\u00eatements Femme - France - Paris\" loading=\"lazy\"\/>Coperni &#8211; Printemps-\u00c9t\u00e9 2026 &#8211; V\u00eatements Femme &#8211; France &#8211; Paris &#8211; \u00a9Launchmetrics\/spotlight<\/p>\n<p class=\"col-md-8 offset-md-1 article-content--texte\">Bas\u00e9e sur le concept de mode r\u00e9g\u00e9n\u00e9rative, une capsule de trois looks a \u00e9t\u00e9 r\u00e9alis\u00e9e dans des tissus extensibles contenant des pr\u00e9biotiques et des probiotiques, une matrice 100% biosourc\u00e9e qui r\u00e9pare la peau et la soutient.<\/p>\n<p>Cr\u00e9\u00e9s avec HeiQ Skin Care, les leggings, tops et d\u00e9bardeurs de cette capsule s&rsquo;appellent Coperni C+ et forment la base d&rsquo;une collection nette et pr\u00e9cise, pr\u00e9sent\u00e9e \u00e0 l&rsquo;int\u00e9rieur du <a class=\"fnwAddLinks\" href=\"https:\/\/fr.fashionnetwork.com\/tags-centre-pompidou\" title=\"Centre Pompidou\" rel=\"nofollow noopener\" target=\"_blank\">Centre Pompidou<\/a>.<\/p>\n<p>Les cr\u00e9ateurs de Coperni, <a class=\"fnwAddLinks\" href=\"https:\/\/fr.fashionnetwork.com\/tags-sebastien-meyer\" title=\"S\u00e9bastien Meyer\" rel=\"nofollow noopener\" target=\"_blank\">S\u00e9bastien Meyer<\/a> et <a class=\"fnwAddLinks\" href=\"https:\/\/fr.fashionnetwork.com\/tags-arnaud-vaillant\" title=\"Arnaud Vaillant\" rel=\"nofollow noopener\" target=\"_blank\">Arnaud Vaillant<\/a>, sont c\u00e9l\u00e8bres pour leurs mises en sc\u00e8ne th\u00e9\u00e2trales \u2013 de la robe pulv\u00e9ris\u00e9e en direct sur <a class=\"fnwAddLinks\" href=\"https:\/\/fr.fashionnetwork.com\/tags-bella-hadid\" title=\"Bella Hadid\" rel=\"nofollow noopener\" target=\"_blank\">Bella Hadid<\/a> aux chiens robots. Cette saison, ils se sont concentr\u00e9s sur l&rsquo;id\u00e9e que \u00ab\u00a0la mode doit aussi nourrir les femmes\u00a0\u00bb, a expliqu\u00e9 S\u00e9bastien\u00a0Meyer, visiblement \u00e9mu, dans les coulisses.<\/p>\n<p>En plus de leurs pi\u00e8ces r\u00e9g\u00e9n\u00e9ratives, ils ont pr\u00e9sent\u00e9 des vestes techniques de surv\u00eatement fusel\u00e9es \u00e0 col eccl\u00e9siastique\u202f; des coupe-vent retourn\u00e9s en mini-jupes cocon\u202f; et des blazers masculins parfaitement coup\u00e9s port\u00e9s avec des shorts. Les mannequins portaient un trio de superbes blousons de motard effet cuir brut, en r\u00e9alit\u00e9 fabriqu\u00e9s en cuir de champignon. Et de nouvelles jupes longues spectaculaires \u00e0 double zip frontal, r\u00e9v\u00e9lant beaucoup de jambe.<\/p>\n<p><a class=\"btn btn-dark\" target=\"_blank\" href=\"https:\/\/fr.fashionnetwork.com\/galeries\/photos\/Coperni,73529.html\" rel=\"nofollow noopener\">Voir le d\u00e9fil\u00e9<\/a><img decoding=\"async\" class=\"news-image\" style=\"width:100%;max-width:645px;\" src=\"https:\/\/www.europesays.com\/fr\/wp-content\/uploads\/2025\/10\/1aed.jpg\" alt=\"Coperni - Printemps-\u00c9t\u00e9 2026 - V\u00eatements Femme - France - Paris\" loading=\"lazy\"\/>Coperni &#8211; Printemps-\u00c9t\u00e9 2026 &#8211; V\u00eatements Femme &#8211; France &#8211; Paris &#8211; \u00a9Launchmetrics\/spotlight<\/p>\n<p class=\"col-md-8 offset-md-1 article-content--texte\">Les mannequins filaient autour du plateau circulaire \u2013 les pieds chauss\u00e9s de superbes nouvelles sandales qui semblaient avoir pouss\u00e9 de mani\u00e8re biomorphique sur leurs pieds.<\/p>\n<p>Les accessoires jouaient \u00e9galement l\u2019id\u00e9e du bien-\u00eatre, avec des amulettes, des boucles d&rsquo;oreilles, des pendentifs et m\u00eame un sac \u2013 en jade ou en lapis-lazuli. La plupart portaient des ceintures ergonomiques et des porte-smartphones, renfor\u00e7ant l&rsquo;impression de femmes actives press\u00e9es, en route vers la salle de sport ou le travail. La bande-son enfon\u00e7ait le clou: Kate Bush chantant \u00e0 tue-t\u00eate \u00ab\u00a0This <a class=\"fnwAddLinks\" href=\"https:\/\/fr.fashionnetwork.com\/tags-woman\" title=\"Woman\" rel=\"nofollow noopener\" target=\"_blank\">Woman<\/a>&lsquo;s Work\u00a0\u00bb.<\/p>\n<p>Les mannequins \u2013 cheveux gomin\u00e9s en arri\u00e8re puis torsad\u00e9s en petites pointes \u2013 ont manifestement ador\u00e9 les v\u00eatements, et on les comprend: les silhouettes paraissaient nettes, chics, sportives et souvent magnifiques.<\/p>\n<p>Une excellente collection, et une le\u00e7on salutaire sur les vertus de la retenue et de la discipline dans la mode.<\/p>\n<p class=\"col-md-10 exergue\">Thom Browne : des extraterrestres dans l&rsquo;ancien h\u00f4tel particulier de Karl<\/p>\n<p>Les extraterrestres arrivent, les extraterrestres arrivent, et ils ont atterri dans l&rsquo;h\u00f4tel particulier de Karl Lagerfeld pour y rafler de superbes pi\u00e8ces sign\u00e9es Thom Browne.<\/p>\n<p><img decoding=\"async\" class=\"news-image\" style=\"width:100%;max-width:726px;\" src=\"https:\/\/www.europesays.com\/fr\/wp-content\/uploads\/2025\/10\/9665.jpg\" alt=\"Collection Thom Browne printemps\/\u00e9t\u00e9 2026 \u00e0 Paris\" loading=\"lazy\"\/>Collection Thom Browne printemps\/\u00e9t\u00e9 2026 \u00e0 Paris &#8211; FashionNetwork.com<\/p>\n<p class=\"col-md-8 offset-md-1 article-content--texte\">La musique de \u00ab\u00a0Rencontres du troisi\u00e8me type\u00a0\u00bb a ouvert le d\u00e9fil\u00e9, celle de Doctor Who l&rsquo;a cl\u00f4tur\u00e9. Le premier mannequin est apparu avec une t\u00eate verte d\u2019extraterrestre. Elle portait l&rsquo;un des costumes classiques en flanelle grise de Thom Browne, sauf qu&rsquo;il lui avait pouss\u00e9 six manches et autant de jambes.<\/p>\n<p>La base de l&rsquo;esth\u00e9tique de Thom Browne, c\u2019est le costume d&rsquo;entreprise gris r\u00e9tro. Mais il en tire un parti infini. Cette saison, il a coup\u00e9 de magnifiques mini-vestes dans toutes sortes de tissus, qu&rsquo;il a visiblement d\u00e9velopp\u00e9s lui-m\u00eame avec beaucoup d&rsquo;amour: tweed saphir d\u00e9grad\u00e9, rayures de coton vert menthe, seersucker gris p\u00e2le.<\/p>\n<p><img decoding=\"async\" class=\"news-image\" style=\"width:100%;max-width:726px;\" src=\"https:\/\/www.europesays.com\/fr\/wp-content\/uploads\/2025\/10\/27df.jpg\" alt=\"Collection Thom Browne printemps\/\u00e9t\u00e9 2026 \u00e0 Paris\" loading=\"lazy\"\/>Collection Thom Browne printemps\/\u00e9t\u00e9 2026 \u00e0 Paris &#8211; FashionNetwork.com<\/p>\n<p class=\"col-md-8 offset-md-1 article-content--texte\">Il a jou\u00e9 avec fougue de son embl\u00e9matique motif \u00e0 quatre bandes. Il a transform\u00e9 ce qui ressemblait \u00e0 des chaussettes montantes et \u00e0 des bottes de boxe en de superbes nouvelles bottes en daim. Et il cultive toujours le th\u00e8me du cricket \u2013 avec de beaux blazers et de magnifiques pulls en intarsia.<\/p>\n<p>Chaque mannequin portait de minuscules panneaux \u00e0 LED affichant le num\u00e9ro de son look. Puis Thom Browne est pass\u00e9 \u00e0 la vitesse sup\u00e9rieure avec des superpositions \u00e0 gogo: chemise blanche, cravate de club, petite veste, manteau ou blouson universitaire \u2013 le tout en un seul look.<\/p>\n<p>Trop n&rsquo;est jamais trop dans l&rsquo;univers de Thom Browne, qui a \u00e9t\u00e9 applaudi \u00e0 tout rompre lors du final. Avant que ses invit\u00e9s ne sortent d\u00e9couvrir deux mannequins en costume de \u00ab\u00a0La Quatri\u00e8me Dimension\u00a0\u00bb install\u00e9s sur un podium dans la cour du XVIIe si\u00e8cle, gard\u00e9s par trois extraterrestres.<\/p>\n<p>Karl, on s&rsquo;en doute, aurait \u00e9galement ador\u00e9 cette image.\n                            <\/p>\n<p>\n                                Cet article est une traduction automatique.<br \/>\n                                    <a href=\"https:\/\/ww.fashionnetwork.com\/news\/Paris-fashion-week-monday-miu-miu-coperni-and-thom-browne,1770982.html\" rel=\"nofollow noopener\" target=\"_blank\">Cliquez ici<\/a> pour consulter l&rsquo;article d&rsquo;origine.\n                            <\/p>\n<p>\n                                Tous droits de reproduction et de repr\u00e9sentation r\u00e9serv\u00e9s.<br \/>\u00a9 2025 FashionNetwork.com\n                            <\/p>\n","protected":false},"excerpt":{"rendered":"Traduit par Cecile Herrero Publi\u00e9 le 6 octobre 2025 Alors que Paris se pr\u00e9parait aux d\u00e9buts chez Chanel,&hellip;\n","protected":false},"author":2,"featured_media":443832,"comment_status":"","ping_status":"","sticky":false,"template":"","format":"standard","meta":{"footnotes":""},"categories":[1888],"tags":[11,57018,2424,21268,4223,1890,537,57015,2423,1777,674,1011,27,35057,2425,57014,34713,57013,985,57016,12,2298,626,30168,4767,2426,2427,25,2421,57017,2422,38299,6869],"class_list":{"0":"post-443833","1":"post","2":"type-post","3":"status-publish","4":"format-standard","5":"has-post-thumbnail","7":"category-paris","8":"tag-actualites","9":"tag-arnaud-vaillant","10":"tag-beaute","11":"tag-bella-hadid","12":"tag-centre-pompidou","13":"tag-chanel","14":"tag-contact","15":"tag-coperni","16":"tag-cosmetiques","17":"tag-eu","18":"tag-europe","19":"tag-fr","20":"tag-france","21":"tag-karl-lagerfeld","22":"tag-luxe","23":"tag-miss-grant","24":"tag-miu-miu","25":"tag-miuccia-prada","26":"tag-mode","27":"tag-moreau-paris","28":"tag-news","29":"tag-parfum","30":"tag-paris","31":"tag-prada","32":"tag-printemps","33":"tag-professionnel","34":"tag-professionnels","35":"tag-republique-francaise","36":"tag-reseau","37":"tag-sebastien-meyer","38":"tag-textile","39":"tag-thom-browne","40":"tag-woman"},"share_on_mastodon":{"url":"https:\/\/pubeurope.com\/@fr\/115329624596808767","error":""},"_links":{"self":[{"href":"https:\/\/www.europesays.com\/fr\/wp-json\/wp\/v2\/posts\/443833","targetHints":{"allow":["GET"]}}],"collection":[{"href":"https:\/\/www.europesays.com\/fr\/wp-json\/wp\/v2\/posts"}],"about":[{"href":"https:\/\/www.europesays.com\/fr\/wp-json\/wp\/v2\/types\/post"}],"author":[{"embeddable":true,"href":"https:\/\/www.europesays.com\/fr\/wp-json\/wp\/v2\/users\/2"}],"replies":[{"embeddable":true,"href":"https:\/\/www.europesays.com\/fr\/wp-json\/wp\/v2\/comments?post=443833"}],"version-history":[{"count":0,"href":"https:\/\/www.europesays.com\/fr\/wp-json\/wp\/v2\/posts\/443833\/revisions"}],"wp:featuredmedia":[{"embeddable":true,"href":"https:\/\/www.europesays.com\/fr\/wp-json\/wp\/v2\/media\/443832"}],"wp:attachment":[{"href":"https:\/\/www.europesays.com\/fr\/wp-json\/wp\/v2\/media?parent=443833"}],"wp:term":[{"taxonomy":"category","embeddable":true,"href":"https:\/\/www.europesays.com\/fr\/wp-json\/wp\/v2\/categories?post=443833"},{"taxonomy":"post_tag","embeddable":true,"href":"https:\/\/www.europesays.com\/fr\/wp-json\/wp\/v2\/tags?post=443833"}],"curies":[{"name":"wp","href":"https:\/\/api.w.org\/{rel}","templated":true}]}}