{"id":443840,"date":"2025-10-06T22:42:16","date_gmt":"2025-10-06T22:42:16","guid":{"rendered":"https:\/\/www.europesays.com\/fr\/443840\/"},"modified":"2025-10-06T22:42:16","modified_gmt":"2025-10-06T22:42:16","slug":"donald-trump-affirme-quil-pourrait-instaurer-un-etat-durgence-pour-envoyer-larmee-dans-des-villes-americaines","status":"publish","type":"post","link":"https:\/\/www.europesays.com\/fr\/443840\/","title":{"rendered":"Donald Trump affirme qu&rsquo;il pourrait instaurer un \u00e9tat d&rsquo;urgence pour envoyer l&rsquo;arm\u00e9e dans des villes am\u00e9ricaines"},"content":{"rendered":"\n<p class=\"c-chapo \">\n  A dessein, le pr\u00e9sident am\u00e9ricain a rappel\u00e9 l&rsquo;existence d&rsquo;une loi du XIXe si\u00e8cle pour mobiliser certaines forces arm\u00e9es dans des contextes exceptionnels.\n<\/p>\n<p>      lire plus tard<\/p>\n<p id=\"dialog__title\" class=\"dialog__title\">Pour sauvegarder cet article, connectez-vous ou cr\u00e9ez un compte franceinfo<\/p>\n<p class=\"dialog__description\">Sans paiement. Sans abonnement.<\/p>\n<p>        Fermer la fen\u00eatre d\u2019activation des notifications France Info<\/p>\n<p>      cr\u00e9er votre compte<\/p>\n<p>      se connecter<\/p>\n<p>        Fermer la fen\u00eatre de pr\u00e9sentation<\/p>\n<p>    <img loading=\"lazy\" decoding=\"async\" class=\"signature__image lazyload\" width=\"100\" height=\"100\" data- alt=\"\" src=\"https:\/\/www.europesays.com\/fr\/wp-content\/uploads\/2025\/05\/64a68815cd1a7_placeholder-36b69ec8.png\"\/><\/p>\n<p>    Publi\u00e9 le 07\/10\/2025 00:04<\/p>\n<p>      Mis \u00e0 jour le 07\/10\/2025 00:04<\/p>\n<p>        Temps de lecture : 1min<\/p>\n<p>    <img decoding=\"async\"  alt=\"Le pr\u00e9sident am\u00e9ricain, Donald Trump, lors d'un \u00e9change avec la presse \u00e0 la Maison Blanche, \u00e0 Washington, le 6 octobre 2025. (ANNA MONEYMAKER \/ GETTY IMAGES NORTH AMERICA \/ AFP)\" width=\"432\" height=\"243\" src=\"https:\/\/www.europesays.com\/fr\/wp-content\/uploads\/2025\/10\/063-2239631205-68e43c553fb88332012429.jpg\" fetchpriority=\"high\"\/><\/p>\n<p>      Le pr\u00e9sident am\u00e9ricain, Donald Trump, lors d&rsquo;un \u00e9change avec la presse \u00e0 la Maison Blanche, \u00e0 Washington, le 6 octobre 2025. (ANNA MONEYMAKER \/ GETTY IMAGES NORTH AMERICA \/ AFP)<\/p>\n<p>Une mise en garde \u00e0 destination des m\u00e9tropoles d\u00e9mocrates, plus que jamais dans le viseur de la Maison Blanche. <a href=\"https:\/\/www.franceinfo.fr\/monde\/usa\/presidentielle\/donald-trump\/\" rel=\"nofollow noopener\" target=\"_blank\">Donald Trump<\/a> a assur\u00e9 lundi 6 octobre qu&rsquo;il pourrait instaurer un \u00e9tat d&rsquo;urgence pour envoyer l&rsquo;arm\u00e9e dans des villes am\u00e9ricaines, apr\u00e8s avoir d\u00e9ploy\u00e9 des troupes dans plusieurs m\u00e9gapoles gouvern\u00e9es par des repr\u00e9sentants du Parti d\u00e9mocrate, contre l&rsquo;avis des \u00e9lus locaux et contre des d\u00e9cisions de justice.<\/p>\n<p>\u00ab\u00a0Il y a une raison pour laquelle nous avons le &lsquo;Insurrection Act&rsquo; (une loi de 1807 permettant aux pr\u00e9sidents am\u00e9ricains de mobiliser certaines forces arm\u00e9es dans des contextes exceptionnels). Si je devais l&rsquo;invoquer, je le ferais. Si des gens \u00e9taient tu\u00e9s et que les tribunaux nous retenaient ou que des gouverneurs ou des maires nous retenaient, bien s\u00fbr que je le ferais\u00a0\u00bb, a-t-il dit pendant un \u00e9change avec des journalistes dans le Bureau ovale.<\/p>\n<p>Samedi, le pr\u00e9sident am\u00e9ricain a sign\u00e9 <a href=\"https:\/\/www.franceinfo.fr\/monde\/usa\/donald-trump-signe-un-decret-autorisant-l-envoi-de-300-gardes-nationaux-a-chicago_7533076.html\" rel=\"nofollow noopener\" target=\"_blank\">un d\u00e9cret pour envoyer 300 gardes nationaux \u00e0 Chicago<\/a>. Le dirigeant r\u00e9publicain \u00ab\u00a0ne d\u00e9tournera pas le regard de l&rsquo;\u00e9tat de non-droit qui affecte les villes am\u00e9ricaines\u00a0\u00bb, a affirm\u00e9 sa porte-parole, Abigail Jackson. Cette annonce a \u00e9t\u00e9 vivement critiqu\u00e9e par le s\u00e9nateur d\u00e9mocrate de l&rsquo;Etat, Dick Durbin, qui l&rsquo;a jug\u00e9e totalement injustifi\u00e9e et a estim\u00e9 que le \u00ab\u00a0pr\u00e9sident ne cherche pas \u00e0 combattre la criminalit\u00e9, mais \u00e0 r\u00e9pandre la peur\u00a0\u00bb. Un\u00a0<a href=\"https:\/\/www.franceinfo.fr\/monde\/usa\/migrants-aux-etats-unis\/aux-etats-unis-l-oregon-intente-un-proces-pour-empecher-donald-trump-de-deployer-l-armee-a-portland_7520809.html\" rel=\"nofollow noopener\" target=\"_blank\">d\u00e9ploiement similaire \u00e0 Portland<\/a>\u00a0a toutefois \u00e9t\u00e9 bloqu\u00e9 \u00e0 titre temporaire, samedi, par une juge f\u00e9d\u00e9rale.<\/p>\n","protected":false},"excerpt":{"rendered":"A dessein, le pr\u00e9sident am\u00e9ricain a rappel\u00e9 l&rsquo;existence d&rsquo;une loi du XIXe si\u00e8cle pour mobiliser certaines forces arm\u00e9es&hellip;\n","protected":false},"author":2,"featured_media":443841,"comment_status":"","ping_status":"","sticky":false,"template":"","format":"standard","meta":{"footnotes":""},"categories":[1589],"tags":[11,73,1866,12,1864,1865,1863,308],"class_list":{"0":"post-443840","1":"post","2":"type-post","3":"status-publish","4":"format-standard","5":"has-post-thumbnail","7":"category-etats-unis","8":"tag-actualites","9":"tag-etats-unis","10":"tag-etats-unis-damerique","11":"tag-news","12":"tag-united-states","13":"tag-united-states-of-america","14":"tag-us","15":"tag-usa"},"share_on_mastodon":{"url":"https:\/\/pubeurope.com\/@fr\/115329639733411565","error":""},"_links":{"self":[{"href":"https:\/\/www.europesays.com\/fr\/wp-json\/wp\/v2\/posts\/443840","targetHints":{"allow":["GET"]}}],"collection":[{"href":"https:\/\/www.europesays.com\/fr\/wp-json\/wp\/v2\/posts"}],"about":[{"href":"https:\/\/www.europesays.com\/fr\/wp-json\/wp\/v2\/types\/post"}],"author":[{"embeddable":true,"href":"https:\/\/www.europesays.com\/fr\/wp-json\/wp\/v2\/users\/2"}],"replies":[{"embeddable":true,"href":"https:\/\/www.europesays.com\/fr\/wp-json\/wp\/v2\/comments?post=443840"}],"version-history":[{"count":0,"href":"https:\/\/www.europesays.com\/fr\/wp-json\/wp\/v2\/posts\/443840\/revisions"}],"wp:featuredmedia":[{"embeddable":true,"href":"https:\/\/www.europesays.com\/fr\/wp-json\/wp\/v2\/media\/443841"}],"wp:attachment":[{"href":"https:\/\/www.europesays.com\/fr\/wp-json\/wp\/v2\/media?parent=443840"}],"wp:term":[{"taxonomy":"category","embeddable":true,"href":"https:\/\/www.europesays.com\/fr\/wp-json\/wp\/v2\/categories?post=443840"},{"taxonomy":"post_tag","embeddable":true,"href":"https:\/\/www.europesays.com\/fr\/wp-json\/wp\/v2\/tags?post=443840"}],"curies":[{"name":"wp","href":"https:\/\/api.w.org\/{rel}","templated":true}]}}