{"id":443852,"date":"2025-10-06T22:51:10","date_gmt":"2025-10-06T22:51:10","guid":{"rendered":"https:\/\/www.europesays.com\/fr\/443852\/"},"modified":"2025-10-06T22:51:10","modified_gmt":"2025-10-06T22:51:10","slug":"le-gfca-soffre-le-premier-challenge-corse-matin","status":"publish","type":"post","link":"https:\/\/www.europesays.com\/fr\/443852\/","title":{"rendered":"le GFCA s&rsquo;offre le premier challenge Corse-Matin"},"content":{"rendered":"<p>Les volleyeurs ajacciens ont franchi un nouveau cap, ce week-end, dans le cadre de leur pr\u00e9paration avant le d\u00e9but de la prochaine saison de Ligue A. En effet, les Gaziers affrontaient Martigues (Ligue B) \u00e0 deux reprises, \u00e0 l&rsquo;occasion de la premi\u00e8re \u00e9dition d&rsquo;un challenge parrain\u00e9 par notre titre.<\/p>\n<p>Une double opposition que les Diables Rouges ont su n\u00e9gocier avec ma\u00eetrise et efficacit\u00e9. Samedi d\u00e9j\u00e0, les joueurs de Fr\u00e9d\u00e9ric Ferrandez avaient impos\u00e9 leur jeu et fait respecter la hi\u00e9rarchie contre l&rsquo;\u00e9quipe proven\u00e7ale. Le Gaz\u00e9lec s&rsquo;\u00e9tait impos\u00e9 sans trop de difficult\u00e9 (3-1). \u00ab\u00a0C&rsquo;est un tournoi qui me permet de faire tourner et de voir un maximum de monde\u00a0\u00bb, a expliqu\u00e9 Fr\u00e9d\u00e9ric Ferrandez.<\/p>\n<p>L&rsquo;\u00e9quipe ajaccienne a notamment pu int\u00e9grer encore davantage son nouveau central, Daryl Bultor. Ce dimanche, l&rsquo;international fran\u00e7ais a m\u00eame commenc\u00e9 ce deuxi\u00e8me acte disput\u00e9 contre les Mart\u00e9gaux.<\/p>\n<p>Salles imp\u00e9rial au block<\/p>\n<p>Face \u00e0 la formation proven\u00e7ale du lib\u00e9ro, Emmanuel Ragondet, pass\u00e9 par le Gaz (2013-2014, 2020-2021) ou encore de Moani Talia qui a \u00e9galement port\u00e9 les couleurs ajacciennes par le pass\u00e9, les Insulaires ont d\u00e9roul\u00e9 tranquillement leur plan de jeu. En s&rsquo;appuyant sur un Florian Lacassie omnipr\u00e9&#8230;<\/p>\n","protected":false},"excerpt":{"rendered":"Les volleyeurs ajacciens ont franchi un nouveau cap, ce week-end, dans le cadre de leur pr\u00e9paration avant le&hellip;\n","protected":false},"author":2,"featured_media":443853,"comment_status":"","ping_status":"","sticky":false,"template":"","format":"standard","meta":{"footnotes":""},"categories":[1417],"tags":[17,24300,2512,1011,27,6392,7910,9906,60,1470,1632,1469],"class_list":{"0":"post-443852","1":"post","2":"type-post","3":"status-publish","4":"format-standard","5":"has-post-thumbnail","7":"category-volley","8":"tag-17","9":"tag-challenge","10":"tag-corse-matin","11":"tag-fr","12":"tag-france","13":"tag-gfca","14":"tag-premier","15":"tag-soffre","16":"tag-sports","17":"tag-volley","18":"tag-volley-ball","19":"tag-volleyball"},"share_on_mastodon":{"url":"https:\/\/pubeurope.com\/@fr\/115329675009240599","error":""},"_links":{"self":[{"href":"https:\/\/www.europesays.com\/fr\/wp-json\/wp\/v2\/posts\/443852","targetHints":{"allow":["GET"]}}],"collection":[{"href":"https:\/\/www.europesays.com\/fr\/wp-json\/wp\/v2\/posts"}],"about":[{"href":"https:\/\/www.europesays.com\/fr\/wp-json\/wp\/v2\/types\/post"}],"author":[{"embeddable":true,"href":"https:\/\/www.europesays.com\/fr\/wp-json\/wp\/v2\/users\/2"}],"replies":[{"embeddable":true,"href":"https:\/\/www.europesays.com\/fr\/wp-json\/wp\/v2\/comments?post=443852"}],"version-history":[{"count":0,"href":"https:\/\/www.europesays.com\/fr\/wp-json\/wp\/v2\/posts\/443852\/revisions"}],"wp:featuredmedia":[{"embeddable":true,"href":"https:\/\/www.europesays.com\/fr\/wp-json\/wp\/v2\/media\/443853"}],"wp:attachment":[{"href":"https:\/\/www.europesays.com\/fr\/wp-json\/wp\/v2\/media?parent=443852"}],"wp:term":[{"taxonomy":"category","embeddable":true,"href":"https:\/\/www.europesays.com\/fr\/wp-json\/wp\/v2\/categories?post=443852"},{"taxonomy":"post_tag","embeddable":true,"href":"https:\/\/www.europesays.com\/fr\/wp-json\/wp\/v2\/tags?post=443852"}],"curies":[{"name":"wp","href":"https:\/\/api.w.org\/{rel}","templated":true}]}}