{"id":443856,"date":"2025-10-06T22:55:19","date_gmt":"2025-10-06T22:55:19","guid":{"rendered":"https:\/\/www.europesays.com\/fr\/443856\/"},"modified":"2025-10-06T22:55:19","modified_gmt":"2025-10-06T22:55:19","slug":"a-quelle-heure-et-sur-quelle-chaine-voir-le-grand-prix-de-hongrie","status":"publish","type":"post","link":"https:\/\/www.europesays.com\/fr\/443856\/","title":{"rendered":"\u00e0 quelle heure et sur quelle cha\u00eene voir le Grand Prix de Hongrie ?"},"content":{"rendered":"<p>\n                                            Europe 1<\/p>\n<p>                    06h00 . le 24 ao\u00fbt 2025<\/p>\n<p>            <img decoding=\"async\" alt=\"L'Espagnol Marc Marquez s'\u00e9lancera en pole position du Grand Prix de Hongrie, apr\u00e8s avoir remport\u00e9 la course sprint.\" src=\"https:\/\/www.europesays.com\/fr\/wp-content\/uploads\/2025\/10\/066_dppi_11225044_143-1.jpg\" width=\"343\" height=\"228\" loading=\"lazy\"\/><\/p>\n<p>\n            L&rsquo;Espagnol Marc Marquez s&rsquo;\u00e9lancera en pole position du Grand Prix de Hongrie, apr\u00e8s avoir remport\u00e9 la course sprint.<\/p>\n<p>                DPPI via AFP<br \/>\n                                        \/<br \/>\n                                                    \u00a9 GIGI SOLDANO \/ Studio Milagro \/ DPPI via AFP<\/p>\n<p class=\"intro \">Apr\u00e8s la victoire de Marc Marquez ce samedi 23 ao\u00fbt durant la course sprint, les 21 pilotes MotoGP seront engag\u00e9s pour le Grand Prix de Hongrie. L&rsquo;Espagnol, largement en t\u00eate du championnat du monde, s&rsquo;\u00e9lancera en pole position devant les Italiens Marco Bezzecchi et Fabio Di Giannantonio.<\/p>\n<p>Il est inarr\u00eatable. L&rsquo;Espagnol <a href=\"https:\/\/www.europe1.fr\/sport\/motogp-lespagnol-marc-marquez-vainqueur-de-la-course-du-mans-le-francais-quartararo-termine-4-736221\" rel=\"nofollow noopener\" target=\"_blank\">Marc Marquez<\/a> s&rsquo;est impos\u00e9 ce samedi 23 ao\u00fbt sur la course sprint du Grand Prix <a href=\"https:\/\/www.europe1.fr\/sport\" rel=\"nofollow noopener\" target=\"_blank\">MotoGP<\/a> de Hongrie, en s&rsquo;imposant avec plus de deux secondes d&rsquo;avance sur l&rsquo;Italien\u00a0Fabio Di Giannantonio. Avec 152 points d&rsquo;avance sur son fr\u00e8re Alex, le pilote Ducati Lenovo Team pourrait encore accentuer son avance \u00e0 l&rsquo;issue de la course principale.<\/p>\n<p>    La suite apr\u00e8s cette publicit\u00e9<\/p>\n<p>    La suite apr\u00e8s cette publicit\u00e9<\/p>\n<p>Fabio Quartararo en 2e ligne<\/p>\n<p>Il partira en pole position, devant Marco Bezzecchi (Aprilia Racing) et Fabio\u00a0Di Giannantonio (Pertamina Enduro VR46 Racing).<\/p>\n<p>Le Fran\u00e7ais <a href=\"https:\/\/www.europe1.fr\/sport\/motogp-fabio-quartararo-premier-champion-du-monde-francais-4073253\" rel=\"nofollow noopener\" target=\"_blank\">Fabio Quartararo<\/a> (Yamaha) sera sur la deuxi\u00e8me ligne, puisqu&rsquo;arriv\u00e9 en sixi\u00e8me position lors des sessions de qualifications. Johann Zarco (LCR Honda) a eu moins de chance et partira \u00e0 la 18e place, en avant-derni\u00e8re ligne.<\/p>\n<p>    La suite apr\u00e8s cette publicit\u00e9<\/p>\n<p>    La suite apr\u00e8s cette publicit\u00e9<\/p>\n<p>La course se d\u00e9roule au Balaton Park, situ\u00e9 \u00e0\u00a0Balatonf\u0151kaj\u00e1r en Hongrie, \u00e0 pr\u00e8s de 100 kilom\u00e8tres de la capitale Budapest. Le trac\u00e9 s&rsquo;\u00e9tend sur 4,115 kilom\u00e8tres et dispose de 16 virages.<\/p>\n<p>La m\u00e9t\u00e9o s&rsquo;annonce ensoleill\u00e9e, avec des temp\u00e9ratures qui devraient d\u00e9passer les 20\u00b0C et un vent faible, \u00e0 18 km\/h.<\/p>\n<p><strong>\u00c0 quelle heure et sur quelle cha\u00eene voir le Grand-Prix de MotoGP ce dimanche ?\u00a0<\/strong><\/p>\n<p>Horaire :\u00a0<strong>14h\u00a0 \u00a0 \u00a0 \u00a0\u00a0<\/strong>\u00a0 \u00a0 \u00a0 \u00a0 \u00a0 \u00a0 \u00a0 \u00a0 \u00a0 \u00a0 \u00a0 \u00a0 \u00a0 \u00a0 \u00a0 \u00a0 \u00a0 \u00a0 \u00a0 \u00a0 \u00a0 \u00a0 \u00a0 \u00a0 \u00a0 \u00a0 \u00a0 \u00a0 \u00a0 \u00a0 \u00a0 \u00a0 \u00a0 \u00a0 \u00a0 \u00a0 \u00a0 \u00a0 \u00a0 \u00a0 \u00a0 \u00a0 \u00a0 \u00a0 \u00a0 \u00a0 \u00a0 \u00a0 \u00a0 \u00a0 \u00a0 \u00a0 \u00a0 \u00a0 \u00a0 \u00a0 \u00a0 \u00a0 \u00a0 \u00a0 \u00a0 \u00a0 \u00a0 \u00a0 \u00a0 \u00a0 \u00a0 \u00a0 \u00a0 \u00a0 \u00a0 \u00a0 \u00a0<\/p>\n<p>Cha\u00eene : <strong>Canal+<\/strong><\/p>\n","protected":false},"excerpt":{"rendered":"Europe 1 06h00 . le 24 ao\u00fbt 2025 L&rsquo;Espagnol Marc Marquez s&rsquo;\u00e9lancera en pole position du Grand Prix&hellip;\n","protected":false},"author":2,"featured_media":443857,"comment_status":"","ping_status":"","sticky":false,"template":"","format":"standard","meta":{"footnotes":""},"categories":[1413],"tags":[1011,27,1457,1456,60],"class_list":{"0":"post-443856","1":"post","2":"type-post","3":"status-publish","4":"format-standard","5":"has-post-thumbnail","7":"category-moto","8":"tag-fr","9":"tag-france","10":"tag-moto","11":"tag-motocycle","12":"tag-sports"},"share_on_mastodon":{"url":"https:\/\/pubeurope.com\/@fr\/115329691213650296","error":""},"_links":{"self":[{"href":"https:\/\/www.europesays.com\/fr\/wp-json\/wp\/v2\/posts\/443856","targetHints":{"allow":["GET"]}}],"collection":[{"href":"https:\/\/www.europesays.com\/fr\/wp-json\/wp\/v2\/posts"}],"about":[{"href":"https:\/\/www.europesays.com\/fr\/wp-json\/wp\/v2\/types\/post"}],"author":[{"embeddable":true,"href":"https:\/\/www.europesays.com\/fr\/wp-json\/wp\/v2\/users\/2"}],"replies":[{"embeddable":true,"href":"https:\/\/www.europesays.com\/fr\/wp-json\/wp\/v2\/comments?post=443856"}],"version-history":[{"count":0,"href":"https:\/\/www.europesays.com\/fr\/wp-json\/wp\/v2\/posts\/443856\/revisions"}],"wp:featuredmedia":[{"embeddable":true,"href":"https:\/\/www.europesays.com\/fr\/wp-json\/wp\/v2\/media\/443857"}],"wp:attachment":[{"href":"https:\/\/www.europesays.com\/fr\/wp-json\/wp\/v2\/media?parent=443856"}],"wp:term":[{"taxonomy":"category","embeddable":true,"href":"https:\/\/www.europesays.com\/fr\/wp-json\/wp\/v2\/categories?post=443856"},{"taxonomy":"post_tag","embeddable":true,"href":"https:\/\/www.europesays.com\/fr\/wp-json\/wp\/v2\/tags?post=443856"}],"curies":[{"name":"wp","href":"https:\/\/api.w.org\/{rel}","templated":true}]}}