{"id":443858,"date":"2025-10-06T22:56:33","date_gmt":"2025-10-06T22:56:33","guid":{"rendered":"https:\/\/www.europesays.com\/fr\/443858\/"},"modified":"2025-10-06T22:56:33","modified_gmt":"2025-10-06T22:56:33","slug":"la-formule-ce-sont-les-echanges-entre-les-chroniqueurs","status":"publish","type":"post","link":"https:\/\/www.europesays.com\/fr\/443858\/","title":{"rendered":"La formule, ce sont les \u00e9changes entre les chroniqueurs"},"content":{"rendered":"<p class=\"mb-4 text-lg md:leading-8 break-words\"><strong>Avoir une telle long\u00e9vit\u00e9 en t\u00e9l\u00e9vision, ce n\u2019est pas rien. Comment expliquez-vous que l\u2019\u00e9mission marche toujours autant aujourd\u2019hui\u00a0? <\/strong><\/p>\n<p class=\"mb-4 text-lg md:leading-8 break-words\"><strong>Oliver M\u00e9nard <\/strong> \u00c0 l&rsquo;origine, L\u2019\u00c8quipe du Soir , c&rsquo;\u00e9tait pour un peu expliquer\u00a0:\u00a0\u00ab\u00a0Pourquoi il a gagn\u00e9, pourquoi il a perdu.\u00a0\u00bb\u00a0\u00c7a demandait une explication, des opinions, et \u00e7a, \u00e7a n&rsquo;a pas chang\u00e9. Je pense que\u00a0le sport, en lui-m\u00eame, on a besoin d&rsquo;en parler. Quand tu aimes le sport, tu en discutes avec\u00a0tes amis, il y a parfois des engueulades\u2026 C&rsquo;est un sillon qui est tr\u00e8s naturel, quelque chose qu&rsquo;on exploite,\u00a0mais qui est partout pour les passionn\u00e9s de sport. \u00c7a vient d&rsquo;une r\u00e9alit\u00e9, de la mani\u00e8re et de la nature dont on per\u00e7oit et dont on vit le sport,\u00a0\u00e7a traduit \u00e7a en fait.<\/p>\n<p>\u00a0\u00bb Il y a une r\u00e9alit\u00e9 de l\u2019audience \u00ab\u00a0<\/p>\n<p class=\"mb-4 text-lg md:leading-8 break-words\"><strong>Est-ce que vous pensez que le ton de l\u2019\u00e9mission permet d\u2019attirer des profanes du sport\u00a0? <\/strong><\/p>\n<p class=\"mb-4 text-lg md:leading-8 break-words\">Honn\u00eatement, je suis surpris quand\u00a0les femmes regardent L\u2019\u00c9quipe du Soir . Une fois, une t\u00e9l\u00e9spectatrice m\u2019a dit qu\u2019elle regardait l\u2019\u00e9mission. Je lui ai dit\u00a0:\u00a0\u00ab\u00a0C\u2019est plut\u00f4t votre mari\u00a0!\u00a0\u00bb Elle m\u2019a dit\u00a0: \u00ab\u00a0 Non\u00a0! Mais vous m&rsquo;avez fait aimer le foot, gr\u00e2ce \u00e0 l&rsquo;\u00e9mission. Parfois je regarde et \u00e7a m&rsquo;a fait ma culture foot. \u00a0\u00bb Mais c&rsquo;est assez rare\u00a0quand m\u00eame.<\/p>\n<p class=\"mb-4 text-lg md:leading-8 break-words\"><strong>Dans le documentaire, l\u2019omnipr\u00e9sence du foot au d\u00e9triment d\u2019autres sports est \u00e9voqu\u00e9e\u2026 <\/strong><\/p>\n<p class=\"mb-4 text-lg md:leading-8 break-words\">On traite d&rsquo;autres sports. Mais il y a une r\u00e9alit\u00e9 de l\u2019audience. \u00c0 un moment, il faut prendre en consid\u00e9ration le rapport qu&rsquo;ont les gens au sport, qui reste classique avec \u00ab\u00a0l&rsquo;omnisport\u00a0\u00bb. Que tu gagnes ou que tu perdes, le lendemain, c\u2019est oubli\u00e9. Mais dans le foot, \u00e7a revient toujours avec des d\u00e9bats.<\/p>\n<p>\u00ab\u00a0Je dois \u00eatre le moins pr\u00e9sent possible\u00a0\u00bb<\/p>\n<p class=\"mb-4 text-lg md:leading-8 break-words\"><strong>L\u2019effet de bande est une des marques de fabrique de L\u2019\u00c9quipe du Soir. Quelle est la formule pour cr\u00e9er une bonne \u00e9mission avec vos intervenants\u00a0? <\/strong><\/p>\n<p class=\"mb-4 text-lg md:leading-8 break-words\">La formule, ce sont les \u00e9changes entre les chroniqueurs. C&rsquo;est ce qui se passe entre eux. Un num\u00e9ro en solo c&rsquo;est bien mais \u00e7a peut vite \u00eatre chiant. C\u2019est int\u00e9ressant lorsqu\u2019on va essayer de se pi\u00e9ger, d&rsquo;avoir le dernier mot. C&rsquo;est une \u00e9mission de rapports en fait. C&rsquo;est \u00e7a que je recherche, que les gens s&rsquo;\u00e9coutent\u2026 alors qu&rsquo;ils ne s&rsquo;\u00e9coutent pas toujours\u00a0! Parfois il y a des id\u00e9es que je rel\u00e8ve, d&rsquo;autres que je ne rel\u00e8ve pas. La magie, c\u2019est que la parole circule d\u2019elle-m\u00eame. Moi, je dois \u00eatre le moins pr\u00e9sent possible.<\/p>\n<p class=\"mb-4 text-lg md:leading-8 break-words\"><strong>En 4000 \u00e9missions, vous n\u2019avez jamais eu \u00e0 un certain moment un sentiment de lassitude ? <\/strong><\/p>\n<p class=\"mb-4 text-lg md:leading-8 break-words\">Non. Vous savez, quand je suis rentr\u00e9 \u00e0 l&rsquo;\u00e9quipe en 1998, je ne savais pas \u00e0 quel point j&rsquo;aimais autant le sport. Je ne savais pas que cette mati\u00e8re-l\u00e0 allait encore aujourd\u2019hui toujours solliciter chez moi beaucoup de curiosit\u00e9 et d\u2019obsession.<\/p>\n<p class=\"mb-4 text-lg md:leading-8 break-words\"><a href=\"https:\/\/www.programme-television.org\/news\/tv\/emissions-tele\/olivier-menard-l-equipe-du-soir-la-formidable-epopee-la-formule-ce-sont-les-echanges-entre-les-chroniqueurs-4746025\" rel=\"nofollow noopener\" target=\"_blank\" data-ylk=\"slk:Voir l&#039;article original sur T\u00e9l\u00e9 7 jours;elm:context_link;itc:0;sec:content-canvas\" class=\"link \">Voir l&rsquo;article original sur T\u00e9l\u00e9 7 jours<\/a><\/p>\n","protected":false},"excerpt":{"rendered":"Avoir une telle long\u00e9vit\u00e9 en t\u00e9l\u00e9vision, ce n\u2019est pas rien. Comment expliquez-vous que l\u2019\u00e9mission marche toujours autant aujourd\u2019hui\u00a0?&hellip;\n","protected":false},"author":2,"featured_media":443859,"comment_status":"","ping_status":"","sticky":false,"template":"","format":"standard","meta":{"footnotes":""},"categories":[1412],"tags":[1451,1452,1453,1454,1455,1011,27,10856,60],"class_list":{"0":"post-443858","1":"post","2":"type-post","3":"status-publish","4":"format-standard","5":"has-post-thumbnail","7":"category-f1","8":"tag-f1","9":"tag-formula-1","10":"tag-formula1","11":"tag-formule-1","12":"tag-formule1","13":"tag-fr","14":"tag-france","15":"tag-lequipe","16":"tag-sports"},"share_on_mastodon":{"url":"https:\/\/pubeurope.com\/@fr\/115329694638153187","error":""},"_links":{"self":[{"href":"https:\/\/www.europesays.com\/fr\/wp-json\/wp\/v2\/posts\/443858","targetHints":{"allow":["GET"]}}],"collection":[{"href":"https:\/\/www.europesays.com\/fr\/wp-json\/wp\/v2\/posts"}],"about":[{"href":"https:\/\/www.europesays.com\/fr\/wp-json\/wp\/v2\/types\/post"}],"author":[{"embeddable":true,"href":"https:\/\/www.europesays.com\/fr\/wp-json\/wp\/v2\/users\/2"}],"replies":[{"embeddable":true,"href":"https:\/\/www.europesays.com\/fr\/wp-json\/wp\/v2\/comments?post=443858"}],"version-history":[{"count":0,"href":"https:\/\/www.europesays.com\/fr\/wp-json\/wp\/v2\/posts\/443858\/revisions"}],"wp:featuredmedia":[{"embeddable":true,"href":"https:\/\/www.europesays.com\/fr\/wp-json\/wp\/v2\/media\/443859"}],"wp:attachment":[{"href":"https:\/\/www.europesays.com\/fr\/wp-json\/wp\/v2\/media?parent=443858"}],"wp:term":[{"taxonomy":"category","embeddable":true,"href":"https:\/\/www.europesays.com\/fr\/wp-json\/wp\/v2\/categories?post=443858"},{"taxonomy":"post_tag","embeddable":true,"href":"https:\/\/www.europesays.com\/fr\/wp-json\/wp\/v2\/tags?post=443858"}],"curies":[{"name":"wp","href":"https:\/\/api.w.org\/{rel}","templated":true}]}}