{"id":443860,"date":"2025-10-06T22:58:10","date_gmt":"2025-10-06T22:58:10","guid":{"rendered":"https:\/\/www.europesays.com\/fr\/443860\/"},"modified":"2025-10-06T22:58:10","modified_gmt":"2025-10-06T22:58:10","slug":"a-quoi-sattendre-avec-jean-philippe-mateta","status":"publish","type":"post","link":"https:\/\/www.europesays.com\/fr\/443860\/","title":{"rendered":"\u00e0 quoi s\u2019attendre avec Jean-Philippe Mateta ?"},"content":{"rendered":"<p>Dou\u00e9 en mars, Cherki et Kalulu en juin, Akliouche et Ekitike (suite au forfait de Cherki) en septembre, et donc <a href=\"https:\/\/www.footmercato.net\/joueur\/jean-philippe-mateta\/\" rel=\"nofollow noopener\" target=\"_blank\">Mateta<\/a> en octobre. On avait connu un Didier Deschamps tr\u00e8s conservateur, on conna\u00eet d\u00e9sormais un Didier Deschamps plus impr\u00e9visible. Pour son avant-derni\u00e8re ann\u00e9e \u00e0 la t\u00eate des Bleus, le s\u00e9lectionneur tricolore a fait le choix de la nouveaut\u00e9. Ce n\u2019est pas une r\u00e9volution culturelle, mais \u00e0 l\u2019\u00e9chelle de DD, cela traduit quand m\u00eame une certaine \u00e9volution. <\/p>\n<p>            La suite apr\u00e8s cette publicit\u00e9<\/p>\n<p>Cette \u00ab\u00a0r\u00e9oxyg\u00e9nation\u00a0\u00bb, comme il l\u2019a souvent nomm\u00e9e, a d\u2019ailleurs accouch\u00e9 de bonnes surprises, \u00e0 l\u2019image de Manu Kon\u00e9, bluffant sur ses derni\u00e8res sorties en \u00e9quipe de <a href=\"https:\/\/www.footmercato.net\/selection\/france\/\" rel=\"nofollow noopener\" target=\"_blank\">France<\/a>. Jean-Philippe Mateta aura \u00e0 c\u0153ur d\u2019en \u00eatre une \u00e9galement. Devenu un attaquant r\u00e9f\u00e9renc\u00e9 en Premier League depuis deux saisons maintenant, le joueur de 28 ans vient de conna\u00eetre sa premi\u00e8re convocation en \u00e9quipe de France A. Pour lui, pass\u00e9 par les U19, les U20, les Espoirs et m\u00eame la s\u00e9lection olympique, c\u2019est la suite des choses. <\/p>\n<p>            La suite apr\u00e8s cette publicit\u00e9<\/p>\n<p>        \u00c0 huit mois du Mondial, c\u2019est le bon timing pour se montrer<\/p>\n<p>\u00ab Les Bleus, c\u2019est trop important pour moi. L\u2019\u00e9quipe de France, c\u2019est mon objectif num\u00e9ro 1, mon r\u00eave de gosse. Je regarderai la liste \u00bb, confiait-il en mai 2024 juste avant l\u2019Euro. Un rendez-vous manqu\u00e9, mais finalement reprogramm\u00e9. \u00c0 huit mois du Mondial, le timing est bon pour se montrer et prouver qu\u2019il n\u2019est pas juste une alternative bis ou ter, derri\u00e8re Marcus Thuram et Randal Kolo Muani. \u00ab C\u2019est son profil, c\u2019est la premi\u00e8re fois qu\u2019il est appel\u00e9, m\u00eame s\u2019il n\u2019est pas tout jeune. Il a une capacit\u00e9 \u00e0 marquer des buts. C\u2019est un profil int\u00e9ressant, et \u00e7a fait un bon moment qu\u2019il est dans les pr\u00e9-listes \u00bb, confiait Didier Deschamps.<\/p>\n<p>\u00c0 priori, il ne devrait pas bouleverser l\u2019\u00e9quilibre du vestiaire, si cher \u00e0 Deschamps. Oswald Tanchot, son ancien entra\u00eeneur au Havre, le d\u00e9crivait comme le gardien de la bonne ambiance dans un groupe : \u00ab c\u2019est quelqu\u2019un d\u2019humble, avec une grosse joie de vivre et simple (\u2026) Il rassemble, c\u2019est aussi quelqu\u2019un de tr\u00e8s solaire, avec beaucoup d\u2019\u00e9nergie positive. Il est \u00e9gal avec tout le monde, il ne se prend pas la t\u00eate. Il sait faire la part des choses entre la rigolade et le travail, il peut m\u00eame rigoler en travaillant. \u00bb Pour Mateta, cette convocation sonne aussi comme le moment de soigner de son retour en France. Il l\u2019avait quitt\u00e9e dans l\u2019anonymat en 2018 apr\u00e8s seulement 2 petits matchs de L1 jou\u00e9s avec l\u2019OL. Des choses se sont pass\u00e9es depuis.<\/p>\n<p>\n    Pub. le 06\/10\/2025 22:08<br \/>\n            &#8211; MAJ le 06\/10\/2025 23:56\n    <\/p>\n","protected":false},"excerpt":{"rendered":"Dou\u00e9 en mars, Cherki et Kalulu en juin, Akliouche et Ekitike (suite au forfait de Cherki) en septembre,&hellip;\n","protected":false},"author":2,"featured_media":443861,"comment_status":"","ping_status":"","sticky":false,"template":"","format":"standard","meta":{"footnotes":""},"categories":[1410],"tags":[63,1011,27,60],"class_list":{"0":"post-443860","1":"post","2":"type-post","3":"status-publish","4":"format-standard","5":"has-post-thumbnail","7":"category-football","8":"tag-football","9":"tag-fr","10":"tag-france","11":"tag-sports"},"share_on_mastodon":{"url":"https:\/\/pubeurope.com\/@fr\/115329702716246297","error":""},"_links":{"self":[{"href":"https:\/\/www.europesays.com\/fr\/wp-json\/wp\/v2\/posts\/443860","targetHints":{"allow":["GET"]}}],"collection":[{"href":"https:\/\/www.europesays.com\/fr\/wp-json\/wp\/v2\/posts"}],"about":[{"href":"https:\/\/www.europesays.com\/fr\/wp-json\/wp\/v2\/types\/post"}],"author":[{"embeddable":true,"href":"https:\/\/www.europesays.com\/fr\/wp-json\/wp\/v2\/users\/2"}],"replies":[{"embeddable":true,"href":"https:\/\/www.europesays.com\/fr\/wp-json\/wp\/v2\/comments?post=443860"}],"version-history":[{"count":0,"href":"https:\/\/www.europesays.com\/fr\/wp-json\/wp\/v2\/posts\/443860\/revisions"}],"wp:featuredmedia":[{"embeddable":true,"href":"https:\/\/www.europesays.com\/fr\/wp-json\/wp\/v2\/media\/443861"}],"wp:attachment":[{"href":"https:\/\/www.europesays.com\/fr\/wp-json\/wp\/v2\/media?parent=443860"}],"wp:term":[{"taxonomy":"category","embeddable":true,"href":"https:\/\/www.europesays.com\/fr\/wp-json\/wp\/v2\/categories?post=443860"},{"taxonomy":"post_tag","embeddable":true,"href":"https:\/\/www.europesays.com\/fr\/wp-json\/wp\/v2\/tags?post=443860"}],"curies":[{"name":"wp","href":"https:\/\/api.w.org\/{rel}","templated":true}]}}