{"id":443862,"date":"2025-10-06T22:59:18","date_gmt":"2025-10-06T22:59:18","guid":{"rendered":"https:\/\/www.europesays.com\/fr\/443862\/"},"modified":"2025-10-06T22:59:18","modified_gmt":"2025-10-06T22:59:18","slug":"elle-voulait-etre-la-fille-au-coin-de-la-rue-aux-obseques-de-claudia-cardinale-lemotion-de-ses-proches","status":"publish","type":"post","link":"https:\/\/www.europesays.com\/fr\/443862\/","title":{"rendered":"\u00ab\u00a0Elle voulait \u00eatre la fille au coin de la rue\u00a0\u00bb\u00a0: aux obs\u00e8ques de Claudia Cardinale, l\u2019\u00e9motion de ses proches"},"content":{"rendered":"<p class=\"paragraph text_align_left lp-f-body-02\">Il est si difficile de dire au revoir \u00e0 une star, qui restait presque seule parmi les g\u00e9ants de sa g\u00e9n\u00e9ration. O\u00f9 \u00e9tiez-vous Charles Bronson, <a href=\"https:\/\/www.leparisien.fr\/culture-loisirs\/cinema\/ses-amis-ses-enfants-ses-conquetes-jean-paul-belmondo-un-homme-de-clan-06-09-2021-IBMJQEH6XFDMROQBU3TZRO3KK4.php\" target=\"_blank\" rel=\"noreferrer nofollow noopener\">Jean-Paul Belmondo<\/a>, <a href=\"https:\/\/www.leparisien.fr\/culture-loisirs\/cinema\/mort-dalain-delon-un-franc-parler-qui-na-jamais-laisse-indifferent-18-08-2024-5QBUXACAJFE5VJHCSTYJRHLI24.php\" target=\"_blank\" rel=\"noreferrer nofollow noopener\">Alain Delon<\/a>, Burt Lancaster, Marcello Mastroianni et tant d\u2019autres qui ont illumin\u00e9 la pellicule avec elle, quand le cercueil de ch\u00eane de <a href=\"https:\/\/www.leparisien.fr\/culture-loisirs\/cinema\/lactrice-claudia-cardinale-est-decedee-a-lage-de-87-ans-23-09-2025-HOI5UZRTUZDXBBWHJ4DTFBMSOA.php\" target=\"_self\" rel=\"nofollow noopener\">Claudia Cardinale<\/a> est entr\u00e9 ce mardi apr\u00e8s-midi dans l\u2019\u00e9glise Saint-Roch (<a href=\"https:\/\/www.leparisien.fr\/paris-75\/paris-75001\/\" target=\"_blank\" rel=\"noreferrer nofollow noopener\">Paris Ier<\/a>) au son du \u00ab th\u00e8me de Jill \u00bb, son personnage d\u2019\u00ab Il \u00e9tait une fois dans l\u2019Ouest \u00bb sur l\u2019irr\u00e9sistible musique d\u2019Ennio Morricone ? Un ange volait. Le bon, la brute et le truand de tous les westerns de Sergio Leone d\u00e9posaient les armes, un genou \u00e0 terre.<\/p>\n<p class=\"paragraph text_align_left lp-f-body-02\">O\u00f9 \u00e9tiez-vous tous, quand, peu apr\u00e8s, r\u00e9sonnait la voix voil\u00e9e de Claudia Cardinale la magistrale, interview\u00e9e en 1962 sur le tournage de \u00ab Cartouche \u00bb o\u00f9 le personnage titre jou\u00e9 par B\u00e9bel tombait amoureux d\u2019elle ? Tous disparus, elle qui ferme presque tout un chapitre du cin\u00e9ma. Partie \u00e0 87 ans le 23 septembre dans sa ville de Nemours (<a href=\"https:\/\/www.leparisien.fr\/seine-et-marne-77\/\" target=\"_blank\" rel=\"noreferrer nofollow noopener\">Seine-et-Marne<\/a>).<\/p>\n","protected":false},"excerpt":{"rendered":"Il est si difficile de dire au revoir \u00e0 une star, qui restait presque seule parmi les g\u00e9ants&hellip;\n","protected":false},"author":2,"featured_media":443863,"comment_status":"","ping_status":"","sticky":false,"template":"","format":"standard","meta":{"footnotes":""},"categories":[1359],"tags":[650,872,58,59,1011,27,973],"class_list":{"0":"post-443862","1":"post","2":"type-post","3":"status-publish","4":"format-standard","5":"has-post-thumbnail","7":"category-people","8":"tag-cinema","9":"tag-culture-et-loisirs","10":"tag-divertissement","11":"tag-entertainment","12":"tag-fr","13":"tag-france","14":"tag-people"},"share_on_mastodon":{"url":"https:\/\/pubeurope.com\/@fr\/115329706429500833","error":""},"_links":{"self":[{"href":"https:\/\/www.europesays.com\/fr\/wp-json\/wp\/v2\/posts\/443862","targetHints":{"allow":["GET"]}}],"collection":[{"href":"https:\/\/www.europesays.com\/fr\/wp-json\/wp\/v2\/posts"}],"about":[{"href":"https:\/\/www.europesays.com\/fr\/wp-json\/wp\/v2\/types\/post"}],"author":[{"embeddable":true,"href":"https:\/\/www.europesays.com\/fr\/wp-json\/wp\/v2\/users\/2"}],"replies":[{"embeddable":true,"href":"https:\/\/www.europesays.com\/fr\/wp-json\/wp\/v2\/comments?post=443862"}],"version-history":[{"count":0,"href":"https:\/\/www.europesays.com\/fr\/wp-json\/wp\/v2\/posts\/443862\/revisions"}],"wp:featuredmedia":[{"embeddable":true,"href":"https:\/\/www.europesays.com\/fr\/wp-json\/wp\/v2\/media\/443863"}],"wp:attachment":[{"href":"https:\/\/www.europesays.com\/fr\/wp-json\/wp\/v2\/media?parent=443862"}],"wp:term":[{"taxonomy":"category","embeddable":true,"href":"https:\/\/www.europesays.com\/fr\/wp-json\/wp\/v2\/categories?post=443862"},{"taxonomy":"post_tag","embeddable":true,"href":"https:\/\/www.europesays.com\/fr\/wp-json\/wp\/v2\/tags?post=443862"}],"curies":[{"name":"wp","href":"https:\/\/api.w.org\/{rel}","templated":true}]}}