{"id":443864,"date":"2025-10-06T23:01:15","date_gmt":"2025-10-06T23:01:15","guid":{"rendered":"https:\/\/www.europesays.com\/fr\/443864\/"},"modified":"2025-10-06T23:01:15","modified_gmt":"2025-10-06T23:01:15","slug":"le-createur-des-monsieur-madame-en-gironde-ce-vendredi-pour-le-festival-lire-en-poche","status":"publish","type":"post","link":"https:\/\/www.europesays.com\/fr\/443864\/","title":{"rendered":"Le cr\u00e9ateur des \u00ab\u00a0Monsieur Madame\u00a0\u00bb, en Gironde ce vendredi, pour le festival Lire en poche"},"content":{"rendered":"<p>La l\u00e9gende raconte que le premier \u00ab\u00a0Monsieur Bonhomme\u00a0\u00bb est n\u00e9 quand Adam, 6\u00a0ans, a demand\u00e9 \u00e0 son papa \u00e0 quoi ressemblait une chatouille. Roger Hargreaves, alors jeune directeur de cr\u00e9ation dans une agence de publicit\u00e9, a alors dessin\u00e9 \u00ab\u00a0Mr. Tickle\u00a0\u00bb (Monsieur Chatouille).<\/p>\n<p>Depuis, les \u00ab\u00a0Monsieur Madame\u00a0\u00bb se sont multipli\u00e9s, dans de chouettes petits livres carr\u00e9s, en s\u00e9rie anim\u00e9e pour la t\u00e9l\u00e9vision, en produits d\u00e9riv\u00e9s. Des histoires courtes, gorg\u00e9es d\u2019humour et d\u2019optimisme, au graphisme imm\u00e9diatement reconnaissable et aux couleurs \u00e9clatantes. Distribu\u00e9s dans 28 pays \u00e0 travers le monde, il s\u2019en est vendu plus de 200\u00a0millions d\u2019exemplaires.<\/p>\n<p>\u00c0 la mort de Roger Hargreaves, son fils Adam a repris les feutres et continu\u00e9 d\u2019inventer de nouveaux personnages. Il sera cette semaine au salon Lire en Poche de Gradignan.<\/p>\n<p class=\"interview-question\">Quand vous \u00e9tiez enfant, quel regard portiez-vous sur les Monsieur Madame que cr\u00e9ait votre p\u00e8re\u00a0?<\/p>\n<p class=\"interview-answer\">Je me souviens que mon p\u00e8re s\u2019\u00e9tait construit un bureau dans notre garage. Quand j\u2019y entrais, j\u2019\u00e9tais saisi par l\u2019odeur tr\u00e8s forte des gros feutres qu\u2019il utilisait. Je lui demandais toujours du papier \u00e0 dessin et des stylos. Il me laissait prendre les stylos \u00e0 moiti\u00e9 utilis\u00e9s\u00a0; les neufs co\u00fbtaient trop cher\u00a0!<\/p>\n<p class=\"interview-question\">Selon vous, quelles sont les raisons du succ\u00e8s des histoires de ces personnages\u00a0?<\/p>\n<p class=\"interview-answer\">Monsieur Bonhomme et de Madame sont principalement destin\u00e9es \u00e0 amuser les enfants, mais leurs aventures contiennent des le\u00e7ons de vie, simplement en raison de la nature des personnages. Les livres sont une exploration amusante de la nature humaine, dans tous ses aspects.<\/p>\n<p>        <img decoding=\"async\" id=\"26230963\" src=\"https:\/\/www.europesays.com\/fr\/wp-content\/uploads\/2025\/10\/monsieur-madame.jpg\" alt=\"Monsieur et Madame, invit\u00e9s \u00e0 \u00ab\u00a0Lire en Poche\u00a0\u00bb\" itemprop=\"contentURL\"\/><\/p>\n<p>    Monsieur et Madame, invit\u00e9s \u00e0 \u00ab\u00a0Lire en Poche\u00a0\u00bb<\/p>\n<p>Dessin Adam Hargreaves<\/p>\n<p class=\"interview-question\">A-t-il \u00e9t\u00e9 difficile pour vous de reprendre l\u2019\u0153uvre de votre p\u00e8re apr\u00e8s sa disparition en 1988\u00a0?<\/p>\n<p class=\"interview-answer\">Mon p\u00e8re \u00e9tant mort tr\u00e8s jeune, \u00e0 53\u00a0ans, il ne m\u2019\u00e9tait jamais venu \u00e0 l\u2019esprit que j\u2019aurais un jour une quelconque implication avec les Monsieur Bonhomme et Madame, et certainement pas sur le plan cr\u00e9atif.<\/p>\n<p class=\"interview-answer\">J\u2019ai commenc\u00e9 par aider ma m\u00e8re \u00e0 g\u00e9rer l\u2019entreprise et il m\u2019a fallu du temps avant d\u2019essayer de dessiner les personnages. C\u2019\u00e9tait \u00e9trange de m\u2019asseoir au bureau de mon p\u00e8re, mais il y avait quelque chose de r\u00e9confortant, apr\u00e8s sa mort, \u00e0 m\u2019immerger dans son monde.<\/p>\n<p class=\"interview-answer\">Mon p\u00e8re m\u2019a appris \u00e0 aimer dessiner, mais mon style de dessin \u00e9tait assez diff\u00e9rent du sien. Et aussi graphiquement simplistes que puissent para\u00eetre les Monsieur Bonhomme, il m\u2019a fallu beaucoup de temps pour apprendre \u00e0 les dessiner\u00a0! J\u2019ai aussi d\u00e9couvert que j\u2019avais h\u00e9rit\u00e9 de son sens de l\u2019humour, notamment de son amour des jeux de mots pourris. Mais d\u2019une mani\u00e8re g\u00e9n\u00e9rale, je trouve plus difficile d\u2019\u00e9crire les histoires que de les illustrer.<\/p>\n<p class=\"interview-question\">Avez-vous un Monsieur Bonhomme pr\u00e9f\u00e9r\u00e9\u00a0?<\/p>\n<p class=\"interview-answer\">Monsieur \u00c9tonnant. Son histoire est merveilleuse, un vrai condens\u00e9 du sens de l\u2019humour de mon p\u00e8re. Peut-\u00eatre plus que toute autre, elle r\u00e9sume parfaitement ce que sont les Monsieur Bonhomme et Madame.<\/p>\n<p class=\"interview-question\">Y en a-t-il un que vous vous interdisez d\u2019inventer\u00a0?<\/p>\n<p class=\"interview-answer\">Il y a \u00e9videmment des traits plus \u00ab\u00a0adultes\u00a0\u00bb que je me garderais bien d\u2019explorer. Mais l\u2019\u00e9diteur a certainement plus \u00e0 dire sur ce que je cr\u00e9e que quoi que ce soit d\u2019autre. Il m\u2019a fallu des ann\u00e9es pour les persuader de publier Monsieur Mensonge\u00a0!<\/p>\n<p class=\"interview-question\">Au cours des vingt derni\u00e8res ann\u00e9es, vous avez r\u00e9alis\u00e9 des tableaux tr\u00e8s classiques, essentiellement des paysages, expos\u00e9s dans des galeries en Angleterre\u2026<\/p>\n<p class=\"interview-answer\">Apr\u00e8s avoir vendu les droits en 2004, j\u2019ai eu le temps de poursuivre une ambition de longue date\u00a0: celle de peindre, une de mes grandes passions. Cependant, depuis le d\u00e9but de la d\u00e9cennies, j\u2019ai \u00e9t\u00e9 de nouveau tr\u00e8s occup\u00e9 par les Monsieur Bonhomme et Madame, et je n\u2019ai plus gu\u00e8re trouv\u00e9 le temps de peindre. Je le regrette bien s\u00fbr, mais les Monsieur Bonhomme et Madame ont toujours \u00e9t\u00e9 une priorit\u00e9\u00a0: avec eux, je sais qu\u2019il y aura un ch\u00e8que au bout du compte\u00a0!<\/p>\n<p class=\"interview-question\">Que pr\u00e9senterez-vous \u00e0 Gradignan lors de Lire en Poche\u00a0?<\/p>\n<p class=\"interview-answer\">Dans le cadre du festival, je ferai des s\u00e9ances de d\u00e9dicaces et j\u2019animerai deux sessions de dessin. Moi qui passe le plus clair de son temps enferm\u00e9 dans mon studio, c\u2019est toujours un plaisir d\u2019en sortir pour aller \u00e0 la rencontre des enfants et ressentir l\u2019enthousiasme et la joie que ces personnages leur procurent.<\/p>\n<p><a href=\"https:\/\/www.mollat.com\/evenements\/dedicace-adam-hargreaves-2025\" target=\"_blank\" rel=\"nofollow noopener\">D\u00e9dicaces avec Adam Hargreaves, vendredi 10\u00a0octobre de 17\u00a0heures \u00e0 19\u00a0heures, \u00e0 la Librairie Mollat (Bordeaux).<\/a><\/p>\n<p><a href=\"https:\/\/www.lireenpoche.fr\/programme\/monsieur-chatouille-cie\" target=\"_blank\" rel=\"nofollow noopener\">Lectures dessin\u00e9es (avec Manuela Azevdeo) et ateliers, samedi\u00a011 de 10\u00a0h\u00a030 \u00e0 11\u00a0h\u00a020, et dimanche de 14\u00a0heures \u00e0 15\u00a0heures, \u00e0 Gradignan.<\/a> <a href=\"https:\/\/www.lireenpoche.fr\/\" target=\"_blank\" rel=\"nofollow noopener\">www.lireenpoche.fr<\/a><\/p>\n","protected":false},"excerpt":{"rendered":"La l\u00e9gende raconte que le premier \u00ab\u00a0Monsieur Bonhomme\u00a0\u00bb est n\u00e9 quand Adam, 6\u00a0ans, a demand\u00e9 \u00e0 son papa&hellip;\n","protected":false},"author":2,"featured_media":443865,"comment_status":"","ping_status":"","sticky":false,"template":"","format":"standard","meta":{"footnotes":""},"categories":[1357],"tags":[1379,58,59,1011,27,1380],"class_list":{"0":"post-443864","1":"post","2":"type-post","3":"status-publish","4":"format-standard","5":"has-post-thumbnail","7":"category-livres","8":"tag-books","9":"tag-divertissement","10":"tag-entertainment","11":"tag-fr","12":"tag-france","13":"tag-livres"},"share_on_mastodon":{"url":"https:\/\/pubeurope.com\/@fr\/115329714950439766","error":""},"_links":{"self":[{"href":"https:\/\/www.europesays.com\/fr\/wp-json\/wp\/v2\/posts\/443864","targetHints":{"allow":["GET"]}}],"collection":[{"href":"https:\/\/www.europesays.com\/fr\/wp-json\/wp\/v2\/posts"}],"about":[{"href":"https:\/\/www.europesays.com\/fr\/wp-json\/wp\/v2\/types\/post"}],"author":[{"embeddable":true,"href":"https:\/\/www.europesays.com\/fr\/wp-json\/wp\/v2\/users\/2"}],"replies":[{"embeddable":true,"href":"https:\/\/www.europesays.com\/fr\/wp-json\/wp\/v2\/comments?post=443864"}],"version-history":[{"count":0,"href":"https:\/\/www.europesays.com\/fr\/wp-json\/wp\/v2\/posts\/443864\/revisions"}],"wp:featuredmedia":[{"embeddable":true,"href":"https:\/\/www.europesays.com\/fr\/wp-json\/wp\/v2\/media\/443865"}],"wp:attachment":[{"href":"https:\/\/www.europesays.com\/fr\/wp-json\/wp\/v2\/media?parent=443864"}],"wp:term":[{"taxonomy":"category","embeddable":true,"href":"https:\/\/www.europesays.com\/fr\/wp-json\/wp\/v2\/categories?post=443864"},{"taxonomy":"post_tag","embeddable":true,"href":"https:\/\/www.europesays.com\/fr\/wp-json\/wp\/v2\/tags?post=443864"}],"curies":[{"name":"wp","href":"https:\/\/api.w.org\/{rel}","templated":true}]}}