{"id":443866,"date":"2025-10-06T23:02:24","date_gmt":"2025-10-06T23:02:24","guid":{"rendered":"https:\/\/www.europesays.com\/fr\/443866\/"},"modified":"2025-10-06T23:02:24","modified_gmt":"2025-10-06T23:02:24","slug":"benjamin-duhamel-pique-en-direct-arthur","status":"publish","type":"post","link":"https:\/\/www.europesays.com\/fr\/443866\/","title":{"rendered":"Benjamin Duhamel piqu\u00e9 en direct, Arthur &#8230;"},"content":{"rendered":"<p>EN BREF<\/p>\n<ul class=\"bloc_resume_post_list\">\n<li>Le 30 septembre, Arthur, invit\u00e9 de Benjamin Duhamel sur<br \/>\nFrance Inter, a discut\u00e9 du plan de paix pour Gaza et de son livre<br \/>\n\u00ab\u00a0J&rsquo;ai perdu un b\u00e9douin dans Paris&rsquo;.<\/li>\n<li>Arthur \u00e9voque la stigmatisation des Juifs en France<br \/>\ndepuis le 7 octobre et critique subtilement la s\u00e9lection des<br \/>\ninvit\u00e9s de la radio.<\/li>\n<li>L&rsquo;entretien r\u00e9v\u00e8le les tensions autour de la<br \/>\nrepr\u00e9sentation m\u00e9diatique et l&rsquo;impact personnel des \u00e9v\u00e9nements<br \/>\nr\u00e9cents sur Arthur.<\/li>\n<\/ul>\n<p data-start=\"0\" data-end=\"560\">Mardi 30 septembre, Arthur<br \/>\nEssebag, plus connu sous le nom d\u2019Arthur, \u00e9tait l\u2019invit\u00e9 de<br \/>\nBenjamin Duhamel sur France Inter. L\u2019animateur a salu\u00e9 le plan de<br \/>\npaix pour Gaza propos\u00e9 par le pr\u00e9sident am\u00e9ricain <a href=\"https:\/\/www.telestar.fr\/people\/discours-de-donald-trump-au-royaume-uni-charles-iii-detourne-le-regard-les-images-vont-faire-le-tour-du-monde-1738536\" rel=\"nofollow noopener\" target=\"_blank\"><br \/>\nDonald Trump<\/a>, que <a href=\"https:\/\/www.closermag.fr\/people\/va-te-faire-encle-jean-marie-bigard-sen-prend-a-un-premier-ministre-dans-une-video-qui-fait-polemique-3570262\" rel=\"nofollow noopener\" target=\"_blank\"><br \/>\nBenjamin Netanyahu<\/a>, sous certaines conditions, soutient :<br \/>\n\u00ab\u00a0Ce plan de <strong>paix<\/strong>, c&rsquo;est une lueur<br \/>\nd&rsquo;espoir\u00a0\u00bb. L\u2019entretien intervient \u00e9galement \u00e0 l\u2019occasion de la<br \/>\nsortie de son livre J&rsquo;ai perdu<br \/>\nun b\u00e9douin dans Paris.<\/p>\n<p data-start=\"0\" data-end=\"560\">Arthur raconte, \u00e0 travers un r\u00e9cit<br \/>\nqui se lit comme un journal, sa descente aux enfers apr\u00e8s<br \/>\n<strong>les attentats du 7 octobre 2023<\/strong>. Au cours de<br \/>\nl\u2019\u00e9change, Arthur n\u2019a pas h\u00e9sit\u00e9 \u00e0 glisser une pique subtile \u00e0<br \/>\nBenjamin Duhamel, pointant du doigt, avec humour mais fermet\u00e9, la<br \/>\ns\u00e9lection des invit\u00e9s et les messages parfois unilat\u00e9raux relay\u00e9s<br \/>\npar la radio sur des sujets sensibles comme celui-ci.<\/p>\n<p>Arthur se confie sur \u00ab\u00a0l&rsquo;apr\u00e8s 7 octobre\u00a0\u00bb<\/p>\n<p data-start=\"175\" data-end=\"908\"><a href=\"https:\/\/www.telestar.fr\/people\/arthur-quelle-est-sa-fortune-1732614\" rel=\"nofollow noopener\" target=\"_blank\"><br \/>\nArthur<\/a> raconte la stigmatisation v\u00e9cue par les Juifs de France<br \/>\ndepuis le 7 octobre et l\u2019incompr\u00e9hension qui en d\u00e9coule. Il se<br \/>\nsouvient d\u2019un d\u00eener avec un ami, Fabrice, qui l\u2019a catalogu\u00e9 comme<br \/>\ndevant d\u00e9fendre le gouvernement isra\u00e9lien : \u00ab\u00a0Il m&rsquo;a mis dans la<br \/>\ncase de celui qui devait <strong>d\u00e9fendre le gouvernement<br \/>\nisra\u00e9lien<\/strong>\u00ab\u00a0.<\/p>\n<p data-start=\"175\" data-end=\"908\">Pour lui, ce choc r\u00e9v\u00e8le que<br \/>\n\u00ab\u00a0ces Fran\u00e7ais juifs qui au quotidien sont renvoy\u00e9s \u00e0 la<br \/>\npolitique d\u2019un gouvernement avec lequel ils n\u2019ont strictement rien<br \/>\n\u00e0 voir\u00a0\u00bb. Arthur insiste : \u00ab\u00a0Moi, je suis fran\u00e7ais et juif,<br \/>\nmais j\u2019ai l\u2019impression que depuis le 7 octobre, <strong>on me<br \/>\nr\u00e9duit \u00e0 ma seule juda\u00eft\u00e9<\/strong>\u00ab\u00a0. Il d\u00e9nonce la pression<br \/>\ninjuste et l\u2019attente permanente de justifier des \u00e9v\u00e9nements<br \/>\nauxquels ils ne participent pas.<\/p>\n<p>Benjamin Duhamel piqu\u00e9 par son invit\u00e9<br \/>\nen direct<\/p>\n<p>Arthur profite de l\u2019entretien pour glisser des piques subtiles \u00e0<br \/>\n<a href=\"https:\/\/www.telestar.fr\/people\/benjamin-duhamel-trop-haut-trop-jeune-je-comprends-quune-partie-des-francais-puisse-etre-exasperee-1738724\" rel=\"nofollow noopener\" target=\"_blank\"><br \/>\nBenjamin Duhamel<\/a>, pointant le choix des invit\u00e9s et la fa\u00e7on<br \/>\ndont la radio a re\u00e7u certaines personnalit\u00e9s. \u00ab\u00a0Cher Benjamin,<br \/>\nnous sommes sur une radio qui, depuis le 7 octobre, tous les jours<br \/>\na rappel\u00e9 ce qui se passait \u00e0 Gaza. Parfois de mani\u00e8re partisane,<br \/>\nmais c&rsquo;est la politique\u00a0\u00bb, lance-t-il. \u00ab\u00a0Si vous faites la<br \/>\nbalance de toutes <strong>les personnalit\u00e9s qui sont venues bl\u00e2mer<br \/>\nIsra\u00ebl<\/strong> et celles qui sont venues le d\u00e9fendre, je pense que<br \/>\nla balance p\u00e8sera du c\u00f4t\u00e9 de ceux que vous avez re\u00e7us en<br \/>\nmajorit\u00e9\u00a0\u00bb.<\/p>\n<p data-start=\"973\" data-end=\"1987\">Benjamin Duhamel recueille ces<br \/>\nremarques sans vraiment rebondir, laissant Arthur poursuivre :<br \/>\n\u00ab\u00a0<strong>J&rsquo;ai \u00e9t\u00e9 maladroit.<\/strong> Ce n\u2019est pas grave,<br \/>\n<strong>je ne suis pas l\u00e0 pour faire le proc\u00e8s de votre<br \/>\nradio<\/strong>, loin de l\u00e0, d\u2019autant que c\u2019est sur cette radio<br \/>\nqu\u2019est n\u00e9 mon livre\u00a0\u00bb. Pour Arthur, son ouvrage ne parle pas de<br \/>\nGaza, mais de la solitude des Juifs apr\u00e8s le 7 octobre, \u00ab\u00a0ce<br \/>\nsentiment d\u2019abandon, cette peur croissante et la mont\u00e9e de<br \/>\nl\u2019antis\u00e9mitisme\u00a0\u00bb.<\/p>\n","protected":false},"excerpt":{"rendered":"EN BREF Le 30 septembre, Arthur, invit\u00e9 de Benjamin Duhamel sur France Inter, a discut\u00e9 du plan de&hellip;\n","protected":false},"author":2,"featured_media":443867,"comment_status":"","ping_status":"","sticky":false,"template":"","format":"standard","meta":{"footnotes":""},"categories":[1356],"tags":[14684,548,27439,58,59,1011,27,252,1364],"class_list":{"0":"post-443866","1":"post","2":"type-post","3":"status-publish","4":"format-standard","5":"has-post-thumbnail","7":"category-television","8":"tag-arthur","9":"tag-article-simple","10":"tag-benjamin-duhamel","11":"tag-divertissement","12":"tag-entertainment","13":"tag-fr","14":"tag-france","15":"tag-television","16":"tag-tv"},"share_on_mastodon":{"url":"https:\/\/pubeurope.com\/@fr\/115329718268080510","error":""},"_links":{"self":[{"href":"https:\/\/www.europesays.com\/fr\/wp-json\/wp\/v2\/posts\/443866","targetHints":{"allow":["GET"]}}],"collection":[{"href":"https:\/\/www.europesays.com\/fr\/wp-json\/wp\/v2\/posts"}],"about":[{"href":"https:\/\/www.europesays.com\/fr\/wp-json\/wp\/v2\/types\/post"}],"author":[{"embeddable":true,"href":"https:\/\/www.europesays.com\/fr\/wp-json\/wp\/v2\/users\/2"}],"replies":[{"embeddable":true,"href":"https:\/\/www.europesays.com\/fr\/wp-json\/wp\/v2\/comments?post=443866"}],"version-history":[{"count":0,"href":"https:\/\/www.europesays.com\/fr\/wp-json\/wp\/v2\/posts\/443866\/revisions"}],"wp:featuredmedia":[{"embeddable":true,"href":"https:\/\/www.europesays.com\/fr\/wp-json\/wp\/v2\/media\/443867"}],"wp:attachment":[{"href":"https:\/\/www.europesays.com\/fr\/wp-json\/wp\/v2\/media?parent=443866"}],"wp:term":[{"taxonomy":"category","embeddable":true,"href":"https:\/\/www.europesays.com\/fr\/wp-json\/wp\/v2\/categories?post=443866"},{"taxonomy":"post_tag","embeddable":true,"href":"https:\/\/www.europesays.com\/fr\/wp-json\/wp\/v2\/tags?post=443866"}],"curies":[{"name":"wp","href":"https:\/\/api.w.org\/{rel}","templated":true}]}}