{"id":443874,"date":"2025-10-06T23:08:12","date_gmt":"2025-10-06T23:08:12","guid":{"rendered":"https:\/\/www.europesays.com\/fr\/443874\/"},"modified":"2025-10-06T23:08:12","modified_gmt":"2025-10-06T23:08:12","slug":"assassins-creed-mirage-presente-et-date-son-dlc-gratuit-vallee-de-la-memoire-actu","status":"publish","type":"post","link":"https:\/\/www.europesays.com\/fr\/443874\/","title":{"rendered":"Assassin\u2019s Creed Mirage pr\u00e9sente et date son DLC gratuit, Vall\u00e9e de la M\u00e9moire &#8211; Actu"},"content":{"rendered":"<p class=\"gk__text__p\">Hier, <strong>Ubisoft<\/strong> a d\u00e9gain\u00e9 une premi\u00e8re bande-annonce pour la mise \u00e0 jour narrative gratuite d\u2019<strong>Assassin\u2019s Creed Mirage<\/strong>, d\u00e9voilant au passage son nom : <strong>Vall\u00e9e de la M\u00e9moire<\/strong>. Le temps d\u2019une quarantaine de secondes, on a pu d\u00e9couvrir un Basim tout de noir v\u00eatu au beau milieu du d\u00e9sert, les yeux riv\u00e9s vers un \u00e9trange monument. C\u2019est peu, n\u2019est-ce pas ? Mais cette bande-annonce servait surtout d\u2019annonce pour la pr\u00e9sentation plus approfondie de ce DLC gratuit, programm\u00e9e aujourd&rsquo;hui \u00e0 18h (heure fran\u00e7aise).<\/p>\n<p class=\"gk__text__p\">Cette derni\u00e8re a permis aux \u00e9quipes d\u2019<strong>Ubisoft<\/strong>, mais aussi \u00e0 diff\u00e9rents experts ayant collabor\u00e9 avec les studios de Bordeaux et de Paris, de pr\u00e9senter en d\u00e9tails le nouveau lieu introduit par ce DLC : la vall\u00e9e d\u2019AlUla. Ce site, aujourd\u2019hui situ\u00e9 au nord-ouest de l&rsquo;Arabie saoudite &#8211; pays qui finance ce DLC rappelons-le via <strong>Savvy Games Group<\/strong> -, est d\u00e9crit dans cette pr\u00e9sentation comme \u201cun carrefour des civilisations\u201d, \u201cle foyer des anciens royaumes arabes.\u201d Pour les joueurs, ce sera l\u2019occasion de d\u00e9couvrir des lieux embl\u00e9matiques comme le Qasr al Farid ou la cit\u00e9 perdue d\u2019Hegra, mais aussi de parcourir de nombreux lieux aux paysages vari\u00e9s, de la ville anim\u00e9e \u00e0 l\u2019oasis florissante en passant par les tombes et les canyons. Ces derniers se veulent un terrain de jeu particuli\u00e8rement int\u00e9ressant pour le parkour, un des piliers de la franchise.<\/p>\n<p class=\"gk__text__p\">Parkour qui, gr\u00e2ce \u00e0 cette mise \u00e0 jour, a \u00e9t\u00e9 peaufin\u00e9. C\u2019est \u00e9galement le cas des outils qui ont d\u00e9sormais un nouveau niveau d\u2019am\u00e9lioration. Ces petits changements de gameplay seront utiles aussi bien \u00e0 AlUla, r\u00e9gion infest\u00e9e de voleurs, qu\u2019\u00e0 Bagdad. Les \u00e9quipes ont ainsi exprim\u00e9 leur souhait de donner envie aux joueurs de se replonger enti\u00e8rement dans l\u2019exp\u00e9rience <strong>Assassin\u2019s Creed Mirage<\/strong>. C\u2019est d\u2019ailleurs en ce sens que les missions du jeu seront bient\u00f4t rejouables avec de nouvelles r\u00e9compenses \u00e0 la cl\u00e9. Ajoutez \u00e0 cela deux niveaux de difficult\u00e9 suppl\u00e9mentaires pour moduler encore un peu plus votre exp\u00e9rience de jeu. Des petites curiosit\u00e9s nouvelles ont \u00e9galement \u00e9t\u00e9 ajout\u00e9es, comme la possibilit\u00e9 de jouer du Oud. Mais l\u2019int\u00e9r\u00eat principal de <strong>Vall\u00e9e de la M\u00e9moire<\/strong> reste bien s\u00fbr de d\u00e9couvrir une nouvelle trame narrative pour Basim.<\/p>\n<p>La Gloire de mon p\u00e8re<\/p>\n<p class=\"gk__text__p\">Si le jeune Assassin en devenir se rend \u00e0 AlUla, c\u2019est en effet pour une raison bien pr\u00e9cise : marcher sur les traces de son p\u00e8re Is\u2019haq. Selon les d\u00e9veloppeurs, il s\u2019agit d\u2019un embranchement logique pour Basim qui traverse un v\u00e9ritable voyage initiatique tout au long du jeu. Les \u00e9v\u00e9nements de ce DLC se d\u00e9roulent avant la conclusion de <strong>Mirage<\/strong> et sont ainsi cens\u00e9s nous \u00e9clairer un peu sur les choix faits par Basim. En termes de dur\u00e9e, on parle d\u2019une trame ajoutant plus de 6 heures de jeu. Une derni\u00e8re question vous br\u00fble peut-\u00eatre les l\u00e8vres : \u201cc\u2019est pour quand ?\u201d Et bien <strong>Assassin\u2019s Creed Mirage : Vall\u00e9e de la M\u00e9moire<\/strong> sortira gratuitement sur toutes les plateformes le 18 novembre prochain.<\/p>\n","protected":false},"excerpt":{"rendered":"Hier, Ubisoft a d\u00e9gain\u00e9 une premi\u00e8re bande-annonce pour la mise \u00e0 jour narrative gratuite d\u2019Assassin\u2019s Creed Mirage, d\u00e9voilant&hellip;\n","protected":false},"author":2,"featured_media":443875,"comment_status":"","ping_status":"","sticky":false,"template":"","format":"standard","meta":{"footnotes":""},"categories":[7],"tags":[1011,27,43,40,41,39,42,44],"class_list":{"0":"post-443874","1":"post","2":"type-post","3":"status-publish","4":"format-standard","5":"has-post-thumbnail","7":"category-sciences-et-technologies","8":"tag-fr","9":"tag-france","10":"tag-science","11":"tag-science-and-technology","12":"tag-sciences","13":"tag-sciences-et-technologies","14":"tag-technologies","15":"tag-technology"},"share_on_mastodon":{"url":"https:\/\/pubeurope.com\/@fr\/115329741959343625","error":""},"_links":{"self":[{"href":"https:\/\/www.europesays.com\/fr\/wp-json\/wp\/v2\/posts\/443874","targetHints":{"allow":["GET"]}}],"collection":[{"href":"https:\/\/www.europesays.com\/fr\/wp-json\/wp\/v2\/posts"}],"about":[{"href":"https:\/\/www.europesays.com\/fr\/wp-json\/wp\/v2\/types\/post"}],"author":[{"embeddable":true,"href":"https:\/\/www.europesays.com\/fr\/wp-json\/wp\/v2\/users\/2"}],"replies":[{"embeddable":true,"href":"https:\/\/www.europesays.com\/fr\/wp-json\/wp\/v2\/comments?post=443874"}],"version-history":[{"count":0,"href":"https:\/\/www.europesays.com\/fr\/wp-json\/wp\/v2\/posts\/443874\/revisions"}],"wp:featuredmedia":[{"embeddable":true,"href":"https:\/\/www.europesays.com\/fr\/wp-json\/wp\/v2\/media\/443875"}],"wp:attachment":[{"href":"https:\/\/www.europesays.com\/fr\/wp-json\/wp\/v2\/media?parent=443874"}],"wp:term":[{"taxonomy":"category","embeddable":true,"href":"https:\/\/www.europesays.com\/fr\/wp-json\/wp\/v2\/categories?post=443874"},{"taxonomy":"post_tag","embeddable":true,"href":"https:\/\/www.europesays.com\/fr\/wp-json\/wp\/v2\/tags?post=443874"}],"curies":[{"name":"wp","href":"https:\/\/api.w.org\/{rel}","templated":true}]}}