{"id":443880,"date":"2025-10-06T23:14:19","date_gmt":"2025-10-06T23:14:19","guid":{"rendered":"https:\/\/www.europesays.com\/fr\/443880\/"},"modified":"2025-10-06T23:14:19","modified_gmt":"2025-10-06T23:14:19","slug":"un-accord-imminent-pour-la-signature-dun-phenomene-au-milieu","status":"publish","type":"post","link":"https:\/\/www.europesays.com\/fr\/443880\/","title":{"rendered":"Un accord imminent pour la signature d&rsquo;un ph\u00e9nom\u00e8ne au milieu !"},"content":{"rendered":"<p>                                            Publi\u00e9 le 06\/10\/2025 \u00e0 18h46<br \/>\n                                                                                3 minutes de lecture\n                                                                    <\/p>\n<p>F\u00e9ru de sport et plus particuli\u00e8rement de ballon rond depuis ma plus tendre enfance.<\/p>\n<p>                                            Lire la suite<\/p>\n<p>L\u00a0\u00bbAS Saint-\u00c9tienne traverse actuellement une p\u00e9riode cruciale concernant l&rsquo;avenir de l&rsquo;un de ses plus grands espoirs. Apr\u00e8s <strong>un mois de tractations intenses<\/strong> et une mise \u00e0 l&rsquo;\u00e9cart strat\u00e9gique, les dirigeants st\u00e9phanois semblent enfin toucher au but dans ce dossier sensible qui agite les couloirs du Forez depuis plusieurs semaines. Cette situation complexe implique <strong>Paul Eymard<\/strong>, consid\u00e9r\u00e9 comme l&rsquo;une des p\u00e9pites les plus prometteuses du centre de formation des Verts. Le jeune prodige de <strong>17 ans<\/strong> se trouve au centre d&rsquo;un v\u00e9ritable bras de fer contractuel qui pourrait bien conna\u00eetre son d\u00e9nouement dans les prochains jours. Les enjeux sont consid\u00e9rables pour l&rsquo;ASSE, qui ne peut se permettre de perdre un talent de cette envergure, surtout dans le contexte actuel de reconstruction du club. Cette affaire illustre parfaitement les d\u00e9fis auxquels font face les clubs formateurs fran\u00e7ais face \u00e0 la concurrence europ\u00e9enne de plus en plus agressive.<\/p>\n<p>                                <img decoding=\"async\" src=\"https:\/\/www.europesays.com\/fr\/wp-content\/uploads\/2025\/04\/1744123449_543_logo.png\" alt=\"Logo\"\/><\/p>\n<p>100\u20ac offerts sur ton 1er pari !<\/p>\n<p>                            <a href=\"https:\/\/bit.ly\/4j5wl4k\" class=\"headband-button\" rel=\"nofollow noopener\" target=\"_blank\">J&rsquo;en profite<\/a><\/p>\n<p>                                                                <img loading=\"lazy\" decoding=\"async\" src=\"https:\/\/www.europesays.com\/fr\/wp-content\/uploads\/2025\/10\/mercato-asse-un-accord-imminent-pour-la-signature-d-un-phenomene-au-milieu.jpg\" alt=\"Illustration : &quot;Mercato ASSE : Un accord imminent pour la signature d'un ph\u00e9nom\u00e8ne au milieu !&quot;\" class=\"figure-img img-fluid\" width=\"780\" height=\"478\"\/><\/p>\n<p>                                    \u00a9 Site officiel de l&rsquo;ASSE                                <\/p>\n<p>Un prodige convoit\u00e9 par l&rsquo;Europe<\/p>\n<p><strong>Paul Eymard<\/strong>, natif de Mbour, repr\u00e9sente l&rsquo;arch\u00e9type du jeune talent fran\u00e7ais que s&rsquo;arrachent les plus grands clubs europ\u00e9ens. Ce milieu de terrain de la <strong>g\u00e9n\u00e9ration 2008<\/strong> a d\u00e9j\u00e0 eu l&rsquo;opportunit\u00e9 de s&rsquo;entra\u00eener \u00e0 plusieurs reprises avec le groupe professionnel dirig\u00e9 par Eirik Horneland, d\u00e9montrant ainsi son potentiel exceptionnel. Sa progression fulgurante au sein du centre de formation st\u00e9phanois n&rsquo;est pas pass\u00e9e inaper\u00e7ue, attirant l&rsquo;attention de prestigieux clubs comme <strong>Manchester United<\/strong> et <strong>l&rsquo;Inter Milan<\/strong>. Ces g\u00e9ants europ\u00e9ens ont formul\u00e9 des offres particuli\u00e8rement attractives pour convaincre le jeune joueur de quitter le Forez et de signer son premier contrat professionnel sous leurs couleurs. La situation s&rsquo;est compliqu\u00e9e lorsque ces propositions se sont r\u00e9v\u00e9l\u00e9es plus int\u00e9ressantes financi\u00e8rement que celle propos\u00e9e par l&rsquo;ASSE, cr\u00e9ant un dilemme corn\u00e9lien pour le joueur et son entourage. Cette concurrence internationale illustre parfaitement les difficult\u00e9s rencontr\u00e9es par les clubs fran\u00e7ais pour conserver leurs meilleurs \u00e9l\u00e9ments face aux moyens financiers consid\u00e9rables des formations \u00e9trang\u00e8res.<\/p>\n<p>Une strat\u00e9gie de fermet\u00e9 payante<\/p>\n<p>Face \u00e0 cette situation d\u00e9licate, les dirigeants de l&rsquo;AS Saint-\u00c9tienne ont opt\u00e9 pour une approche ferme et d\u00e9termin\u00e9e. Constatant les h\u00e9sitations du joueur, dont le <strong>contrat stagiaire expire le 30 juin 2026<\/strong>, ils ont pris la d\u00e9cision radicale de le retirer temporairement du groupe professionnel ainsi que de l&rsquo;\u00e9quipe r\u00e9serve. Cette mise \u00e0 l&rsquo;\u00e9cart strat\u00e9gique visait \u00e0 faire comprendre au jeune talent l&rsquo;importance de son choix et les cons\u00e9quences de ses h\u00e9sitations. Selon les informations rapport\u00e9es par Peuple Vert, cette fermet\u00e9 semble avoir port\u00e9 ses fruits puisque \u00ab\u00a0Paul Eymard a toujours affich\u00e9 sa volont\u00e9 de signer \u00e0 l&rsquo;ASSE. Attach\u00e9 au club qui l&rsquo;a form\u00e9, il n&rsquo;a jamais c\u00e9d\u00e9 aux sir\u00e8nes financi\u00e8res venues de l&rsquo;\u00e9tranger.\u00a0\u00bb Le joueur a finalement r\u00e9int\u00e9gr\u00e9 le groupe r\u00e9serve et participe \u00e0 nouveau aux matchs officiels, d\u00e9montrant sa motivation retrouv\u00e9e et son attachement sinc\u00e8re au club qui l&rsquo;a form\u00e9. Cette \u00e9volution positive dans les n\u00e9gociations t\u00e9moigne de l&rsquo;efficacit\u00e9 de la strat\u00e9gie adopt\u00e9e par les dirigeants st\u00e9phanois, qui ont su allier fermet\u00e9 et patience pour convaincre leur p\u00e9pite.<\/p>\n<p>Un d\u00e9nouement imminent<\/p>\n<p>Les derniers d\u00e9veloppements de cette affaire laissent entrevoir un d\u00e9nouement favorable pour l&rsquo;ASSE. <strong>Paul Eymard<\/strong> a r\u00e9cemment \u00e9t\u00e9 convoqu\u00e9 \u00e0 une s\u00e9ance d&rsquo;entra\u00eenement avec les professionnels, marquant un pas d\u00e9cisif vers la signature de son premier contrat professionnel. Comme le souligne le portail sp\u00e9cialis\u00e9, \u00ab\u00a0symboliquement, ce retour dans le groupe pro pourrait bien \u00eatre l&rsquo;\u00e9l\u00e9ment d\u00e9clencheur d&rsquo;un accord. Le joueur veut signer, le club veut le garder : reste d\u00e9sormais \u00e0 trouver un terrain d&rsquo;entente avec son entourage.\u00a0\u00bb Les dirigeants st\u00e9phanois affichent d\u00e9sormais leur optimisme et souhaitent finaliser rapidement les aspects financiers de cette n\u00e9gociation. L&rsquo;objectif est clair : permettre \u00e0 <strong>Eirik Horneland<\/strong> d&rsquo;int\u00e9grer d\u00e9finitivement ce talent prometteur dans ses plans pour la saison de Ligue 2. Cette issue positive repr\u00e9senterait une victoire importante pour l&rsquo;ASSE dans sa politique de formation et de fid\u00e9lisation de ses jeunes talents face \u00e0 la concurrence europ\u00e9enne.<\/p>\n<p>Victorieuse face au MHSC, l\u2019ASSE revient \u00e0 hauteur de Troyes en t\u00eate de Ligue 2 avant la tr\u00eave internationale. \u00c0 cette occasion, profitez de 100\u20ac offerts pour votre premi\u00e8re inscription sur Parions Sport en Ligne. <a href=\"https:\/\/wlfdj.adsrv.eacdn.com\/C.ashx?btag=a_721b_108c_&amp;affid=214&amp;siteid=721&amp;adid=108&amp;c=\" rel=\"nofollow noopener\" target=\"_blank\"><strong>Pariez sur l\u2019AS Saint-Etienne qui termine \u00e0 la premi\u00e8re place de Ligue 2 \u00e0 la fin de la saison vous rapporte jusqu\u2019\u00e0 280\u20ac !<\/strong><\/a><\/p>\n<p><strong>Pour en profiter, c\u2019est tr\u00e8s simple :<\/strong><\/p>\n<p>&#8211;                  Cr\u00e9ez votre compte joueur en seulement 2 \u00e9tapes <a href=\"https:\/\/wlfdj.adsrv.eacdn.com\/C.ashx?btag=a_721b_108c_&amp;affid=214&amp;siteid=721&amp;adid=108&amp;c=\" rel=\"nofollow noopener\" target=\"_blank\"><strong>ici<\/strong><\/a><\/p>\n<p>&#8211;                  R\u00e9alisez votre 1er d\u00e9p\u00f4t puis placez votre 1er pari (Minimum 5\u20ac)<\/p>\n<p>&#8211;                  Une fois votre 1er d\u00e9p\u00f4t et votre 1er pari r\u00e9alis\u00e9s, l\u2019int\u00e9gralit\u00e9 du montant de ce 1er pari sera cr\u00e9dit\u00e9e sur votre compte joueur dans la limite de 100\u20ac maximum et sous la forme de cr\u00e9dits de jeu non retirables. Le cr\u00e9dit s\u2019effectuera alors en une seule \u00e9tape et sous 3 jours<\/p>\n<p>Jouer comporte des risques : endettement, d\u00e9pendance\u2026 Appelez le 09 74 75 13 13 (appel non surtax\u00e9)<\/p>\n","protected":false},"excerpt":{"rendered":"Publi\u00e9 le 06\/10\/2025 \u00e0 18h46 3 minutes de lecture F\u00e9ru de sport et plus particuli\u00e8rement de ballon rond&hellip;\n","protected":false},"author":2,"featured_media":443881,"comment_status":"","ping_status":"","sticky":false,"template":"","format":"standard","meta":{"footnotes":""},"categories":[9653],"tags":[1111,11,2430,1777,674,1011,27,12,25,4001],"class_list":{"0":"post-443880","1":"post","2":"type-post","3":"status-publish","4":"format-standard","5":"has-post-thumbnail","7":"category-saint-etienne","8":"tag-actu","9":"tag-actualites","10":"tag-auvergne-rhone-alpes","11":"tag-eu","12":"tag-europe","13":"tag-fr","14":"tag-france","15":"tag-news","16":"tag-republique-francaise","17":"tag-saint-etienne"},"share_on_mastodon":{"url":"https:\/\/pubeurope.com\/@fr\/115329766124085510","error":""},"_links":{"self":[{"href":"https:\/\/www.europesays.com\/fr\/wp-json\/wp\/v2\/posts\/443880","targetHints":{"allow":["GET"]}}],"collection":[{"href":"https:\/\/www.europesays.com\/fr\/wp-json\/wp\/v2\/posts"}],"about":[{"href":"https:\/\/www.europesays.com\/fr\/wp-json\/wp\/v2\/types\/post"}],"author":[{"embeddable":true,"href":"https:\/\/www.europesays.com\/fr\/wp-json\/wp\/v2\/users\/2"}],"replies":[{"embeddable":true,"href":"https:\/\/www.europesays.com\/fr\/wp-json\/wp\/v2\/comments?post=443880"}],"version-history":[{"count":0,"href":"https:\/\/www.europesays.com\/fr\/wp-json\/wp\/v2\/posts\/443880\/revisions"}],"wp:featuredmedia":[{"embeddable":true,"href":"https:\/\/www.europesays.com\/fr\/wp-json\/wp\/v2\/media\/443881"}],"wp:attachment":[{"href":"https:\/\/www.europesays.com\/fr\/wp-json\/wp\/v2\/media?parent=443880"}],"wp:term":[{"taxonomy":"category","embeddable":true,"href":"https:\/\/www.europesays.com\/fr\/wp-json\/wp\/v2\/categories?post=443880"},{"taxonomy":"post_tag","embeddable":true,"href":"https:\/\/www.europesays.com\/fr\/wp-json\/wp\/v2\/tags?post=443880"}],"curies":[{"name":"wp","href":"https:\/\/api.w.org\/{rel}","templated":true}]}}