{"id":443885,"date":"2025-10-06T23:18:10","date_gmt":"2025-10-06T23:18:10","guid":{"rendered":"https:\/\/www.europesays.com\/fr\/443885\/"},"modified":"2025-10-06T23:18:10","modified_gmt":"2025-10-06T23:18:10","slug":"apres-une-violente-agression-a-toulon-un-groupe-identitaire-sen-sort-au-tribunal","status":"publish","type":"post","link":"https:\/\/www.europesays.com\/fr\/443885\/","title":{"rendered":"Apr\u00e8s une violente agression \u00e0 Toulon, un groupe identitaire s\u2019en sort au tribunal"},"content":{"rendered":"<p>En mars\u00a02024, StreetPress \u00e9voquait l\u2019histoire de <a href=\"https:\/\/www.streetpress.com\/sujet\/1719224230-toulon-militant-neonazi-marine-nationale-identitaire-saluts-nazis-quartier-maitre-extreme-droite\" target=\"_blank\" rel=\"noopener\">Baptiste et d\u2019Ethan (1), deux lyc\u00e9ens agress\u00e9s par le groupe identitaire Le Maquis<\/a> \u00e0 Toulon. Agression qui avait valu 21\u00a0jours d\u2019ITT au premier, frapp\u00e9 \u00e0 la m\u00e2choire avec une pierre. Ce 3\u00a0octobre, <strong>quatre membres de <a href=\"https:\/\/cartofaf.streetpress.com\/liste\/le-maquis\/\" target=\"_blank\" rel=\"noopener\">la bande<\/a> \u00e9taient jug\u00e9s au tribunal de Toulon<\/strong> pour \u00ab\u00a0violences volontaires \u00e0 caract\u00e8re raciste\u00a0\u00bb. Sauf que l\u2019audience n\u2019aura pas dur\u00e9 tr\u00e8s longtemps. <\/p>\n<p><strong>La pr\u00e9sidente du tribunal a retenu la nullit\u00e9 de la proc\u00e9dure<\/strong>, demand\u00e9e par les avocats de la d\u00e9fense. Motif avanc\u00e9\u00a0:\u00a0le parquet n\u2019aurait pas suffisamment justifi\u00e9 la r\u00e9activation de l\u2019enqu\u00eate, relanc\u00e9e gr\u00e2ce \u00e0 un recours des plaignants apr\u00e8s un premier classement sans suite. <\/p>\n<blockquote>\n<p>\u00c0 LIRE AUSSI\u00a0:\u00a0<a href=\"https:\/\/www.streetpress.com\/sujet\/1719224230-toulon-militant-neonazi-marine-nationale-identitaire-saluts-nazis-quartier-maitre-extreme-droite\" target=\"_blank\" rel=\"noopener\">\u00c0 Toulon, le militant n\u00e9onazi est un gars de la Marine<\/a><\/p>\n<\/blockquote>\n<p>L\u2019agression remonte en juillet\u00a02024 sur une plage toulonnaise. Alors que Ethan reconna\u00eet le groupe identitaire venant de s\u2019installer, la situation d\u00e9g\u00e9n\u00e8re brusquement. \u00ab\u00a0J\u2019ai tourn\u00e9 la t\u00eate quelques instants, puis j\u2019ai vu des coups\u00a0\u00bb, avait t\u00e9moign\u00e9 Sacha, pr\u00e9sent sur la plage, aupr\u00e8s de StreetPress. La sc\u00e8ne tr\u00e8s violente s\u2019est arr\u00eat\u00e9e avec l\u2019aide des familles pr\u00e9sentes sur place. <strong>Baptiste, qui a pass\u00e9 quatre jours \u00e0 l\u2019h\u00f4pital, a \u00e9cop\u00e9 d\u2019une cicatrice \u00e0 vie<\/strong>. Selon la plainte des lyc\u00e9ens, un membre du Maquis serait parti en criant\u00a0: <\/p>\n<blockquote>\n<p>\u00ab\u00a0Les Noirs et les Arabes ne sont pas \u00e0 leur place en France.\u00a0\u00bb <\/p>\n<\/blockquote>\n<p>Les membres du Maquis perquisitionn\u00e9s<\/p>\n<p>En d\u00e9pit de cette violence, le tribunal a jug\u00e9 les perquisitions des domiciles disproportionn\u00e9es un an apr\u00e8s les faits. \u00c0 la barre, le procureur d\u00e9fend une proc\u00e9dure classique. D\u2019autant que <strong>l\u2019analyse des lignes t\u00e9l\u00e9phoniques a permis de prouver la pr\u00e9sence des pr\u00e9venus sur le lieu des faits<\/strong>. En l\u2019absence d\u2019un nouveau proc\u00e8s, les militants sont pr\u00e9sum\u00e9s innocents. <\/p>\n<p>Le verdict est amer pour les familles de Baptiste et d\u2019Ethan. Surtout qu\u2019il est possible de reconna\u00eetre un vice de proc\u00e9dure sans annuler les charges. <strong>D\u00e8s la sortie d\u2019audience, leur avocat annonce qu\u2019ils feront appel<\/strong>. La d\u00e9cision suscite d\u2019ailleurs suffisamment d\u2019incompr\u00e9hension dans la salle pour que la pr\u00e9sidente lance un avertissement un brin myst\u00e9rieux\u00a0:  <\/p>\n<blockquote>\n<p>\u00ab\u00a0Attention, si je lis des choses d\u00e9sagr\u00e9ables dans la presse, je saurai quoi faire.\u00a0\u00bb <\/p>\n<\/blockquote>\n<p>Du c\u00f4t\u00e9 de la d\u00e9fense, on refuse d\u2019\u00e9voquer le fond. \u00ab\u00a0La d\u00e9cision peut para\u00eetre frustrante, mais c\u2019est ce qui nous d\u00e9fend d\u2019un \u00c9tat autoritaire o\u00f9 la police peut d\u00e9barquer chez vous\u00a0\u00bb, ose Fabien Capella, avocat de Paul, le porte-parole du Maquis. \u00c0 la barre, l\u2019avocat Mathieu Sassi, habitu\u00e9 \u00e0 d\u00e9fendre des groupes identitaires, a \u00e9voqu\u00e9 rapidement l\u2019affaire <strong>pour la qualifier de \u00ab\u00a0querelle de mioches\u00a0\u00bb<\/strong>, \u00e0 coup de pierres donc. Pour rappel, seules les victimes \u00e9taient mineures au moment des faits. <\/p>\n<p>(1) Les pr\u00e9noms ont \u00e9t\u00e9 modifi\u00e9s.<\/p>\n<p>Illustration de Une par Caroline Varon.<\/p>\n","protected":false},"excerpt":{"rendered":"En mars\u00a02024, StreetPress \u00e9voquait l\u2019histoire de Baptiste et d\u2019Ethan (1), deux lyc\u00e9ens agress\u00e9s par le groupe identitaire Le&hellip;\n","protected":false},"author":2,"featured_media":443886,"comment_status":"","ping_status":"","sticky":false,"template":"","format":"standard","meta":{"footnotes":""},"categories":[9619],"tags":[1111,47,11,3625,1777,674,1011,27,1922,5180,12,626,316,882,25,5181,104,5179,5178,2310],"class_list":{"0":"post-443885","1":"post","2":"type-post","3":"status-publish","4":"format-standard","5":"has-post-thumbnail","7":"category-toulon","8":"tag-actu","9":"tag-actualite","10":"tag-actualites","11":"tag-banlieue","12":"tag-eu","13":"tag-europe","14":"tag-fr","15":"tag-france","16":"tag-info","17":"tag-magazine-urbain","18":"tag-news","19":"tag-paris","20":"tag-politique","21":"tag-provence-alpes-cote-dazur","22":"tag-republique-francaise","23":"tag-site-participatif","24":"tag-societe","25":"tag-street-press","26":"tag-streetpress","27":"tag-toulon"},"share_on_mastodon":{"url":"https:\/\/pubeurope.com\/@fr\/115329781215254298","error":""},"_links":{"self":[{"href":"https:\/\/www.europesays.com\/fr\/wp-json\/wp\/v2\/posts\/443885","targetHints":{"allow":["GET"]}}],"collection":[{"href":"https:\/\/www.europesays.com\/fr\/wp-json\/wp\/v2\/posts"}],"about":[{"href":"https:\/\/www.europesays.com\/fr\/wp-json\/wp\/v2\/types\/post"}],"author":[{"embeddable":true,"href":"https:\/\/www.europesays.com\/fr\/wp-json\/wp\/v2\/users\/2"}],"replies":[{"embeddable":true,"href":"https:\/\/www.europesays.com\/fr\/wp-json\/wp\/v2\/comments?post=443885"}],"version-history":[{"count":0,"href":"https:\/\/www.europesays.com\/fr\/wp-json\/wp\/v2\/posts\/443885\/revisions"}],"wp:featuredmedia":[{"embeddable":true,"href":"https:\/\/www.europesays.com\/fr\/wp-json\/wp\/v2\/media\/443886"}],"wp:attachment":[{"href":"https:\/\/www.europesays.com\/fr\/wp-json\/wp\/v2\/media?parent=443885"}],"wp:term":[{"taxonomy":"category","embeddable":true,"href":"https:\/\/www.europesays.com\/fr\/wp-json\/wp\/v2\/categories?post=443885"},{"taxonomy":"post_tag","embeddable":true,"href":"https:\/\/www.europesays.com\/fr\/wp-json\/wp\/v2\/tags?post=443885"}],"curies":[{"name":"wp","href":"https:\/\/api.w.org\/{rel}","templated":true}]}}