{"id":443893,"date":"2025-10-06T23:23:18","date_gmt":"2025-10-06T23:23:18","guid":{"rendered":"https:\/\/www.europesays.com\/fr\/443893\/"},"modified":"2025-10-06T23:23:18","modified_gmt":"2025-10-06T23:23:18","slug":"grenoble-ce-pont-tres-prise-par-les-automobilistes-rouvre-en-avance-apres-de-longs-travaux","status":"publish","type":"post","link":"https:\/\/www.europesays.com\/fr\/443893\/","title":{"rendered":"Grenoble. Ce pont tr\u00e8s pris\u00e9 par les automobilistes rouvre en avance apr\u00e8s de longs travaux"},"content":{"rendered":"<p>            Par<br \/>\n        <strong><br \/>\n            <a href=\"https:\/\/actu.fr\/auteur\/julien-sournies\" title=\"Consulter tous les articles de Julien Sournies\" target=\"_blank\" rel=\"noopener\">Julien Sournies<\/a><br \/>\n        <\/strong><\/p>\n<p>        Publi\u00e9 le<\/p>\n<p>            6 oct. 2025 \u00e0 17h46        <\/p>\n<p>D\u00e9but\u00e9 en mars dernier, le chantier sur cet axe tr\u00e8s emprunt\u00e9 par les automobilistes de la m\u00e9tropole de Grenoble vient d\u00e9finitivement de s\u2019achever.<\/p>\n<p class=\" wall-content\">Ce samedi 4\u00a0octobre 2025, le pont d\u2019Oxford, situ\u00e9 en entr\u00e9e de <a href=\"https:\/\/actu.fr\/grenoble\/\" target=\"_blank\" rel=\"noopener\">Grenoble<\/a> (<a href=\"https:\/\/actu.fr\/auvergne-rhone-alpes\/isere_38\" target=\"_blank\" rel=\"noopener\">Is\u00e8re<\/a>), a en effet rouvert<strong> compl\u00e8tement \u00e0 la circulation<\/strong>, de jour comme de nuit, et ce, \u00ab\u2009avec quelques semaines d\u2019avance sur le pr\u00e9visionnel des travaux\u2009\u00bb, annonce Grenoble Alpes M\u00e9tropole dans un communiqu\u00e9.<\/p>\n<p class=\" wall-content\">Pour rappel, les travaux devaient initialement se terminer <strong>d\u00e9but novembre<\/strong>.<\/p>\n<p>La partie r\u00e9serv\u00e9e aux v\u00e9los et pi\u00e9tons \u00e9largie<\/p>\n<p class=\" wall-content\">Dans le d\u00e9tail, \u00ab\u2009au total, 150\u00a0tonnes de c\u00e2bles ont \u00e9t\u00e9 remplac\u00e9es, afin de s\u00e9curiser les haubans qui soutiennent le pont, ab\u00eem\u00e9s par la corrosion\u2009\u00bb, explique la collectivit\u00e9.<\/p>\n<blockquote class=\"ac-article-quote wall-content\">\n<p>Ces derniers mois, chacun des c\u00e2bles a \u00e9t\u00e9 retir\u00e9, pas plus de deux simultan\u00e9ment pour ne pas d\u00e9stabiliser le pont. Ils ont \u00e9t\u00e9 remplac\u00e9s par des c\u00e2bles neufs allant de 27 \u00e0 130 m\u00e8tres de long, hiss\u00e9s, tendus et ancr\u00e9s dans le b\u00e9ton.<\/p>\n<p>    <strong>Grenoble Alpes M\u00e9tropole<\/strong>\n            <\/p><\/blockquote>\n<p class=\" wall-content\">La M\u00e9tropole pr\u00e9cise \u00e9galement qu\u2019au cours des travaux sur la chauss\u00e9e, la partie r\u00e9serv\u00e9e aux v\u00e9los et pi\u00e9tons a \u00e9t\u00e9 <strong>\u00e9largie<\/strong> \u00ab\u2009sans p\u00e9naliser la circulation des v\u00e9hicules\u2009\u00bb.<\/p>\n<p class=\" wall-content\">\u00c0 noter par ailleurs que ce chantier d\u2019ampleur a n\u00e9cessit\u00e9 un investissement de<strong> 5,4\u00a0millions d\u2019euros<\/strong>.<\/p>\n<p class=\" wall-content\">Personnalisez votre actualit\u00e9 en ajoutant vos villes et m\u00e9dias en favori avec <a href=\"https:\/\/moncompte.actu.fr\" title=\"D\u00e9couvez Mon Actu\" rel=\"nofollow noopener\" data-trk=\"{&quot;cta&quot;:{&quot;action&quot;:&quot;https:\\\/\\\/moncompte.actu.fr&quot;,&quot;category&quot;:&quot;mon compte&quot;,&quot;from&quot;:&quot;article footer&quot;,&quot;name&quot;:&quot;Mon actu&quot;,&quot;type&quot;:&quot;cta&quot;}}\" target=\"_blank\">Mon Actu<\/a>.<\/p>\n","protected":false},"excerpt":{"rendered":"Par Julien Sournies Publi\u00e9 le 6 oct. 2025 \u00e0 17h46 D\u00e9but\u00e9 en mars dernier, le chantier sur cet&hellip;\n","protected":false},"author":2,"featured_media":443894,"comment_status":"","ping_status":"","sticky":false,"template":"","format":"standard","meta":{"footnotes":""},"categories":[9566],"tags":[1111,11,2430,3542,1777,674,1011,27,2731,803,12,25,104,2086],"class_list":{"0":"post-443893","1":"post","2":"type-post","3":"status-publish","4":"format-standard","5":"has-post-thumbnail","7":"category-grenoble","8":"tag-actu","9":"tag-actualites","10":"tag-auvergne-rhone-alpes","11":"tag-circulation","12":"tag-eu","13":"tag-europe","14":"tag-fr","15":"tag-france","16":"tag-grenoble","17":"tag-info-trafic","18":"tag-news","19":"tag-republique-francaise","20":"tag-societe","21":"tag-travaux"},"share_on_mastodon":{"url":"https:\/\/pubeurope.com\/@fr\/115329800951909168","error":""},"_links":{"self":[{"href":"https:\/\/www.europesays.com\/fr\/wp-json\/wp\/v2\/posts\/443893","targetHints":{"allow":["GET"]}}],"collection":[{"href":"https:\/\/www.europesays.com\/fr\/wp-json\/wp\/v2\/posts"}],"about":[{"href":"https:\/\/www.europesays.com\/fr\/wp-json\/wp\/v2\/types\/post"}],"author":[{"embeddable":true,"href":"https:\/\/www.europesays.com\/fr\/wp-json\/wp\/v2\/users\/2"}],"replies":[{"embeddable":true,"href":"https:\/\/www.europesays.com\/fr\/wp-json\/wp\/v2\/comments?post=443893"}],"version-history":[{"count":0,"href":"https:\/\/www.europesays.com\/fr\/wp-json\/wp\/v2\/posts\/443893\/revisions"}],"wp:featuredmedia":[{"embeddable":true,"href":"https:\/\/www.europesays.com\/fr\/wp-json\/wp\/v2\/media\/443894"}],"wp:attachment":[{"href":"https:\/\/www.europesays.com\/fr\/wp-json\/wp\/v2\/media?parent=443893"}],"wp:term":[{"taxonomy":"category","embeddable":true,"href":"https:\/\/www.europesays.com\/fr\/wp-json\/wp\/v2\/categories?post=443893"},{"taxonomy":"post_tag","embeddable":true,"href":"https:\/\/www.europesays.com\/fr\/wp-json\/wp\/v2\/tags?post=443893"}],"curies":[{"name":"wp","href":"https:\/\/api.w.org\/{rel}","templated":true}]}}