{"id":443900,"date":"2025-10-06T23:28:07","date_gmt":"2025-10-06T23:28:07","guid":{"rendered":"https:\/\/www.europesays.com\/fr\/443900\/"},"modified":"2025-10-06T23:28:07","modified_gmt":"2025-10-06T23:28:07","slug":"retour-en-36-photos-sur-la-10e-edition-de-ya-du-monde-au-balcon","status":"publish","type":"post","link":"https:\/\/www.europesays.com\/fr\/443900\/","title":{"rendered":"retour en 36 photos sur la 10e \u00e9dition de \u00ab Y\u2019a du monde au balcon \u00bb"},"content":{"rendered":"<p>    <img loading=\"lazy\" width=\"1800\" height=\"900\" src=\"https:\/\/www.europesays.com\/fr\/wp-content\/uploads\/2025\/08\/jeanne-callthepolice.jpg\" class=\"attachment-full size-full\" alt=\"\" id=\"imageLove\" decoding=\"async\"  \/><\/p>\n<p id=\"breadcrumbs\"><a href=\"https:\/\/pokaa.fr\/\" target=\"_blank\" rel=\"noopener\">Accueil<\/a> \/ <a href=\"https:\/\/pokaa.fr\/categories\/strasbourg\/\" target=\"_blank\" rel=\"noopener\">Strasbourg<\/a> \/ Neudorf en f\u00eate : retour en 36 photos sur la 10e \u00e9dition de \u00ab Y\u2019a du monde au balcon \u00bb<\/p>\n<p>                    Strasbourg<\/p>\n<p><strong>Dimanche 5 octobre s\u2019est tenue, en plein c\u0153ur du Neudorf, la dixi\u00e8me \u00e9dition du festival \u00ab Y\u2019a du monde au balcon \u00bb. Au programme : un apr\u00e8s-midi de concerts gratuits et (litt\u00e9ralement) perch\u00e9s dans la rue du Ruisseau-Bleu \u00e0 Strasbourg, mais aussi du th\u00e9\u00e2tre et des paillettes. Bref, de quoi r\u00e9jouir petit(e)s et grand(e)s pour un moment convivial. On vous montre en photos.<\/strong><\/p>\n<p>Y\u2019a du monde au balcon, k\u00e9zako\u00a0<strong>? Depuis 10 ans, des artistes locaux\/les se donnent rendez-vous pour un apr\u00e8s-midi de concerts gratuits depuis\u2026 Un balcon neudorfois, rue du Ruisseau-Bleu ! <\/strong><\/p>\n<p>    <img width=\"800\" height=\"533\" src=\"https:\/\/www.europesays.com\/fr\/wp-content\/uploads\/2025\/10\/ya-du-monde-au-balcon-36-800x533.jpg\" class=\"attachment-image-size-L size-image-size-L\" alt=\"Y\u2019a du monde au balcon (36)\" decoding=\"async\" loading=\"lazy\"  \/>         \u00a9 Marie Goehner-David \/ Pokaa <\/p>\n<p>L\u2019\u00e9v\u00e9nement est n\u00e9 de l\u2019initiative de trois voisins, Michel, David et Taner, qui ont fait d\u2019un d\u00e9lire entre potes un v\u00e9ritable rendez-vous annuel. <strong>On y ram\u00e8ne de quoi boire, manger, partager, et on profite des animations aux fen\u00eatres ou dans la rue,<\/strong> bibine (ou biberon pour les plus jeunes) \u00e0 la main, pour un moment convivial et gratuit.<\/p>\n<p>                <img width=\"750\" height=\"500\" src=\"https:\/\/www.europesays.com\/fr\/wp-content\/uploads\/2025\/10\/ya-du-monde-au-balcon-39-750x500.jpg\" class=\"attachment-gallery size-gallery\" alt=\"Y\u2019a du monde au balcon (39)\" data-full-url=\"https:\/\/pokaa.fr\/wp-content\/uploads\/2025\/10\/06\/ya-du-monde-au-balcon-39-1500x1000.jpg\" decoding=\"async\" loading=\"lazy\"  \/>            <\/p>\n<p>                <img width=\"750\" height=\"500\" src=\"https:\/\/www.europesays.com\/fr\/wp-content\/uploads\/2025\/10\/ya-du-monde-au-balcon-46-750x500.jpg\" class=\"attachment-gallery size-gallery\" alt=\"Y\u2019a du monde au balcon (46)\" data-full-url=\"https:\/\/pokaa.fr\/wp-content\/uploads\/2025\/10\/06\/ya-du-monde-au-balcon-46-1500x1000.jpg\" decoding=\"async\" loading=\"lazy\"  \/>            <\/p>\n<p>                <img width=\"750\" height=\"500\" src=\"https:\/\/www.europesays.com\/fr\/wp-content\/uploads\/2025\/10\/ya-du-monde-au-balcon-41-750x500.jpg\" class=\"attachment-gallery size-gallery\" alt=\"Y\u2019a du monde au balcon (41)\" data-full-url=\"https:\/\/pokaa.fr\/wp-content\/uploads\/2025\/10\/06\/ya-du-monde-au-balcon-41-1500x1000.jpg\" decoding=\"async\" loading=\"lazy\"  \/>            <\/p>\n<p>                <img width=\"750\" height=\"500\" src=\"https:\/\/www.europesays.com\/fr\/wp-content\/uploads\/2025\/10\/ya-du-monde-au-balcon-33-750x500.jpg\" class=\"attachment-gallery size-gallery\" alt=\"Y\u2019a du monde au balcon (33)\" data-full-url=\"https:\/\/pokaa.fr\/wp-content\/uploads\/2025\/10\/06\/ya-du-monde-au-balcon-33-1500x1000.jpg\" decoding=\"async\" loading=\"lazy\"  \/>            <\/p>\n<p>                    \u00a9 Marie Goehner-David \/ Pokaa<\/p>\n<p>    <img width=\"1200\" height=\"800\" src=\"https:\/\/www.europesays.com\/fr\/wp-content\/uploads\/2025\/10\/ya-du-monde-au-balcon-31-1200x800.jpg\" class=\"attachment-image-size-XL size-image-size-XL\" alt=\"Y\u2019a du monde au balcon (31)\" decoding=\"async\" loading=\"lazy\"  \/>         \u00a9 Marie Goehner-David \/ Pokaa <\/p>\n<p>                <img width=\"750\" height=\"500\" src=\"https:\/\/www.europesays.com\/fr\/wp-content\/uploads\/2025\/10\/ya-du-monde-au-balcon-44-750x500.jpg\" class=\"attachment-gallery size-gallery\" alt=\"Y\u2019a du monde au balcon (44)\" data-full-url=\"https:\/\/pokaa.fr\/wp-content\/uploads\/2025\/10\/06\/ya-du-monde-au-balcon-44-1500x1000.jpg\" decoding=\"async\" loading=\"lazy\"  \/>            <\/p>\n<p>                <img width=\"750\" height=\"500\" src=\"https:\/\/www.europesays.com\/fr\/wp-content\/uploads\/2025\/10\/ya-du-monde-au-balcon-43-750x500.jpg\" class=\"attachment-gallery size-gallery\" alt=\"Y\u2019a du monde au balcon (43)\" data-full-url=\"https:\/\/pokaa.fr\/wp-content\/uploads\/2025\/10\/06\/ya-du-monde-au-balcon-43-1500x1000.jpg\" decoding=\"async\" loading=\"lazy\"  \/>            <\/p>\n<p>                <img width=\"750\" height=\"500\" src=\"https:\/\/www.europesays.com\/fr\/wp-content\/uploads\/2025\/10\/ya-du-monde-au-balcon-30-750x500.jpg\" class=\"attachment-gallery size-gallery\" alt=\"Y\u2019a du monde au balcon (30)\" data-full-url=\"https:\/\/pokaa.fr\/wp-content\/uploads\/2025\/10\/06\/ya-du-monde-au-balcon-30-1500x1000.jpg\" decoding=\"async\" loading=\"lazy\"  \/>            <\/p>\n<p>                <img width=\"750\" height=\"500\" src=\"https:\/\/www.europesays.com\/fr\/wp-content\/uploads\/2025\/10\/ya-du-monde-au-balcon-28-750x500.jpg\" class=\"attachment-gallery size-gallery\" alt=\"Y\u2019a du monde au balcon (28)\" data-full-url=\"https:\/\/pokaa.fr\/wp-content\/uploads\/2025\/10\/06\/ya-du-monde-au-balcon-28-1500x1000.jpg\" decoding=\"async\" loading=\"lazy\"  \/>            <\/p>\n<p>                    \u00a9 Marie Goehner-David \/ Pokaa<\/p>\n<p>Ouvrez les fen\u00eatres : la rue du Ruisseau-Bleu s\u2019enflamme<\/p>\n<p>Cette ann\u00e9e, on s\u2019est ambianc\u00e9 avec un set techno et une immersion berlinoise par <strong>Basile &amp; Nils<\/strong>, une pi\u00e8ce de th\u00e9\u00e2tre dans les bosquets avec la compagnie <a href=\"https:\/\/www.instagram.com\/revienspourdiscuter\/\" target=\"_blank\" rel=\"noopener\"><strong>Reviens pour discuter<\/strong><\/a>, le piano sur roulettes de <a href=\"https:\/\/www.instagram.com\/sebastientroendle\/\" target=\"_blank\" rel=\"noopener\"><strong>S\u00e9bastien Troendl\u00e9<\/strong><\/a>, les sons rock de <a href=\"https:\/\/www.instagram.com\/yojimbo_stoner_band\/\" target=\"_blank\" rel=\"noopener\"><strong>Yojimbo<\/strong><\/a> ou des <a href=\"https:\/\/www.instagram.com\/theflouks\/\" target=\"_blank\" rel=\"noopener\"><strong>Flouk\u2019s<\/strong><\/a>, ou encore la musique latino-am\u00e9ricaine de <a href=\"https:\/\/www.instagram.com\/lajawqa.band\/\" target=\"_blank\" rel=\"noopener\"><strong>La Jawqa<\/strong><\/a>.<\/p>\n<p>Mais aussi les vibes transcendantes de <a href=\"https:\/\/www.instagram.com\/goldencutband\/\" target=\"_blank\" rel=\"noopener\"><strong>Goldencut<\/strong><\/a>, et le <strong>Karaodance de l\u2019asso <a href=\"https:\/\/www.instagram.com\/boumbabygang\/\" target=\"_blank\" rel=\"noopener\">Boum Baby Gang<\/a><\/strong>, le tout anim\u00e9 par l\u2019iconique <a href=\"https:\/\/www.instagram.com\/noxima_marley\/\" target=\"_blank\" rel=\"noopener\"><strong>N\u00f6x\u00efm\u00e4 Marley<\/strong><\/a>. On vous fait un retour en photos de cette journ\u00e9e anim\u00e9e par des p\u00e9pites locales, et on vous laisse <a href=\"https:\/\/www.facebook.com\/yadumondeaubalconfestival\" target=\"_blank\" rel=\"noopener\"><strong>le lien ici<\/strong><\/a> pour suivre le festival et ses actus\u00a0!<\/p>\n<p>    <img width=\"800\" height=\"533\" src=\"https:\/\/www.europesays.com\/fr\/wp-content\/uploads\/2025\/10\/ya-du-monde-au-balcon-47-800x533.jpg\" class=\"attachment-image-size-L size-image-size-L\" alt=\"Y\u2019a du monde au balcon (47)\" decoding=\"async\" loading=\"lazy\"  \/>         \u00a9 Marie Goehner-David \/ Pokaa <\/p>\n<p>                <img width=\"750\" height=\"500\" src=\"https:\/\/www.europesays.com\/fr\/wp-content\/uploads\/2025\/10\/ya-du-monde-au-balcon-45-750x500.jpg\" class=\"attachment-gallery size-gallery\" alt=\"Y\u2019a du monde au balcon (45)\" data-full-url=\"https:\/\/pokaa.fr\/wp-content\/uploads\/2025\/10\/06\/ya-du-monde-au-balcon-45-1500x1000.jpg\" decoding=\"async\" loading=\"lazy\"  \/>            <\/p>\n<p>                <img width=\"750\" height=\"500\" src=\"https:\/\/www.europesays.com\/fr\/wp-content\/uploads\/2025\/10\/ya-du-monde-au-balcon-40-750x500.jpg\" class=\"attachment-gallery size-gallery\" alt=\"Y\u2019a du monde au balcon (40)\" data-full-url=\"https:\/\/pokaa.fr\/wp-content\/uploads\/2025\/10\/06\/ya-du-monde-au-balcon-40-1500x1000.jpg\" decoding=\"async\" loading=\"lazy\"  \/>            <\/p>\n<p>                <img width=\"732\" height=\"500\" src=\"https:\/\/www.europesays.com\/fr\/wp-content\/uploads\/2025\/10\/ya-du-monde-au-balcon-37-732x500.jpg\" class=\"attachment-gallery size-gallery\" alt=\"Y\u2019a du monde au balcon (37)\" data-full-url=\"https:\/\/pokaa.fr\/wp-content\/uploads\/2025\/10\/06\/ya-du-monde-au-balcon-37-1500x1024.jpg\" decoding=\"async\" loading=\"lazy\"  \/>            <\/p>\n<p>                    \u00a9 Marie Goehner-David \/ Pokaa<\/p>\n<p>                <img width=\"750\" height=\"500\" src=\"https:\/\/www.europesays.com\/fr\/wp-content\/uploads\/2025\/10\/ya-du-monde-au-balcon-54-750x500.jpg\" class=\"attachment-gallery size-gallery\" alt=\"Y\u2019a du monde au balcon (54)\" data-full-url=\"https:\/\/pokaa.fr\/wp-content\/uploads\/2025\/10\/06\/ya-du-monde-au-balcon-54-1500x1000.jpg\" decoding=\"async\" loading=\"lazy\"  \/>            <\/p>\n<p>                <img width=\"750\" height=\"500\" src=\"https:\/\/www.europesays.com\/fr\/wp-content\/uploads\/2025\/10\/ya-du-monde-au-balcon-56-750x500.jpg\" class=\"attachment-gallery size-gallery\" alt=\"Y\u2019a du monde au balcon (56)\" data-full-url=\"https:\/\/pokaa.fr\/wp-content\/uploads\/2025\/10\/06\/ya-du-monde-au-balcon-56-1500x1000.jpg\" decoding=\"async\" loading=\"lazy\"  \/>            <\/p>\n<p>                <img width=\"750\" height=\"500\" src=\"https:\/\/www.europesays.com\/fr\/wp-content\/uploads\/2025\/10\/ya-du-monde-au-balcon-1-750x500.jpg\" class=\"attachment-gallery size-gallery\" alt=\"Y\u2019a du monde au balcon (1)\" data-full-url=\"https:\/\/pokaa.fr\/wp-content\/uploads\/2025\/10\/06\/ya-du-monde-au-balcon-1-1500x1000.jpg\" decoding=\"async\" loading=\"lazy\"  \/>            <\/p>\n<p>                <img width=\"750\" height=\"500\" src=\"https:\/\/www.europesays.com\/fr\/wp-content\/uploads\/2025\/10\/ya-du-monde-au-balcon-2-750x500.jpg\" class=\"attachment-gallery size-gallery\" alt=\"Y\u2019a du monde au balcon (2)\" data-full-url=\"https:\/\/pokaa.fr\/wp-content\/uploads\/2025\/10\/06\/ya-du-monde-au-balcon-2-1500x1000.jpg\" decoding=\"async\" loading=\"lazy\"  \/>            <\/p>\n<p>                <img width=\"750\" height=\"500\" src=\"https:\/\/www.europesays.com\/fr\/wp-content\/uploads\/2025\/10\/ya-du-monde-au-balcon-8-compagnie-reviens-pour-discuter-750x500.jpg\" class=\"attachment-gallery size-gallery\" alt=\"Y\u2019a du monde au balcon (8) compagnie reviens pour discuter\" data-full-url=\"https:\/\/pokaa.fr\/wp-content\/uploads\/2025\/10\/06\/ya-du-monde-au-balcon-8-compagnie-reviens-pour-discuter-1500x1000.jpg\" decoding=\"async\" loading=\"lazy\"  \/>            <\/p>\n<p>                <img width=\"750\" height=\"500\" src=\"https:\/\/www.europesays.com\/fr\/wp-content\/uploads\/2025\/10\/ya-du-monde-au-balcon-53-750x500.jpg\" class=\"attachment-gallery size-gallery\" alt=\"Y\u2019a du monde au balcon (53)\" data-full-url=\"https:\/\/pokaa.fr\/wp-content\/uploads\/2025\/10\/06\/ya-du-monde-au-balcon-53-1500x1000.jpg\" decoding=\"async\" loading=\"lazy\"  \/>            <\/p>\n<p>                <img width=\"750\" height=\"500\" src=\"https:\/\/www.europesays.com\/fr\/wp-content\/uploads\/2025\/10\/ya-du-monde-au-balcon-21-compagnie-reviens-pour-discuter-750x500.jpg\" class=\"attachment-gallery size-gallery\" alt=\"Y\u2019a du monde au balcon (21) compagnie reviens pour discuter\" data-full-url=\"https:\/\/pokaa.fr\/wp-content\/uploads\/2025\/10\/06\/ya-du-monde-au-balcon-21-compagnie-reviens-pour-discuter-1500x1000.jpg\" decoding=\"async\" loading=\"lazy\"  \/>            <\/p>\n<p>                <img width=\"750\" height=\"500\" src=\"https:\/\/www.europesays.com\/fr\/wp-content\/uploads\/2025\/10\/ya-du-monde-au-balcon-13-compagnie-reviens-pour-discuter-750x500.jpg\" class=\"attachment-gallery size-gallery\" alt=\"Y\u2019a du monde au balcon (13) compagnie reviens pour discuter\" data-full-url=\"https:\/\/pokaa.fr\/wp-content\/uploads\/2025\/10\/06\/ya-du-monde-au-balcon-13-compagnie-reviens-pour-discuter-1500x1000.jpg\" decoding=\"async\" loading=\"lazy\"  \/>            <\/p>\n<p>                <img width=\"750\" height=\"500\" src=\"https:\/\/www.europesays.com\/fr\/wp-content\/uploads\/2025\/10\/ya-du-monde-au-balcon-9-compagnie-reviens-pour-discuter-750x500.jpg\" class=\"attachment-gallery size-gallery\" alt=\"Y\u2019a du monde au balcon (9) compagnie reviens pour discuter\" data-full-url=\"https:\/\/pokaa.fr\/wp-content\/uploads\/2025\/10\/06\/ya-du-monde-au-balcon-9-compagnie-reviens-pour-discuter-1500x1000.jpg\" decoding=\"async\" loading=\"lazy\"  \/>            <\/p>\n<p>                <img width=\"750\" height=\"500\" src=\"https:\/\/www.europesays.com\/fr\/wp-content\/uploads\/2025\/10\/ya-du-monde-au-balcon-10-compagnie-reviens-pour-discuter-750x500.jpg\" class=\"attachment-gallery size-gallery\" alt=\"Y\u2019a du monde au balcon (10) compagnie reviens pour discuter\" data-full-url=\"https:\/\/pokaa.fr\/wp-content\/uploads\/2025\/10\/06\/ya-du-monde-au-balcon-10-compagnie-reviens-pour-discuter-1500x1000.jpg\" decoding=\"async\" loading=\"lazy\"  \/>            <\/p>\n<p>                    \u00a9 Marie Goehner-David \/ Pokaa<\/p>\n<p>    <img width=\"800\" height=\"533\" src=\"https:\/\/www.europesays.com\/fr\/wp-content\/uploads\/2025\/10\/ya-du-monde-au-balcon-51-noxima-marley-800x533.jpg\" class=\"attachment-image-size-L size-image-size-L\" alt=\"Y\u2019a du monde au balcon (51) Noxima Marley\" decoding=\"async\" loading=\"lazy\"  \/>         \u00a9 Marie Goehner-David \/ Pokaa <\/p>\n<p>                <img width=\"750\" height=\"500\" src=\"https:\/\/www.europesays.com\/fr\/wp-content\/uploads\/2025\/10\/ya-du-monde-au-balcon-20-750x500.jpg\" class=\"attachment-gallery size-gallery\" alt=\"Y\u2019a du monde au balcon (20)\" data-full-url=\"https:\/\/pokaa.fr\/wp-content\/uploads\/2025\/10\/06\/ya-du-monde-au-balcon-20-1500x1000.jpg\" decoding=\"async\" loading=\"lazy\"  \/>            <\/p>\n<p>                <img width=\"750\" height=\"500\" src=\"https:\/\/www.europesays.com\/fr\/wp-content\/uploads\/2025\/10\/ya-du-monde-au-balcon-21-750x500.jpg\" class=\"attachment-gallery size-gallery\" alt=\"Y\u2019a du monde au balcon (21)\" data-full-url=\"https:\/\/pokaa.fr\/wp-content\/uploads\/2025\/10\/06\/ya-du-monde-au-balcon-21-1500x1000.jpg\" decoding=\"async\" loading=\"lazy\"  \/>            <\/p>\n<p>                <img width=\"750\" height=\"500\" src=\"https:\/\/www.europesays.com\/fr\/wp-content\/uploads\/2025\/10\/ya-du-monde-au-balcon-25-750x500.jpg\" class=\"attachment-gallery size-gallery\" alt=\"Y\u2019a du monde au balcon (25)\" data-full-url=\"https:\/\/pokaa.fr\/wp-content\/uploads\/2025\/10\/06\/ya-du-monde-au-balcon-25-1500x1000.jpg\" decoding=\"async\" loading=\"lazy\"  \/>            <\/p>\n<p>                <img width=\"750\" height=\"500\" src=\"https:\/\/www.europesays.com\/fr\/wp-content\/uploads\/2025\/10\/ya-du-monde-au-balcon-23-750x500.jpg\" class=\"attachment-gallery size-gallery\" alt=\"Y\u2019a du monde au balcon (23)\" data-full-url=\"https:\/\/pokaa.fr\/wp-content\/uploads\/2025\/10\/06\/ya-du-monde-au-balcon-23-1500x1000.jpg\" decoding=\"async\" loading=\"lazy\"  \/>            <\/p>\n<p>                    \u00a9 Marie Goehner-David \/ Pokaa<\/p>\n<p>    <img width=\"800\" height=\"533\" src=\"https:\/\/www.europesays.com\/fr\/wp-content\/uploads\/2025\/10\/ya-du-monde-au-balcon-52-800x533.jpg\" class=\"attachment-image-size-L size-image-size-L\" alt=\"Y\u2019a du monde au balcon (52)\" decoding=\"async\" loading=\"lazy\"  \/>         \u00a9 Marie Goehner-David \/ Pokaa <\/p>\n<p>                <img width=\"750\" height=\"500\" src=\"https:\/\/www.europesays.com\/fr\/wp-content\/uploads\/2025\/10\/ya-du-monde-au-balcon-52-noxima-marley-750x500.jpg\" class=\"attachment-gallery size-gallery\" alt=\"Y\u2019a du monde au balcon (52) Noxima Marley\" data-full-url=\"https:\/\/pokaa.fr\/wp-content\/uploads\/2025\/10\/06\/ya-du-monde-au-balcon-52-noxima-marley-1500x1000.jpg\" decoding=\"async\" loading=\"lazy\"  \/>            <\/p>\n<p>                <img width=\"750\" height=\"500\" src=\"https:\/\/www.europesays.com\/fr\/wp-content\/uploads\/2025\/10\/ya-du-monde-au-balcon-29-750x500.jpg\" class=\"attachment-gallery size-gallery\" alt=\"Y\u2019a du monde au balcon (29)\" data-full-url=\"https:\/\/pokaa.fr\/wp-content\/uploads\/2025\/10\/06\/ya-du-monde-au-balcon-29-1500x1000.jpg\" decoding=\"async\" loading=\"lazy\"  \/>            <\/p>\n<p>                <img width=\"750\" height=\"500\" src=\"https:\/\/www.europesays.com\/fr\/wp-content\/uploads\/2025\/10\/ya-du-monde-au-balcon-26-750x500.jpg\" class=\"attachment-gallery size-gallery\" alt=\"Y\u2019a du monde au balcon (26)\" data-full-url=\"https:\/\/pokaa.fr\/wp-content\/uploads\/2025\/10\/06\/ya-du-monde-au-balcon-26-1500x1000.jpg\" decoding=\"async\" loading=\"lazy\"  \/>            <\/p>\n<p>                <img width=\"750\" height=\"500\" src=\"https:\/\/www.europesays.com\/fr\/wp-content\/uploads\/2025\/10\/ya-du-monde-au-balcon-24-750x500.jpg\" class=\"attachment-gallery size-gallery\" alt=\"Y\u2019a du monde au balcon (24)\" data-full-url=\"https:\/\/pokaa.fr\/wp-content\/uploads\/2025\/10\/06\/ya-du-monde-au-balcon-24-1500x1000.jpg\" decoding=\"async\" loading=\"lazy\"  \/>            <\/p>\n<p>                <img width=\"698\" height=\"500\" src=\"https:\/\/www.europesays.com\/fr\/wp-content\/uploads\/2025\/10\/ya-du-monde-au-balcon-22-698x500.jpg\" class=\"attachment-gallery size-gallery\" alt=\"Y\u2019a du monde au balcon (22)\" data-full-url=\"https:\/\/pokaa.fr\/wp-content\/uploads\/2025\/10\/06\/ya-du-monde-au-balcon-22-1500x1075.jpg\" decoding=\"async\" loading=\"lazy\"  \/>            <\/p>\n<p>                <img width=\"750\" height=\"500\" src=\"https:\/\/www.europesays.com\/fr\/wp-content\/uploads\/2025\/10\/ya-du-monde-au-balcon-34-750x500.jpg\" class=\"attachment-gallery size-gallery\" alt=\"Y\u2019a du monde au balcon (34)\" data-full-url=\"https:\/\/pokaa.fr\/wp-content\/uploads\/2025\/10\/06\/ya-du-monde-au-balcon-34-1500x1000.jpg\" decoding=\"async\" loading=\"lazy\"  \/>            <\/p>\n<p>                    \u00a9 Marie Goehner-David \/ Pokaa<\/p>\n<p><script async src=\"\/\/www.instagram.com\/embed.js\"><\/script><\/p>\n","protected":false},"excerpt":{"rendered":"Accueil \/ Strasbourg \/ Neudorf en f\u00eate : retour en 36 photos sur la 10e \u00e9dition de \u00ab&hellip;\n","protected":false},"author":2,"featured_media":443901,"comment_status":"","ping_status":"","sticky":false,"template":"","format":"standard","meta":{"footnotes":""},"categories":[2820],"tags":[1111,11,4156,1777,674,1011,27,775,2894,12,25,640,57019],"class_list":{"0":"post-443900","1":"post","2":"type-post","3":"status-publish","4":"format-standard","5":"has-post-thumbnail","7":"category-strasbourg","8":"tag-actu","9":"tag-actualites","10":"tag-concerts","11":"tag-eu","12":"tag-europe","13":"tag-fr","14":"tag-france","15":"tag-grand-est","16":"tag-neudorf","17":"tag-news","18":"tag-republique-francaise","19":"tag-strasbourg","20":"tag-ya-du-monde-au-balcon"},"share_on_mastodon":{"url":"https:\/\/pubeurope.com\/@fr\/115329825691836172","error":""},"_links":{"self":[{"href":"https:\/\/www.europesays.com\/fr\/wp-json\/wp\/v2\/posts\/443900","targetHints":{"allow":["GET"]}}],"collection":[{"href":"https:\/\/www.europesays.com\/fr\/wp-json\/wp\/v2\/posts"}],"about":[{"href":"https:\/\/www.europesays.com\/fr\/wp-json\/wp\/v2\/types\/post"}],"author":[{"embeddable":true,"href":"https:\/\/www.europesays.com\/fr\/wp-json\/wp\/v2\/users\/2"}],"replies":[{"embeddable":true,"href":"https:\/\/www.europesays.com\/fr\/wp-json\/wp\/v2\/comments?post=443900"}],"version-history":[{"count":0,"href":"https:\/\/www.europesays.com\/fr\/wp-json\/wp\/v2\/posts\/443900\/revisions"}],"wp:featuredmedia":[{"embeddable":true,"href":"https:\/\/www.europesays.com\/fr\/wp-json\/wp\/v2\/media\/443901"}],"wp:attachment":[{"href":"https:\/\/www.europesays.com\/fr\/wp-json\/wp\/v2\/media?parent=443900"}],"wp:term":[{"taxonomy":"category","embeddable":true,"href":"https:\/\/www.europesays.com\/fr\/wp-json\/wp\/v2\/categories?post=443900"},{"taxonomy":"post_tag","embeddable":true,"href":"https:\/\/www.europesays.com\/fr\/wp-json\/wp\/v2\/tags?post=443900"}],"curies":[{"name":"wp","href":"https:\/\/api.w.org\/{rel}","templated":true}]}}