{"id":443912,"date":"2025-10-06T23:35:26","date_gmt":"2025-10-06T23:35:26","guid":{"rendered":"https:\/\/www.europesays.com\/fr\/443912\/"},"modified":"2025-10-06T23:35:26","modified_gmt":"2025-10-06T23:35:26","slug":"girondins-le-flop-de-stade-poitevin-bordeaux-0-3","status":"publish","type":"post","link":"https:\/\/www.europesays.com\/fr\/443912\/","title":{"rendered":"Girondins : le flop de Stade Poitevin-Bordeaux (0-3)"},"content":{"rendered":"<p>\n    06\/10 &#8211; 15:06 | Par Nicolas Pietrelli | Il y a<br \/>\n    10 heures\n  <\/p>\n<p><strong>D\u00e9couvrez le flop bordelais du match entre le Stade Poitevin et les Girondins de Bordeaux (0-3).&#13;<br \/>\n<\/strong><\/p>\n<p><img decoding=\"async\" src=\"https:\/\/www.europesays.com\/fr\/wp-content\/uploads\/2025\/10\/671_caff11b385582fd6508bab39eff7ee2a.jpg\" alt=\"Girondins : le flop de Stade Poitevin-Bordeaux (0-3)&#9;\" class=\"img-responsive mt-3\"\/><\/p>\n<p class=\"text-center mb-3\" style=\"font-size: 14px\">\u00a9 Iconsport<\/p>\n<p>\u00c9coutez dans le podcast court ci-dessous le flop de cette rencontre (moins d&rsquo;une minute) :<\/p>\n<p>\u00a0<\/p>\n<p>\u00a0<\/p>\n<p class=\"px-0\">\u00c0 lire &gt;&gt; <strong><a href=\"https:\/\/www.webgirondins.com\/actualite-girondins-girondins-la-reaction-de-bruno-irles-apres-le-succes-a-poitiers-0-3-130687\" target=\"_blank\" rel=\"noopener\">Girondins : la r\u00e9action de Bruno Irl\u00e8s apr\u00e8s le succ\u00e8s \u00e0 Poitiers (0\u20133)<\/a><\/strong><\/p>\n<p class=\"px-0\">\u00c0 vous de voter :<\/p>\n<p>\u00a0<\/p>\n<p>    <a href=\"https:\/\/www.webgirondins.com\/actualites-categorie-les-tops-et-les-flops-19\" target=\"_blank\" rel=\"noopener\">#Les Tops et les Flops<\/a><\/p>\n<p>    <a href=\"https:\/\/www.facebook.com\/sharer\/sharer.php?u=https:\/\/www.webgirondins.com\/actualite-girondins-girondins-le-flop-de-stade-poitevin-bordeaux-0-3-130694\" rel=\"external nofollow noopener\" target=\"_blank\" class=\"btn btn--facebook\">Partager<\/a><br \/>\n    <a href=\"https:\/\/twitter.com\/intent\/tweet?url=https:\/\/www.webgirondins.com\/actualite-girondins-girondins-le-flop-de-stade-poitevin-bordeaux-0-3-130694\" rel=\"external nofollow noopener\" target=\"_blank\" class=\"btn btn--twitter\">Tweeter<\/a><\/p>\n<p>  COMMENTAIRES<br \/>\n  ()<\/p>\n<p> <script async src=\"https:\/\/platform.twitter.com\/widgets.js\" charset=\"utf-8\"><\/script><\/p>\n","protected":false},"excerpt":{"rendered":"06\/10 &#8211; 15:06 | Par Nicolas Pietrelli | Il y a 10 heures D\u00e9couvrez le flop bordelais du&hellip;\n","protected":false},"author":2,"featured_media":443913,"comment_status":"","ping_status":"","sticky":false,"template":"","format":"standard","meta":{"footnotes":""},"categories":[2817],"tags":[1111,11,1997,6950,3474,2834,1777,674,57020,1011,27,1987,955,12,2219,36302,25,2858],"class_list":{"0":"post-443912","1":"post","2":"type-post","3":"status-publish","4":"format-standard","5":"has-post-thumbnail","7":"category-bordeaux","8":"tag-actu","9":"tag-actualites","10":"tag-bordeaux","11":"tag-bordelais","12":"tag-decouvrez","13":"tag-entre","14":"tag-eu","15":"tag-europe","16":"tag-flop","17":"tag-fr","18":"tag-france","19":"tag-girondins","20":"tag-match","21":"tag-news","22":"tag-nouvelle-aquitaine","23":"tag-poitevin","24":"tag-republique-francaise","25":"tag-stade"},"share_on_mastodon":{"url":"https:\/\/pubeurope.com\/@fr\/115329848058200838","error":""},"_links":{"self":[{"href":"https:\/\/www.europesays.com\/fr\/wp-json\/wp\/v2\/posts\/443912","targetHints":{"allow":["GET"]}}],"collection":[{"href":"https:\/\/www.europesays.com\/fr\/wp-json\/wp\/v2\/posts"}],"about":[{"href":"https:\/\/www.europesays.com\/fr\/wp-json\/wp\/v2\/types\/post"}],"author":[{"embeddable":true,"href":"https:\/\/www.europesays.com\/fr\/wp-json\/wp\/v2\/users\/2"}],"replies":[{"embeddable":true,"href":"https:\/\/www.europesays.com\/fr\/wp-json\/wp\/v2\/comments?post=443912"}],"version-history":[{"count":0,"href":"https:\/\/www.europesays.com\/fr\/wp-json\/wp\/v2\/posts\/443912\/revisions"}],"wp:featuredmedia":[{"embeddable":true,"href":"https:\/\/www.europesays.com\/fr\/wp-json\/wp\/v2\/media\/443913"}],"wp:attachment":[{"href":"https:\/\/www.europesays.com\/fr\/wp-json\/wp\/v2\/media?parent=443912"}],"wp:term":[{"taxonomy":"category","embeddable":true,"href":"https:\/\/www.europesays.com\/fr\/wp-json\/wp\/v2\/categories?post=443912"},{"taxonomy":"post_tag","embeddable":true,"href":"https:\/\/www.europesays.com\/fr\/wp-json\/wp\/v2\/tags?post=443912"}],"curies":[{"name":"wp","href":"https:\/\/api.w.org\/{rel}","templated":true}]}}