{"id":44392,"date":"2025-04-22T16:32:09","date_gmt":"2025-04-22T16:32:09","guid":{"rendered":"https:\/\/www.europesays.com\/fr\/44392\/"},"modified":"2025-04-22T16:32:09","modified_gmt":"2025-04-22T16:32:09","slug":"scandale-au-pentagone-autour-du-ministre-de-la-defense-de-trump","status":"publish","type":"post","link":"https:\/\/www.europesays.com\/fr\/44392\/","title":{"rendered":"scandale au Pentagone autour du ministre de la D\u00e9fense de Trump"},"content":{"rendered":"<p>Nomm\u00e9 en janvier \u00e0 la t\u00eate du Pentagone par Donald Trump, <a href=\"https:\/\/www.parismatch.com\/actu\/international\/un-nouveau-ministre-de-trump-au-coeur-de-la-polemique-en-raison-dun-tatouage-islamophobe-249354\" rel=\"nofollow noopener\" target=\"_blank\" data-ylk=\"slk:Pete Hegseth;elm:context_link;itc:0;sec:content-canvas\" class=\"link \">Pete Hegseth<\/a>, un ancien militaire et animateur de Fox News est d\u00e9j\u00e0 au c\u0153ur d\u2019une temp\u00eate politique. Trois mois \u00e0 peine apr\u00e8s sa prise de fonctions, son cabinet est en crise, les tensions avec les hauts grad\u00e9s se multiplient, et plusieurs voix au Congr\u00e8s appellent d\u00e9sormais \u00e0 sa d\u00e9mission.<\/p>\n<p>Selon le <a href=\"https:\/\/www.nytimes.com\/2025\/04\/22\/us\/politics\/hegseth-chaos-pentagon.html\" rel=\"nofollow noopener\" target=\"_blank\" data-ylk=\"slk:New York Times;elm:context_link;itc:0;sec:content-canvas\" class=\"link \">New York Times<\/a>, qui r\u00e9v\u00e8le l\u2019ampleur du d\u00e9sordre, trois conseillers proches de Hegseth ont \u00e9t\u00e9 accus\u00e9s la semaine derni\u00e8re d\u2019avoir divulgu\u00e9 des informations classifi\u00e9es et ont \u00e9t\u00e9 escort\u00e9s hors du b\u00e2timent. Un quatri\u00e8me a quitt\u00e9 l\u2019\u00e9quipe en d\u00e9non\u00e7ant publiquement \u00ab\u00a0la d\u00e9loyaut\u00e9 l\u2019incomp\u00e9tence\u00a0\u00bb du secr\u00e9taire \u00e0 la D\u00e9fense. Sans r\u00e9elle exp\u00e9rience gouvernementale, l\u2019homme de 44\u00a0ans est plus que jamais dans la tourmente.<\/p>\n<p>Contest\u00e9 au Congr\u00e8s<\/p>\n<p>L\u2019un des principaux scandales de ce d\u00e9but de mandat est la r\u00e9v\u00e9lation par The Atlantic de l\u2019existence de discussions priv\u00e9es dans lesquelles Hegseth <a href=\"https:\/\/www.parismatch.com\/actu\/international\/ladministration-trump-envoie-par-erreur-un-plan-militaire-secret-a-un-journaliste-249172\" rel=\"nofollow noopener\" target=\"_blank\" data-ylk=\"slk:aurait partag\u00e9 des informations classifi\u00e9es sur des frappes pr\u00e9vues au Y\u00e9men;elm:context_link;itc:0;sec:content-canvas\" class=\"link \">aurait partag\u00e9 des informations classifi\u00e9es sur des frappes pr\u00e9vues au Y\u00e9men<\/a>.<\/p>\n<p>Au Congr\u00e8s, plusieurs voix s\u2019\u00e9l\u00e8vent, y compris dans les rangs r\u00e9publicains, pour d\u00e9noncer les d\u00e9rives de la direction Hegseth et r\u00e9clamer des comptes. Deux parlementaires influents \u2014 le r\u00e9publicain Roger Wicker, pr\u00e9sident de la commission des forces arm\u00e9es au S\u00e9nat, et le d\u00e9mocrate Jack Reed \u2014 ont officiellement demand\u00e9 l\u2019ouverture d\u2019une enqu\u00eate.<\/p>\n<p>Le coup de semonce le plus fort est venu de la Chambre des repr\u00e9sentants. Le d\u00e9put\u00e9 r\u00e9publicain Don Bacon, ancien g\u00e9&#8230;<\/p>\n<p><a href=\"https:\/\/www.parismatch.com\/actu\/international\/etats-unis-scandale-au-pentagone-autour-du-ministre-de-la-defense-de-trump-250413?at_medium=affiliate&amp;at_campaign=Yahoo\" rel=\"nofollow noopener\" target=\"_blank\" data-ylk=\"slk:Lire la suite sur ParisMatch;elm:context_link;itc:0;sec:content-canvas\" class=\"link \">Lire la suite sur ParisMatch<\/a><\/p>\n","protected":false},"excerpt":{"rendered":"Nomm\u00e9 en janvier \u00e0 la t\u00eate du Pentagone par Donald Trump, Pete Hegseth, un ancien militaire et animateur&hellip;\n","protected":false},"author":2,"featured_media":44393,"comment_status":"","ping_status":"","sticky":false,"template":"","format":"standard","meta":{"footnotes":""},"categories":[1589],"tags":[11,13231,75,73,1866,12445,203,12,1066,13230,1864,1865,1863,308],"class_list":{"0":"post-44392","1":"post","2":"type-post","3":"status-publish","4":"format-standard","5":"has-post-thumbnail","7":"category-etats-unis","8":"tag-actualites","9":"tag-coup-de-semonce","10":"tag-donald-trump","11":"tag-etats-unis","12":"tag-etats-unis-damerique","13":"tag-fox-news","14":"tag-la-tete","15":"tag-news","16":"tag-pete-hegseth","17":"tag-prise-de-fonctions","18":"tag-united-states","19":"tag-united-states-of-america","20":"tag-us","21":"tag-usa"},"share_on_mastodon":{"url":"https:\/\/pubeurope.com\/@fr\/114382578906997827","error":""},"_links":{"self":[{"href":"https:\/\/www.europesays.com\/fr\/wp-json\/wp\/v2\/posts\/44392","targetHints":{"allow":["GET"]}}],"collection":[{"href":"https:\/\/www.europesays.com\/fr\/wp-json\/wp\/v2\/posts"}],"about":[{"href":"https:\/\/www.europesays.com\/fr\/wp-json\/wp\/v2\/types\/post"}],"author":[{"embeddable":true,"href":"https:\/\/www.europesays.com\/fr\/wp-json\/wp\/v2\/users\/2"}],"replies":[{"embeddable":true,"href":"https:\/\/www.europesays.com\/fr\/wp-json\/wp\/v2\/comments?post=44392"}],"version-history":[{"count":0,"href":"https:\/\/www.europesays.com\/fr\/wp-json\/wp\/v2\/posts\/44392\/revisions"}],"wp:featuredmedia":[{"embeddable":true,"href":"https:\/\/www.europesays.com\/fr\/wp-json\/wp\/v2\/media\/44393"}],"wp:attachment":[{"href":"https:\/\/www.europesays.com\/fr\/wp-json\/wp\/v2\/media?parent=44392"}],"wp:term":[{"taxonomy":"category","embeddable":true,"href":"https:\/\/www.europesays.com\/fr\/wp-json\/wp\/v2\/categories?post=44392"},{"taxonomy":"post_tag","embeddable":true,"href":"https:\/\/www.europesays.com\/fr\/wp-json\/wp\/v2\/tags?post=44392"}],"curies":[{"name":"wp","href":"https:\/\/api.w.org\/{rel}","templated":true}]}}