{"id":443920,"date":"2025-10-06T23:39:11","date_gmt":"2025-10-06T23:39:11","guid":{"rendered":"https:\/\/www.europesays.com\/fr\/443920\/"},"modified":"2025-10-06T23:39:11","modified_gmt":"2025-10-06T23:39:11","slug":"previsions-du-mardi-7-octobre-2025-6","status":"publish","type":"post","link":"https:\/\/www.europesays.com\/fr\/443920\/","title":{"rendered":"pr\u00e9visions du mardi 7 octobre 2025"},"content":{"rendered":"<p class=\"mb-4 text-lg md:leading-8 break-words\"><strong>M\u00e9t\u00e9o &#8211; Le ciel va l\u00e9g\u00e8rement se d\u00e9gager dans la journ\u00e9e avec des \u00e9claircies. Les temp\u00e9ratures seront de 15\u00b0C le matin et de 20\u00b0C l&rsquo;apr\u00e8s-midi&#8230;<\/strong><\/p>\n<p class=\"mb-4 text-lg md:leading-8 break-words\">\u00c0 Lille, la m\u00e9t\u00e9o devrait s&rsquo;am\u00e9liorer durant la journ\u00e9e. Les temp\u00e9ratures seront de 17\u00b0C. Un vent de sud-ouest rafra\u00eechira sensiblement l&rsquo;atmosph\u00e8re. Il fera 15\u00b0C en moyenne le matin. Les temp\u00e9ratures vont enregistrer une hausse de plusieurs degr\u00e9s pendant l&rsquo;apr\u00e8s-midi. Les valeurs s&rsquo;\u00e9chelonneront entre 18 et 21\u00b0C. Des \u00e9claircies appara\u00eetront dans la soir\u00e9e. On passera de mardi \u00e0 mercredi par une nuit claire.<\/p>\n<p class=\"mb-4 text-lg md:leading-8 break-words\">Un bel ensoleillement est pr\u00e9vu demain \u00e0 Lille. Les temp\u00e9ratures vont chuter de quelques degr\u00e9s. Le thermom\u00e8tre affichera 16\u00b0C en moyenne. Un modeste vent de nord-ouest sera ressenti par les habitants. Les temp\u00e9ratures seront de 15\u00b0C au minimum et de 19\u00b0C au maximum l&rsquo;apr\u00e8s-midi. Le ciel sera relativement lumineux, avec quelques \u00e9claircies demain soir. On pr\u00e9voit des valeurs avoisinant 13\u00b0C.<\/p>\n<p class=\"mb-4 text-lg md:leading-8 break-words\">Le temps restera stable les prochains jours. Le temps sera ensoleill\u00e9 avec des temp\u00e9ratures autour de 15\u00b0C.<\/p>\n<p class=\"mb-4 text-lg md:leading-8 break-words\"><a href=\"https:\/\/www.20minutes.fr\/planete\/previsions-meteo\/4177579-20251007-meteo-lille-previsions-mardi-7-octobre-2025?at_medium=RSS%20feed&amp;at_campaign=ynews&amp;utm_source=yahoo&amp;utm_medium=rss&amp;utm_campaign=news_feed&amp;utm_content=read_more_link&quot;\" rel=\"nofollow noopener\" target=\"_blank\" data-ylk=\"slk:Lire la suite sur 20minutes;elm:context_link;itc:0;sec:content-canvas\" class=\"link \">Lire la suite sur 20minutes<\/a><\/p>\n","protected":false},"excerpt":{"rendered":"M\u00e9t\u00e9o &#8211; Le ciel va l\u00e9g\u00e8rement se d\u00e9gager dans la journ\u00e9e avec des \u00e9claircies. Les temp\u00e9ratures seront de&hellip;\n","protected":false},"author":2,"featured_media":443921,"comment_status":"","ping_status":"","sticky":false,"template":"","format":"standard","meta":{"footnotes":""},"categories":[2815],"tags":[1111,11,1777,674,1011,27,811,29508,1307,12,25],"class_list":{"0":"post-443920","1":"post","2":"type-post","3":"status-publish","4":"format-standard","5":"has-post-thumbnail","7":"category-lille","8":"tag-actu","9":"tag-actualites","10":"tag-eu","11":"tag-europe","12":"tag-fr","13":"tag-france","14":"tag-hauts-de-france","15":"tag-le-ciel","16":"tag-lille","17":"tag-news","18":"tag-republique-francaise"},"share_on_mastodon":{"url":"https:\/\/pubeurope.com\/@fr\/115329863760276326","error":""},"_links":{"self":[{"href":"https:\/\/www.europesays.com\/fr\/wp-json\/wp\/v2\/posts\/443920","targetHints":{"allow":["GET"]}}],"collection":[{"href":"https:\/\/www.europesays.com\/fr\/wp-json\/wp\/v2\/posts"}],"about":[{"href":"https:\/\/www.europesays.com\/fr\/wp-json\/wp\/v2\/types\/post"}],"author":[{"embeddable":true,"href":"https:\/\/www.europesays.com\/fr\/wp-json\/wp\/v2\/users\/2"}],"replies":[{"embeddable":true,"href":"https:\/\/www.europesays.com\/fr\/wp-json\/wp\/v2\/comments?post=443920"}],"version-history":[{"count":0,"href":"https:\/\/www.europesays.com\/fr\/wp-json\/wp\/v2\/posts\/443920\/revisions"}],"wp:featuredmedia":[{"embeddable":true,"href":"https:\/\/www.europesays.com\/fr\/wp-json\/wp\/v2\/media\/443921"}],"wp:attachment":[{"href":"https:\/\/www.europesays.com\/fr\/wp-json\/wp\/v2\/media?parent=443920"}],"wp:term":[{"taxonomy":"category","embeddable":true,"href":"https:\/\/www.europesays.com\/fr\/wp-json\/wp\/v2\/categories?post=443920"},{"taxonomy":"post_tag","embeddable":true,"href":"https:\/\/www.europesays.com\/fr\/wp-json\/wp\/v2\/tags?post=443920"}],"curies":[{"name":"wp","href":"https:\/\/api.w.org\/{rel}","templated":true}]}}