{"id":443922,"date":"2025-10-06T23:40:14","date_gmt":"2025-10-06T23:40:14","guid":{"rendered":"https:\/\/www.europesays.com\/fr\/443922\/"},"modified":"2025-10-06T23:40:14","modified_gmt":"2025-10-06T23:40:14","slug":"un-homme-arrete-sur-la-corniche-apres-avoir-sorti-une-arme-a-marseille","status":"publish","type":"post","link":"https:\/\/www.europesays.com\/fr\/443922\/","title":{"rendered":"Un homme arr\u00eat\u00e9 sur la Corniche apr\u00e8s avoir sorti une arme \u00e0 Marseille"},"content":{"rendered":"<p>L\u2019attroupement, au petit matin, ce dimanche 5\u00a0octobre vers 8h30, dans les quartiers sud de Marseille, a d\u2019abord attir\u00e9 l\u2019attention des agents du <a href=\"https:\/\/www.laprovence.com\/article\/faits-divers-justice\/1561970032360414\/arrachee-a-un-touriste-suisse-une-montre-richard-mille-a-plus-de-200-000e-est-retrouvee-sous-une-voiture-par-la-police-municipale\" target=\"_blank\" rel=\"noopener\">centre de supervision urbain (CSU),<\/a> qui ont point\u00e9 leurs cam\u00e9ras sur la sc\u00e8ne\u2026 Avant de fr\u00e9mir soudain, \u00e0 la vue d\u2019une arme de poing exhib\u00e9e par l\u2019un des hommes pr\u00e9sents. Sans quitter ses \u00e9crans des yeux, l\u2019op\u00e9rateur a saut\u00e9 sur la radio et donn\u00e9 l\u2019alerte \u00e0 tous les \u00e9quipages du secteur.<\/p>\n<p>L\u2019homme arm\u00e9 venait de prendre la fuite avec deux autres personnes \u00e0 bord d\u2019une voiture. Suivi de cam\u00e9ra en cam\u00e9ra, le v\u00e9hicule des suspects a \u00e9t\u00e9 localis\u00e9 sur la Corniche Kennedy, o\u00f9 <a href=\"https:\/\/www.laprovence.com\/article\/region\/6060478813255314\/courses-poursuites-descentes-sur-les-points-de-deal-dans-les-quartiers-nord-a-marseille-la-police-municipale-facon-bac\" target=\"_blank\" rel=\"noopener\">tous les policiers municipaux<\/a> du Sud et du centre-ville disponibles, motards, brigade de tranquillit\u00e9 publique et m\u00eame v\u00e9t\u00e9tistes, ont d\u00e9boul\u00e9 pour retrouver le groupe, rejoints les policiers de la BST.<\/p>\n<p>La voiture a finalement \u00e9t\u00e9 intercept\u00e9e au niveau du Roucas-Blanc. Les trois hommes qui se trouvaient \u00e0 l\u2019int\u00e9rieur ont \u00e9t\u00e9 interpell\u00e9s et l\u2019arme de poing retrouv\u00e9e, ainsi qu\u2019un couteau. Il s\u2019agissait en fait d\u2019une r\u00e9plique de pistolet automatique \u00e0 bille, de type Glock. Selon ses dires, le principal suspect, \u00e2g\u00e9 de 28\u00a0ans, aurait exhib\u00e9 l\u2019arme apr\u00e8s avoir \u00e9t\u00e9 lui-m\u00eame menac\u00e9 par un autre groupe arm\u00e9. Il \u00e9tait toutefois d\u00e9j\u00e0 connu des services de police faisait l\u2019objet d\u2019une fiche de recherche.<\/p>\n","protected":false},"excerpt":{"rendered":"L\u2019attroupement, au petit matin, ce dimanche 5\u00a0octobre vers 8h30, dans les quartiers sud de Marseille, a d\u2019abord attir\u00e9&hellip;\n","protected":false},"author":2,"featured_media":443923,"comment_status":"","ping_status":"","sticky":false,"template":"","format":"standard","meta":{"footnotes":""},"categories":[2814],"tags":[17,1111,11,150,11354,6661,7958,1777,674,274,1011,27,4933,884,12,882,25,8252,3356],"class_list":{"0":"post-443922","1":"post","2":"type-post","3":"status-publish","4":"format-standard","5":"has-post-thumbnail","7":"category-marseille","8":"tag-17","9":"tag-actu","10":"tag-actualites","11":"tag-apres","12":"tag-arrete","13":"tag-avoir","14":"tag-corniche","15":"tag-eu","16":"tag-europe","17":"tag-faits-divers-justice","18":"tag-fr","19":"tag-france","20":"tag-homme","21":"tag-marseille","22":"tag-news","23":"tag-provence-alpes-cote-dazur","24":"tag-republique-francaise","25":"tag-sorti","26":"tag-sur"},"share_on_mastodon":{"url":"https:\/\/pubeurope.com\/@fr\/115329867710792093","error":""},"_links":{"self":[{"href":"https:\/\/www.europesays.com\/fr\/wp-json\/wp\/v2\/posts\/443922","targetHints":{"allow":["GET"]}}],"collection":[{"href":"https:\/\/www.europesays.com\/fr\/wp-json\/wp\/v2\/posts"}],"about":[{"href":"https:\/\/www.europesays.com\/fr\/wp-json\/wp\/v2\/types\/post"}],"author":[{"embeddable":true,"href":"https:\/\/www.europesays.com\/fr\/wp-json\/wp\/v2\/users\/2"}],"replies":[{"embeddable":true,"href":"https:\/\/www.europesays.com\/fr\/wp-json\/wp\/v2\/comments?post=443922"}],"version-history":[{"count":0,"href":"https:\/\/www.europesays.com\/fr\/wp-json\/wp\/v2\/posts\/443922\/revisions"}],"wp:featuredmedia":[{"embeddable":true,"href":"https:\/\/www.europesays.com\/fr\/wp-json\/wp\/v2\/media\/443923"}],"wp:attachment":[{"href":"https:\/\/www.europesays.com\/fr\/wp-json\/wp\/v2\/media?parent=443922"}],"wp:term":[{"taxonomy":"category","embeddable":true,"href":"https:\/\/www.europesays.com\/fr\/wp-json\/wp\/v2\/categories?post=443922"},{"taxonomy":"post_tag","embeddable":true,"href":"https:\/\/www.europesays.com\/fr\/wp-json\/wp\/v2\/tags?post=443922"}],"curies":[{"name":"wp","href":"https:\/\/api.w.org\/{rel}","templated":true}]}}