{"id":443937,"date":"2025-10-06T23:47:10","date_gmt":"2025-10-06T23:47:10","guid":{"rendered":"https:\/\/www.europesays.com\/fr\/443937\/"},"modified":"2025-10-06T23:47:10","modified_gmt":"2025-10-06T23:47:10","slug":"previsions-du-mardi-7-octobre-2025-7","status":"publish","type":"post","link":"https:\/\/www.europesays.com\/fr\/443937\/","title":{"rendered":"pr\u00e9visions du mardi 7 octobre 2025"},"content":{"rendered":"<p class=\"mb-4 text-lg md:leading-8 break-words\"><strong>M\u00e9t\u00e9o &#8211; Un superbe soleil va briller et ce, tout au long de la journ\u00e9e. Les temp\u00e9ratures seront de 16\u00b0C la matin\u00e9e et de 21\u00b0C l&rsquo;apr\u00e8s-midi&#8230;<\/strong><\/p>\n<p class=\"mb-4 text-lg md:leading-8 break-words\">Un splendide soleil brillera sur Paris, o\u00f9 la journ\u00e9e sera des plus plaisantes. Le thermom\u00e8tre affichera 17\u00b0C en moyenne. Dans la matin\u00e9e, les temp\u00e9ratures seront de 16\u00b0C. Un l\u00e9ger vent d&rsquo;est sera ressenti par les habitants. L&rsquo;apr\u00e8s-midi, c&rsquo;est une hausse de plusieurs degr\u00e9s que vont conna\u00eetre les temp\u00e9ratures. Les maximales iront jusqu&rsquo;\u00e0 21\u00b0C et les minimales seront de 19\u00b0C. Le ciel sera relativement lumineux, avec quelques \u00e9claircies le soir. Il va faire en moyenne 17\u00b0C. Le passage de mardi \u00e0 mercredi s&rsquo;effectuera sous un ciel d\u00e9pourvu de nuages.<\/p>\n<p class=\"mb-4 text-lg md:leading-8 break-words\">Demain, les temp\u00e9ratures seront comprises entre 13 et 21\u00b0C \u00e0 Paris. Petits et grands pourront passer leur matin\u00e9e sous un ciel un peu nuageux. On anticipe des valeurs avoisinant 16\u00b0C. Un vent de nord-est rafra\u00eechira quelque peu l&rsquo;atmosph\u00e8re. Un beau soleil est attendu demain apr\u00e8s-midi. Le temps va se r\u00e9chauffer avec une augmentation de plusieurs degr\u00e9s. Les temp\u00e9ratures seront de 19\u00b0C au minimum et de 21\u00b0C au maximum. Apr\u00e8s un petit passage nuageux, le ciel va s&rsquo;\u00e9claircir dans la soir\u00e9e. Il fera 17\u00b0C en moyenne. Une brise de nord-est soufflera l\u00e9g\u00e8rement.<\/p>\n<p class=\"mb-4 text-lg md:leading-8 break-words\">Peu de changements pour la suite. Une m\u00e9t\u00e9o ensoleill\u00e9e, avec des temp\u00e9ratures de 16\u00b0C environ, est attendue.<\/p>\n<p class=\"mb-4 text-lg md:leading-8 break-words\"><a href=\"https:\/\/www.20minutes.fr\/planete\/previsions-meteo\/4177574-20251007-meteo-paris-previsions-mardi-7-octobre-2025?at_medium=RSS%20feed&amp;at_campaign=ynews&amp;utm_source=yahoo&amp;utm_medium=rss&amp;utm_campaign=news_feed&amp;utm_content=read_more_link&quot;\" rel=\"nofollow noopener\" target=\"_blank\" data-ylk=\"slk:Lire la suite sur 20minutes;elm:context_link;itc:0;sec:content-canvas\" class=\"link \">Lire la suite sur 20minutes<\/a><\/p>\n","protected":false},"excerpt":{"rendered":"M\u00e9t\u00e9o &#8211; Un superbe soleil va briller et ce, tout au long de la journ\u00e9e. Les temp\u00e9ratures seront&hellip;\n","protected":false},"author":2,"featured_media":443938,"comment_status":"","ping_status":"","sticky":false,"template":"","format":"standard","meta":{"footnotes":""},"categories":[1888],"tags":[1111,1928,11,1927,1777,674,1011,27,51394,2487,12,1926,626,1925,25],"class_list":{"0":"post-443937","1":"post","2":"type-post","3":"status-publish","4":"format-standard","5":"has-post-thumbnail","7":"category-paris","8":"tag-actu","9":"tag-actu-paris","10":"tag-actualites","11":"tag-actualites-paris","12":"tag-eu","13":"tag-europe","14":"tag-fr","15":"tag-france","16":"tag-la-matinee","17":"tag-meteo","18":"tag-news","19":"tag-news-paris","20":"tag-paris","21":"tag-paris-news","22":"tag-republique-francaise"},"share_on_mastodon":{"url":"https:\/\/pubeurope.com\/@fr\/115329895827004403","error":""},"_links":{"self":[{"href":"https:\/\/www.europesays.com\/fr\/wp-json\/wp\/v2\/posts\/443937","targetHints":{"allow":["GET"]}}],"collection":[{"href":"https:\/\/www.europesays.com\/fr\/wp-json\/wp\/v2\/posts"}],"about":[{"href":"https:\/\/www.europesays.com\/fr\/wp-json\/wp\/v2\/types\/post"}],"author":[{"embeddable":true,"href":"https:\/\/www.europesays.com\/fr\/wp-json\/wp\/v2\/users\/2"}],"replies":[{"embeddable":true,"href":"https:\/\/www.europesays.com\/fr\/wp-json\/wp\/v2\/comments?post=443937"}],"version-history":[{"count":0,"href":"https:\/\/www.europesays.com\/fr\/wp-json\/wp\/v2\/posts\/443937\/revisions"}],"wp:featuredmedia":[{"embeddable":true,"href":"https:\/\/www.europesays.com\/fr\/wp-json\/wp\/v2\/media\/443938"}],"wp:attachment":[{"href":"https:\/\/www.europesays.com\/fr\/wp-json\/wp\/v2\/media?parent=443937"}],"wp:term":[{"taxonomy":"category","embeddable":true,"href":"https:\/\/www.europesays.com\/fr\/wp-json\/wp\/v2\/categories?post=443937"},{"taxonomy":"post_tag","embeddable":true,"href":"https:\/\/www.europesays.com\/fr\/wp-json\/wp\/v2\/tags?post=443937"}],"curies":[{"name":"wp","href":"https:\/\/api.w.org\/{rel}","templated":true}]}}