{"id":443944,"date":"2025-10-06T23:51:12","date_gmt":"2025-10-06T23:51:12","guid":{"rendered":"https:\/\/www.europesays.com\/fr\/443944\/"},"modified":"2025-10-06T23:51:12","modified_gmt":"2025-10-06T23:51:12","slug":"zelensky-denonce-la-presence-de-composants-etrangers-dans-les-missiles-et-drones-russes-2","status":"publish","type":"post","link":"https:\/\/www.europesays.com\/fr\/443944\/","title":{"rendered":"Zelensky d\u00e9nonce la pr\u00e9sence de composants \u00e9trangers dans les missiles et drones russes"},"content":{"rendered":"<p>Vous avez rat\u00e9 les derniers \u00e9v\u00e9nements sur la <a href=\"https:\/\/www.20minutes.fr\/monde\/ukraine\/\" class=\"c-link c-link--is-underlined\" target=\"_blank\" rel=\"noopener\">guerre en Ukraine<\/a>\u00a0? 20 Minutes fait le point pour vous tous les soirs. Voici l\u2019essentiel de ce lundi 6\u00a0octobre, 1.321e jour du conflit.<\/p>\n<p>Le fait du jour<\/p>\n<p>Une frappe ukrainienne sur la ville russe de Belgorod (ouest) a fait lundi deux morts, ont indiqu\u00e9 les autorit\u00e9s locales. Sur Telegram, le gouverneur de la r\u00e9gion de Belgorod, Viatcheslav Gladkov, a indiqu\u00e9 qu\u2019une \u00ab\u00a0frappe de missiles\u00a0\u00bb avait tu\u00e9 deux hommes dans la ville \u00e9ponyme capitale r\u00e9gionale\u00a0: l\u2019un est d\u00e9c\u00e9d\u00e9 sur le site de l\u2019attaque et l\u2019autre \u00e0 l\u2019h\u00f4pital.<\/p>\n<p>Selon le gouverneur, plusieurs rues de Belgorod ont subi \u00ab\u00a0des probl\u00e8mes d\u2019alimentation \u00e9lectrique\u00a0\u00bb apr\u00e8s la frappe. Des m\u00e9dias locaux ont affirm\u00e9 qu\u2019une centrale thermique avait \u00e9t\u00e9 touch\u00e9e par ce bombardement.<\/p>\n<p>Dans le m\u00eame temps, sur X, le pr\u00e9sident ukrainien <a href=\"https:\/\/www.20minutes.fr\/monde\/volodymyr-zelensky\/\" class=\"c-link c-link--is-underlined\" target=\"_blank\" rel=\"noopener\">Volodymyr Zelensky<\/a> a d\u00e9nonc\u00e9 une frappe de drone lundi contre une maternit\u00e9 \u00e0 Soumy qui, \u00ab\u00a0heureusement, cette fois\u00a0\u00bb, n\u2019a pas fait de victimes. Il a pr\u00e9cis\u00e9 que 35 femmes et 11 enfants, ainsi que le personnel m\u00e9dical, se trouvaient dans un abri au moment de l\u2019attaque.<\/p>\n<\/p>\n<p>La d\u00e9claration du jour<\/p>\n<blockquote class=\"mx-m@xs mx-xxl@md color-ultramarine c-citation\">\n<p class=\"font-weight-regular@xs text-italic font-source-serif-pro text-l@xs c-citation__content\">\u00ab\u00a0Lors des frappes massives dans la nuit du 5 octobre (de samedi \u00e0 dimanche), la Russie a utilis\u00e9 549 syst\u00e8mes d&rsquo;armes contenant 102.785 composants de fabrication \u00e9trang\u00e8re.\u00a0\u00bb<\/p>\n<\/blockquote>\n<p>Le pr\u00e9sident ukrainien Volodymyr Zelensky a d\u00e9nonc\u00e9 lundi la pr\u00e9sence de milliers de composants fournis par des entreprises \u00e9trang\u00e8res, notamment am\u00e9ricaines, allemandes ou encore japonaises, dans les syst\u00e8mes de missiles et drones utilis\u00e9s par la <a href=\"https:\/\/www.20minutes.fr\/monde\/russie\/\" class=\"c-link c-link--is-underlined\" target=\"_blank\" rel=\"noopener\">Russie<\/a> pour frapper l\u2019Ukraine ce week-end. Il a cit\u00e9 les Etats-Unis, la Chine, Ta\u00efwan, le Royaume-Uni, l\u2019Allemagne, la Suisse, le Japon, la <a href=\"https:\/\/www.20minutes.fr\/dossier\/coree_du_sud\" class=\"c-link c-link--is-underlined\" target=\"_blank\" rel=\"noopener\">Cor\u00e9e du Sud<\/a> et les Pays-Bas, en les accusant de ne pas emp\u00eacher ces approvisionnements.<\/p>\n<p>Ces entreprises \u00e9trang\u00e8res fournissent entre autres des syst\u00e8mes informatiques, microprocesseurs, capteurs ou convertisseurs de l\u2019analogique vers le num\u00e9rique, permettant le fonctionnement des missiles et drones, selon le pr\u00e9sident ukrainien. Les missiles balistiques russes comme l\u2019Iskander ou le Kinjal utilisent des technologies import\u00e9es des Etats-Unis, a-t-il relev\u00e9.<\/p>\n<p>Par ailleurs \u00ab\u00a0les microcontr\u00f4leurs des drones sont fabriqu\u00e9s en Suisse, tandis que les micro-ordinateurs pour le contr\u00f4le des vols (de ces engins) sont produits au <a href=\"https:\/\/www.20minutes.fr\/monde\/royaume-uni\/\" class=\"c-link c-link--is-underlined\" target=\"_blank\" rel=\"noopener\">Royaume-Uni<\/a>\u00a0\u00bb, a d\u00e9taill\u00e9 Volodymyr Zelensky. \u00ab\u00a0Nous avons communiqu\u00e9 des propositions visant \u00e0 r\u00e9duire ces habitudes d\u2019approvisionnement. Nos partenaires disposent d\u00e9j\u00e0 de donn\u00e9es d\u00e9taill\u00e9es sur quelle entreprise et quel produit cibler et comment r\u00e9agir\u00a0\u00bb, a-t-il d\u00e9clar\u00e9.<\/p>\n<p>Le chiffre du jour<\/p>\n<p>251. La Russie a annonc\u00e9 lundi avoir intercept\u00e9 251 drones ukrainiens pendant la nuit, soit l\u2019une des attaques les plus massives de <a href=\"https:\/\/www.20minutes.fr\/dossier\/kiev\" class=\"c-link c-link--is-underlined\" target=\"_blank\" rel=\"noopener\">Kiev<\/a> en trois ans et demi de conflit, particuli\u00e8rement intense dans le secteur de la mer Noire. Sur ce total tr\u00e8s inhabituellement \u00e9lev\u00e9, 40 drones ont \u00e9t\u00e9 abattus au-dessus de la p\u00e9ninsule ukrainienne de <a href=\"https:\/\/www.20minutes.fr\/dossier\/crimee\" class=\"c-link c-link--is-underlined\" target=\"_blank\" rel=\"noopener\">Crim\u00e9e<\/a>, annex\u00e9e par la Russie en\u00a02014, 62 au-dessus de la mer Noire et cinq au-dessus de la mer d\u2019Azov, a pr\u00e9cis\u00e9 le minist\u00e8re russe de la D\u00e9fense.<\/p>\n<p>A Touaps\u00e9, station baln\u00e9aire de la mer Noire dans la r\u00e9gion de Krasnodar (sud), une raffinerie de p\u00e9trole a \u00e9t\u00e9 vis\u00e9e par des drones et l\u2019attaque a provoqu\u00e9 un incendie dans lequel deux personnes ont \u00e9t\u00e9 bless\u00e9es, selon les services de secours locaux.<\/p>\n<p>Dans la r\u00e9gion de Belgorod, frontali\u00e8re de l\u2019Ukraine, 5.400 personnes restaient sans \u00e9lectricit\u00e9 apr\u00e8s des attaques de missiles et de drones survenues la veille et dans la nuit, a indiqu\u00e9 le gouverneur r\u00e9gional Viatcheslav Gladkov sur Telegram.<\/p>\n","protected":false},"excerpt":{"rendered":"Vous avez rat\u00e9 les derniers \u00e9v\u00e9nements sur la guerre en Ukraine\u00a0? 20 Minutes fait le point pour vous&hellip;\n","protected":false},"author":2,"featured_media":443945,"comment_status":"","ping_status":"","sticky":false,"template":"","format":"standard","meta":{"footnotes":""},"categories":[1590],"tags":[47,11,1813,4755,13469,564,1777,674,131,3343,74,12,132,2049,220,134],"class_list":{"0":"post-443944","1":"post","2":"type-post","3":"status-publish","4":"format-standard","5":"has-post-thumbnail","7":"category-ukraine","8":"tag-actualite","9":"tag-actualites","10":"tag-armee","11":"tag-bombardement","12":"tag-crimee","13":"tag-drone","14":"tag-eu","15":"tag-europe","16":"tag-guerre-en-ukraine","17":"tag-missile","18":"tag-monde","19":"tag-news","20":"tag-russie","21":"tag-soldat","22":"tag-ukraine","23":"tag-volodymyr-zelensky"},"share_on_mastodon":{"url":"https:\/\/pubeurope.com\/@fr\/115329910957908369","error":""},"_links":{"self":[{"href":"https:\/\/www.europesays.com\/fr\/wp-json\/wp\/v2\/posts\/443944","targetHints":{"allow":["GET"]}}],"collection":[{"href":"https:\/\/www.europesays.com\/fr\/wp-json\/wp\/v2\/posts"}],"about":[{"href":"https:\/\/www.europesays.com\/fr\/wp-json\/wp\/v2\/types\/post"}],"author":[{"embeddable":true,"href":"https:\/\/www.europesays.com\/fr\/wp-json\/wp\/v2\/users\/2"}],"replies":[{"embeddable":true,"href":"https:\/\/www.europesays.com\/fr\/wp-json\/wp\/v2\/comments?post=443944"}],"version-history":[{"count":0,"href":"https:\/\/www.europesays.com\/fr\/wp-json\/wp\/v2\/posts\/443944\/revisions"}],"wp:featuredmedia":[{"embeddable":true,"href":"https:\/\/www.europesays.com\/fr\/wp-json\/wp\/v2\/media\/443945"}],"wp:attachment":[{"href":"https:\/\/www.europesays.com\/fr\/wp-json\/wp\/v2\/media?parent=443944"}],"wp:term":[{"taxonomy":"category","embeddable":true,"href":"https:\/\/www.europesays.com\/fr\/wp-json\/wp\/v2\/categories?post=443944"},{"taxonomy":"post_tag","embeddable":true,"href":"https:\/\/www.europesays.com\/fr\/wp-json\/wp\/v2\/tags?post=443944"}],"curies":[{"name":"wp","href":"https:\/\/api.w.org\/{rel}","templated":true}]}}