{"id":443946,"date":"2025-10-06T23:52:11","date_gmt":"2025-10-06T23:52:11","guid":{"rendered":"https:\/\/www.europesays.com\/fr\/443946\/"},"modified":"2025-10-06T23:52:11","modified_gmt":"2025-10-06T23:52:11","slug":"trump-menace-dutiliser-letat-durgence-pour-deployer-la-garde-nationale-dans-la-ville-de-chicago-dans-lillinois","status":"publish","type":"post","link":"https:\/\/www.europesays.com\/fr\/443946\/","title":{"rendered":"Trump menace d\u2019utiliser l\u2019\u00e9tat d\u2019urgence pour d\u00e9ployer la Garde nationale dans la ville de Chicago, dans l\u2019Illinois"},"content":{"rendered":"<p>Le pr\u00e9sident am\u00e9ricain, Donald Trump, a intensifi\u00e9 lundi la pression sur l\u2019\u00c9tat de l\u2019Illinois et la ville de Chicago en \u00e9voquant un possible recours \u00e0 l\u2019\u00e9tat d\u2019urgence pour surmonter l\u2019opposition des autorit\u00e9s locales et des d\u00e9cisions de justice contre le d\u00e9ploiement de la Garde nationale.<\/p>\n<p>L\u2019Illinois et Chicago, la principale ville de cet \u00c9tat du nord du pays, ont saisi lundi la justice pour bloquer le d\u00e9ploiement par le gouvernement Trump des militaires de la Garde nationale dans ce qu\u2019elle d\u00e9crit <a href=\"https:\/\/www.ledevoir.com\/monde\/etats-unis\/922785\/gouvernement-trump-decrit-villes-democrates-comme-zones-guerre\" target=\"_blank\" rel=\"nofollow noopener\">comme une \u00ab zone de guerre \u00bb<\/a>.<\/p>\n<p>La juge f\u00e9d\u00e9rale en charge du dossier ne s\u2019est pas prononc\u00e9e dans l\u2019imm\u00e9diat mais a fix\u00e9 une audience \u00e0 jeudi.<\/p>\n<p>Un d\u00e9ploiement similaire \u00e0 Portland, autre ville dirig\u00e9e par les d\u00e9mocrates, <a href=\"https:\/\/www.ledevoir.com\/monde\/etats-unis\/922656\/juge-bloque-temporairement-deploiement-garde-nationale-portland\" target=\"_blank\" rel=\"nofollow noopener\">a \u00e9t\u00e9 provisoirement bloqu\u00e9 ce week-end par la justice<\/a>.<\/p>\n<p>Donald Trump a agit\u00e9 la possibilit\u00e9 d\u2019invoquer l\u2019Insurrection Act, compilation de lois des XVIIIe et XIXe si\u00e8cles. Celui-ci permet de proclamer un \u00e9tat d\u2019urgence autorisant l\u2019usage des forces arm\u00e9es contre des citoyens am\u00e9ricains, interdit en principe.<\/p>\n<p>\u00ab Si je devais l\u2019invoquer, je le ferais. Si des gens \u00e9taient tu\u00e9s et que les tribunaux nous en emp\u00eachaient ou que des gouverneurs ou des maires nous en emp\u00eachaient, bien s\u00fbr que je le ferais \u00bb, a-t-il dit aux journalistes \u00e0 la Maison-Blanche.<\/p>\n<p>Le gouverneur d\u00e9mocrate de l\u2019Illinois, JB Pritzker, a accus\u00e9 le gouvernement Trump de \u00ab suivre un manuel : provoquer le chaos, cr\u00e9er la peur et la confusion, faire croire que des manifestants pacifiques sont des \u00e9meutiers en leur tirant dessus \u00e0 coups de gaz lacrymog\u00e8nes \u00bb.<\/p>\n<p>Le but est de \u00ab cr\u00e9er un pr\u00e9texte pour invoquer l\u2019Insurrection Act afin de pouvoir envoyer l\u2019arm\u00e9e dans notre ville \u00bb, a-t-il ajout\u00e9 lors d\u2019une conf\u00e9rence de presse, assurant qu\u2019il n\u2019y avait \u00ab aucune insurrection \u00bb \u00e0 Chicago justifiant l\u2019envoi de la troupe.<\/p>\n<p>\u00ab Menace d\u2019occupation \u00bb<\/p>\n<p>\u00ab Les Am\u00e9ricains, o\u00f9 qu\u2019ils habitent, ne devraient pas vivre sous la menace d\u2019une occupation par les forces militaires des \u00c9tats-Unis, et surtout pas simplement parce que leur ville ou leur \u00c9tat est tomb\u00e9 en disgr\u00e2ce aupr\u00e8s du pr\u00e9sident \u00bb, affirment dans leur recours les autorit\u00e9s de l\u2019Illinois et de Chicago.<\/p>\n<p>Elles accusent le gouvernement Trump d\u2019avoir tir\u00e9 \u00ab pr\u00e9texte \u00bb de manifestations devant un centre de la police de l\u2019immigration (ICE) en banlieue de Chicago pour justifier l\u2019envoi de troupes.<\/p>\n<p>\u00ab Mais loin de contribuer \u00e0 la s\u00fbret\u00e9 publique dans la r\u00e9gion de Chicago, ses actions provocatrices et arbitraires risquent de la compromettre en d\u00e9clenchant des protestations publiques \u00bb, soulignent les plaignants, appelant la justice \u00e0 s\u2019opposer \u00e0 ce d\u00e9ploiement.<\/p>\n<p>Ils rappellent notamment la mort le 12 septembre d\u2019un immigr\u00e9 en situation irr\u00e9guli\u00e8re tu\u00e9 \u00e0 Chicago par des agents de l\u2019ICE apr\u00e8s un refus d\u2019obtemp\u00e9rer \u00e0 un contr\u00f4le, quatre jours apr\u00e8s le lancement d\u2019une vaste op\u00e9ration dans l\u2019Illinois, baptis\u00e9e \u00ab Midway Blitz \u00bb.<\/p>\n<p>Depuis des semaines, le pr\u00e9sident r\u00e9publicain cible Chicago, qu\u2019il qualifie de \u00ab trou \u00e0 rats \u00bb ou encore de \u00ab capitale mondiale du meurtre \u00bb et annonce son intention d\u2019y d\u00e9ployer des militaires de la Garde nationale comme il l\u2019a fait \u00e0 Los Angeles, Washington, et Memphis, \u00e0 chaque fois contre l\u2019avis des autorit\u00e9s locales.<\/p>\n<p>Il a sign\u00e9 samedi un d\u00e9cret pour l\u2019envoi de 300 gardes nationaux \u00e0 Chicago afin de \u00ab prot\u00e9ger les agents et biens f\u00e9d\u00e9raux \u00bb, selon la Maison-Blanche.<\/p>\n<p>\u00c0 Los Angeles, un juge f\u00e9d\u00e9ral avait estim\u00e9 ill\u00e9gal le d\u00e9ploiement en juin pour 60 jours par Donald Trump de la Garde nationale, contre l\u2019avis du gouverneur d\u00e9mocrate de Californie, Gavin Newsom, face aux manifestations contre sa politique d\u2019expulsions massives d\u2019immigr\u00e9s.<\/p>\n<p>Mais une cour d\u2019appel f\u00e9d\u00e9rale avait ensuite valid\u00e9 cette d\u00e9cision.<\/p>\n<p>Donald Trump a \u00e9rig\u00e9 la lutte contre l\u2019immigration clandestine en priorit\u00e9 absolue, \u00e9voquant une \u00ab invasion \u00bb des \u00c9tats-Unis par des \u00ab criminels venus de l\u2019\u00e9tranger \u00bb et communiquant abondamment sur les expulsions d\u2019immigr\u00e9s.<\/p>\n<p>Les gardes nationaux, r\u00e9servistes de l\u2019arm\u00e9e, sont form\u00e9s pour intervenir dans des situations de catastrophes naturelles, mais ils peuvent \u00e9galement combattre \u00e0 l\u2019\u00e9tranger.<\/p>\n","protected":false},"excerpt":{"rendered":"Le pr\u00e9sident am\u00e9ricain, Donald Trump, a intensifi\u00e9 lundi la pression sur l\u2019\u00c9tat de l\u2019Illinois et la ville de&hellip;\n","protected":false},"author":2,"featured_media":443947,"comment_status":"","ping_status":"","sticky":false,"template":"","format":"standard","meta":{"footnotes":""},"categories":[1589],"tags":[11,73,1866,12,1864,1865,1863,308],"class_list":{"0":"post-443946","1":"post","2":"type-post","3":"status-publish","4":"format-standard","5":"has-post-thumbnail","7":"category-etats-unis","8":"tag-actualites","9":"tag-etats-unis","10":"tag-etats-unis-damerique","11":"tag-news","12":"tag-united-states","13":"tag-united-states-of-america","14":"tag-us","15":"tag-usa"},"share_on_mastodon":{"url":"https:\/\/pubeurope.com\/@fr\/115329915271512009","error":""},"_links":{"self":[{"href":"https:\/\/www.europesays.com\/fr\/wp-json\/wp\/v2\/posts\/443946","targetHints":{"allow":["GET"]}}],"collection":[{"href":"https:\/\/www.europesays.com\/fr\/wp-json\/wp\/v2\/posts"}],"about":[{"href":"https:\/\/www.europesays.com\/fr\/wp-json\/wp\/v2\/types\/post"}],"author":[{"embeddable":true,"href":"https:\/\/www.europesays.com\/fr\/wp-json\/wp\/v2\/users\/2"}],"replies":[{"embeddable":true,"href":"https:\/\/www.europesays.com\/fr\/wp-json\/wp\/v2\/comments?post=443946"}],"version-history":[{"count":0,"href":"https:\/\/www.europesays.com\/fr\/wp-json\/wp\/v2\/posts\/443946\/revisions"}],"wp:featuredmedia":[{"embeddable":true,"href":"https:\/\/www.europesays.com\/fr\/wp-json\/wp\/v2\/media\/443947"}],"wp:attachment":[{"href":"https:\/\/www.europesays.com\/fr\/wp-json\/wp\/v2\/media?parent=443946"}],"wp:term":[{"taxonomy":"category","embeddable":true,"href":"https:\/\/www.europesays.com\/fr\/wp-json\/wp\/v2\/categories?post=443946"},{"taxonomy":"post_tag","embeddable":true,"href":"https:\/\/www.europesays.com\/fr\/wp-json\/wp\/v2\/tags?post=443946"}],"curies":[{"name":"wp","href":"https:\/\/api.w.org\/{rel}","templated":true}]}}