{"id":443950,"date":"2025-10-06T23:54:13","date_gmt":"2025-10-06T23:54:13","guid":{"rendered":"https:\/\/www.europesays.com\/fr\/443950\/"},"modified":"2025-10-06T23:54:13","modified_gmt":"2025-10-06T23:54:13","slug":"lallemagne-veut-investir-1-000-milliards-deuros-dans-la-defense-et-les-infrastructures-business-am","status":"publish","type":"post","link":"https:\/\/www.europesays.com\/fr\/443950\/","title":{"rendered":"L&rsquo;Allemagne veut investir 1 000 milliards d&rsquo;euros dans la d\u00e9fense et les infrastructures &#8211; Business AM"},"content":{"rendered":"<p>                    <img decoding=\"async\" style=\"aspect-ratio:16\/9\" src=\"https:\/\/www.europesays.com\/fr\/wp-content\/uploads\/2025\/10\/Friedrich-Merz-Duitsland-allemagne-1.jpg\" width=\"100%\" loading=\"eager\"\/><\/p>\n<p>                            <a href=\"https:\/\/fr.businessam.be\/author\/redactie\/\" class=\"author-thumbnail\" style=\"border: 2px inset #00000099;\" target=\"_blank\" rel=\"noopener\"><img loading=\"lazy\" decoding=\"async\" src=\"https:\/\/www.europesays.com\/fr\/wp-content\/uploads\/2025\/10\/1759794853_185_cropped-favicon-192x192.png\" width=\"80\" height=\"80\" alt=\"Business AM\"\/><\/a>\ue05bpar <a href=\"https:\/\/fr.businessam.be\/author\/redactie\/\" target=\"_blank\" rel=\"noopener\">Business AM<\/a><br \/>\ue010publi\u00e9 le lundi 06 octobre 2025 \u00e0 21:34 \u2022 <br \/>\ue00c3 min de lecture<\/p>\n<p>Principaux renseignements<\/p>\n<ul class=\"wp-block-list\">\n<li><strong>Le plan de d\u00e9penses de 1 000 milliards d\u2019euros de l\u2019Allemagne vise \u00e0 stimuler la croissance de la plus grande \u00e9conomie d\u2019Europe par le biais d\u2019investissements dans la d\u00e9fense et les infrastructures.<\/strong><\/li>\n<li><strong>L\u2019euro s\u2019est renforc\u00e9 et le march\u00e9 boursier allemand (DAX) a surpass\u00e9 ses homologues am\u00e9ricains, ce qui indique un sentiment positif des investisseurs \u00e0 l\u2019\u00e9gard de cette strat\u00e9gie fiscale.<\/strong><\/li>\n<li><strong>Des inqui\u00e9tudes subsistent quant au calendrier de mise en \u0153uvre des r\u00e9formes cl\u00e9s, qui ont \u00e9t\u00e9 report\u00e9es jusqu\u2019en 2026.<\/strong><\/li>\n<\/ul>\n<p>L\u2019Allemagne s\u2019appr\u00eate \u00e0 augmenter consid\u00e9rablement ses <a href=\"https:\/\/fr.businessam.be\/allemand-defense-spatiale-milliards-euros-proteger-satellites\/\" target=\"_blank\" rel=\"noopener\">d\u00e9penses publiques<\/a> \u00e0 la suite des r\u00e9centes \u00e9lections. Ce coup de pouce budg\u00e9taire vise \u00e0 d\u00e9passer les limites actuelles de la dette et \u00e0 canaliser pr\u00e8s de mille milliards d\u2019euros dans des secteurs critiques tels que la d\u00e9fense et les infrastructures. L\u2019objectif est de stimuler la croissance au sein de la plus grande \u00e9conomie d\u2019Europe, ce qui pourrait avoir un impact sur la zone euro et les march\u00e9s financiers mondiaux.<\/p>\n<p>R\u00e9action du march\u00e9<\/p>\n<p>Bien que les premi\u00e8res r\u00e9actions des investisseurs aient \u00e9t\u00e9 mitig\u00e9es, l\u2019initiative devrait \u00eatre un catalyseur de la transformation \u00e9conomique.  L\u2019euro s\u2019est renforc\u00e9 en r\u00e9ponse \u00e0 cette strat\u00e9gie budg\u00e9taire, influen\u00e7ant les attentes des investisseurs et les rendements obligataires. Notamment, le march\u00e9 boursier allemand (DAX) a nettement surpass\u00e9 ses homologues am\u00e9ricains, ce qui t\u00e9moigne d\u2019un sentiment positif chez les investisseurs en actions.<\/p>\n<p>Toutefois, les mois d\u2019\u00e9t\u00e9 ont fait na\u00eetre des inqui\u00e9tudes quant \u00e0 l\u2019affectation et \u00e0 l\u2019efficacit\u00e9 de ces d\u00e9penses substantielles. Certaines r\u00e9formes cruciales ont \u00e9t\u00e9 report\u00e9es \u00e0 2026, ce qui soul\u00e8ve des questions quant au calendrier de mise en \u0153uvre.<\/p>\n<p>L\u2019\u00e9quilibre entre les objectifs \u00e0 court et \u00e0 long terme<\/p>\n<p>Le gouvernement allemand cherche \u00e0 tenir compte \u00e0 la fois des cycles \u00e9conomiques \u00e0 court terme et des perspectives de croissance \u00e0 long terme. Les r\u00e9formes structurelles, telles que la r\u00e9duction des co\u00fbts de l\u2019\u00e9nergie et la rationalisation des processus de planification, restent \u00e0 l\u2019\u00e9tude. Les indicateurs de confiance des entreprises refl\u00e8tent un certain degr\u00e9 d\u2019incertitude sur le march\u00e9. N\u00e9anmoins, les plans fiscaux ambitieux de l\u2019Allemagne continuent d\u2019\u00eatre suivis de pr\u00e8s par les acteurs \u00e9conomiques, tant au niveau national qu\u2019international.<\/p>\n<p><a href=\"https:\/\/news.google.com\/publications\/CAowtseUCw?hl=fr&amp;gl=BE&amp;ceid=BE%3Afr\" target=\"_blank\" rel=\"noopener\">Suivez \u00e9galement Business AM sur Google Actualit\u00e9s<\/a><\/p>\n<p><a href=\"https:\/\/portalfr.businessam.be\/plans\/business-am-fr-offre-dete\/\" target=\"_blank\" rel=\"noopener\">Si vous souhaitez acc\u00e9der \u00e0 tous les articles, abonnez-vous ici!<\/a><\/p>\n","protected":false},"excerpt":{"rendered":"\ue05bpar Business AM\ue010publi\u00e9 le lundi 06 octobre 2025 \u00e0 21:34 \u2022 \ue00c3 min de lecture Principaux renseignements Le&hellip;\n","protected":false},"author":2,"featured_media":443951,"comment_status":"","ping_status":"","sticky":false,"template":"","format":"standard","meta":{"footnotes":""},"categories":[1587],"tags":[11,672,1003,1804,1805,554,1803,1777,674,1801,12,1802],"class_list":{"0":"post-443950","1":"post","2":"type-post","3":"status-publish","4":"format-standard","5":"has-post-thumbnail","7":"category-allemagne","8":"tag-actualites","9":"tag-allemagne","10":"tag-budget","11":"tag-bundesrepublik-deutschland","12":"tag-de","13":"tag-defense","14":"tag-deutschland","15":"tag-eu","16":"tag-europe","17":"tag-germany","18":"tag-news","19":"tag-republique-federale-dallemagne"},"share_on_mastodon":{"url":"https:\/\/pubeurope.com\/@fr\/115329922975653625","error":""},"_links":{"self":[{"href":"https:\/\/www.europesays.com\/fr\/wp-json\/wp\/v2\/posts\/443950","targetHints":{"allow":["GET"]}}],"collection":[{"href":"https:\/\/www.europesays.com\/fr\/wp-json\/wp\/v2\/posts"}],"about":[{"href":"https:\/\/www.europesays.com\/fr\/wp-json\/wp\/v2\/types\/post"}],"author":[{"embeddable":true,"href":"https:\/\/www.europesays.com\/fr\/wp-json\/wp\/v2\/users\/2"}],"replies":[{"embeddable":true,"href":"https:\/\/www.europesays.com\/fr\/wp-json\/wp\/v2\/comments?post=443950"}],"version-history":[{"count":0,"href":"https:\/\/www.europesays.com\/fr\/wp-json\/wp\/v2\/posts\/443950\/revisions"}],"wp:featuredmedia":[{"embeddable":true,"href":"https:\/\/www.europesays.com\/fr\/wp-json\/wp\/v2\/media\/443951"}],"wp:attachment":[{"href":"https:\/\/www.europesays.com\/fr\/wp-json\/wp\/v2\/media?parent=443950"}],"wp:term":[{"taxonomy":"category","embeddable":true,"href":"https:\/\/www.europesays.com\/fr\/wp-json\/wp\/v2\/categories?post=443950"},{"taxonomy":"post_tag","embeddable":true,"href":"https:\/\/www.europesays.com\/fr\/wp-json\/wp\/v2\/tags?post=443950"}],"curies":[{"name":"wp","href":"https:\/\/api.w.org\/{rel}","templated":true}]}}