{"id":443956,"date":"2025-10-06T23:59:12","date_gmt":"2025-10-06T23:59:12","guid":{"rendered":"https:\/\/www.europesays.com\/fr\/443956\/"},"modified":"2025-10-06T23:59:12","modified_gmt":"2025-10-06T23:59:12","slug":"la-france-est-le-pays-ou-les-enseignants-se-sentent-le-moins-valorises-liberation","status":"publish","type":"post","link":"https:\/\/www.europesays.com\/fr\/443956\/","title":{"rendered":"\u00abLa France est le pays o\u00f9 les enseignants se sentent le moins valoris\u00e9s\u00bb \u2013 Lib\u00e9ration"},"content":{"rendered":"<p class=\"sc-cPiKLX AiZTS text-element\">Ils aiment enseigner, mais de moins en moins leurs conditions de travail. Publi\u00e9e mardi 7 octobre, <a href=\"https:\/\/www.oecd.org\/fr\/publications\/serials\/talis_g1g449bf.html\" target=\"_blank\" rel=\"nofollow noopener\" title=\"https:\/\/www.oecd.org\/fr\/publications\/serials\/talis_g1g449bf.html\">la nouvelle enqu\u00eate internationale Talis<\/a>, men\u00e9e par l\u2019OCDE, dresse un portrait contrast\u00e9 du m\u00e9tier d\u2019enseignant. R\u00e9alis\u00e9e en 2024 aupr\u00e8s de 280 000 professeurs et chefs d\u2019\u00e9tablissement dans 54 syst\u00e8mes \u00e9ducatifs, dont pr\u00e8s de 6 000 Fran\u00e7ais (3 766 au coll\u00e8ge et 2 246 \u00e0 l\u2019\u00e9cole \u00e9l\u00e9mentaire), elle interroge les personnels sur leur satisfaction, leur charge de travail, leur formation, leur reconnaissance. <\/p>\n<p class=\"sc-cPiKLX AiZTS text-element\">Et le constat, <a href=\"https:\/\/www.liberation.fr\/societe\/2014\/06\/25\/les-enseignants-francais-peu-valorises-et-en-mal-de-formation_1049261\/?redirected=1\" target=\"_blank\" rel=\"nofollow noopener\" title=\"https:\/\/www.liberation.fr\/societe\/2014\/06\/25\/les-enseignants-francais-peu-valorises-et-en-mal-de-formation_1049261\/?redirected=1\">familier mais tenace<\/a>, n\u2019a rien de r\u00e9jouissant. 79 % des enseignants fran\u00e7ais aiment leur m\u00e9tier, mais ils sont de moins en moins satisfaits de leurs conditions d\u2019exercice. 60 % seulement au coll\u00e8ge et 49 % en \u00e9l\u00e9mentaire se disent contents de leur emploi \u2013 hors salaire \u2013, soit une baisse d\u2019une vingtaine de points depuis 2018, la plus forte enregistr\u00e9e dans les pays de l\u2019OCDE. <\/p>\n<p class=\"sc-cPiKLX AiZTS text-element\">Le corps enseignant vieillit : 45 ans de moyenne au coll\u00e8ge, 44 ans \u00e0 l\u2019\u00e9cole \u00e9l\u00e9mentaire. \u00abC\u2019est une tendance qu\u2019on retr <\/p>\n","protected":false},"excerpt":{"rendered":"Ils aiment enseigner, mais de moins en moins leurs conditions de travail. Publi\u00e9e mardi 7 octobre, la nouvelle&hellip;\n","protected":false},"author":2,"featured_media":443957,"comment_status":"","ping_status":"","sticky":false,"template":"","format":"standard","meta":{"footnotes":""},"categories":[4],"tags":[11,1122,1011,27,12,25],"class_list":{"0":"post-443956","1":"post","2":"type-post","3":"status-publish","4":"format-standard","5":"has-post-thumbnail","7":"category-france","8":"tag-actualites","9":"tag-ecole","10":"tag-fr","11":"tag-france","12":"tag-news","13":"tag-republique-francaise"},"share_on_mastodon":{"url":"https:\/\/pubeurope.com\/@fr\/115329942351949548","error":""},"_links":{"self":[{"href":"https:\/\/www.europesays.com\/fr\/wp-json\/wp\/v2\/posts\/443956","targetHints":{"allow":["GET"]}}],"collection":[{"href":"https:\/\/www.europesays.com\/fr\/wp-json\/wp\/v2\/posts"}],"about":[{"href":"https:\/\/www.europesays.com\/fr\/wp-json\/wp\/v2\/types\/post"}],"author":[{"embeddable":true,"href":"https:\/\/www.europesays.com\/fr\/wp-json\/wp\/v2\/users\/2"}],"replies":[{"embeddable":true,"href":"https:\/\/www.europesays.com\/fr\/wp-json\/wp\/v2\/comments?post=443956"}],"version-history":[{"count":0,"href":"https:\/\/www.europesays.com\/fr\/wp-json\/wp\/v2\/posts\/443956\/revisions"}],"wp:featuredmedia":[{"embeddable":true,"href":"https:\/\/www.europesays.com\/fr\/wp-json\/wp\/v2\/media\/443957"}],"wp:attachment":[{"href":"https:\/\/www.europesays.com\/fr\/wp-json\/wp\/v2\/media?parent=443956"}],"wp:term":[{"taxonomy":"category","embeddable":true,"href":"https:\/\/www.europesays.com\/fr\/wp-json\/wp\/v2\/categories?post=443956"},{"taxonomy":"post_tag","embeddable":true,"href":"https:\/\/www.europesays.com\/fr\/wp-json\/wp\/v2\/tags?post=443956"}],"curies":[{"name":"wp","href":"https:\/\/api.w.org\/{rel}","templated":true}]}}