{"id":443960,"date":"2025-10-07T00:05:14","date_gmt":"2025-10-07T00:05:14","guid":{"rendered":"https:\/\/www.europesays.com\/fr\/443960\/"},"modified":"2025-10-07T00:05:14","modified_gmt":"2025-10-07T00:05:14","slug":"quartararo-interpelle-le-francais-se-confie-apres-un-week-end-etrange-en-indonesie","status":"publish","type":"post","link":"https:\/\/www.europesays.com\/fr\/443960\/","title":{"rendered":"Quartararo interpell\u00e9, le Fran\u00e7ais se confie apr\u00e8s un week-end \u00e9trange en Indon\u00e9sie"},"content":{"rendered":"<p>Fabio Quartararo a \u00e9t\u00e9 tr\u00e8s surpris par son week-end en Indon\u00e9sie. Le Fran\u00e7ais de Yamaha s&rsquo;attendait \u00e0 vivre un week-end tr\u00e8s difficile avec l&rsquo;\u00e9curie japonaise, mais il a finalement \u00e9t\u00e9 surpris de mani\u00e8re positive. Une semaine apr\u00e8s le Grand Prix du Japon o\u00f9 il avait fait part de son exasp\u00e9ration, El Diablo a connu un Grand Prix d&rsquo;Indon\u00e9sie assez positif et il a m\u00eame \u00e9t\u00e9 interpell\u00e9 par la vitesse de son co\u00e9quipier Alex Rins. Dans des propos repris par Paddock GP, le champion du monde 2021 a livr\u00e9 un constat assez positif de son week-end \u00e0 Mandalika.<\/p>\n<p>Quartararo interpell\u00e9 par la vitesse de Rins<\/p>\n<blockquote>\n<p>\u00ab\u00a0Dans l\u2019ensemble, le week-end a \u00e9t\u00e9 \u00e9trange. C\u2019est probablement li\u00e9 \u00e0 cette piste. Fern\u00e1ndez et Marini ont \u00e9largi et Rins a pu les d\u00e9passer rapidement. Il a aussi \u00e9t\u00e9 fort sur Acosta, mais du point de vue de la puissance on est distanc\u00e9s. Mais la fa\u00e7on dont \u00c1lex a roul\u00e9 ce week-end m\u2019a interpel\u00e9, surtout parce que moi j\u2019ai eu de mauvaises sensations alors que lui a \u00e9t\u00e9 tr\u00e8s comp\u00e9titif. Je suis content d\u2019avoir pu voir o\u00f9 il a progress\u00e9 d\u2019apr\u00e8s les donn\u00e9es. \u00c7a a \u00e9t\u00e9 dur parce que j\u2019ai d\u00fb beaucoup g\u00e9rer l\u2019arri\u00e8re et je n\u2019ai pas \u00e9t\u00e9 en mesure de doubler qui que ce soit, surtout parce qu\u2019en sortie de courbe ils s\u2019\u00e9chappaient. Malgr\u00e9 \u00e7a j\u2019ai bien pilot\u00e9 et j\u2019ai \u00e9t\u00e9 intelligent dans la gestion de l\u2019arri\u00e8re. Je ne m\u2019attendais pas \u00e0 \u00eatre si pr\u00e8s du podium\u00a0\u00bb, a d\u00e9clar\u00e9 un Quartararo qui a termin\u00e9 7e et \u00e0 seulement deux secondes du podium.<\/p>\n<\/blockquote>\n<p>Le Fran\u00e7ais esp\u00e8re maintenant pouvoir vivre un Grand Prix d&rsquo;Australie ambitieux dans quinze jours&#8230;<\/p>\n<p>   Partagez cette info avec vos amis et vos proches en cliquant ici<br \/> Pour r\u00e9sumer<\/p>\n<p>Fabio Quartararo a \u00e9t\u00e9 tr\u00e8s surpris par son week-end en Indon\u00e9sie. Le Fran\u00e7ais de Yamaha s&rsquo;attendait \u00e0 vivre un week-end tr\u00e8s difficile avec l&rsquo;\u00e9curie japonaise, mais il a finalement \u00e9t\u00e9 surpris de mani\u00e8re positive.<\/p>\n<p>R\u00e9dacteur<\/p>\n<p><img decoding=\"async\" width=\"76\" height=\"76\" loading=\"lazy\" src=\"https:\/\/www.europesays.com\/fr\/wp-content\/uploads\/2025\/06\/logo-victor-willems.jpg\" alt=\"Victor Willems\"\/><\/p>\n","protected":false},"excerpt":{"rendered":"Fabio Quartararo a \u00e9t\u00e9 tr\u00e8s surpris par son week-end en Indon\u00e9sie. Le Fran\u00e7ais de Yamaha s&rsquo;attendait \u00e0 vivre&hellip;\n","protected":false},"author":2,"featured_media":443961,"comment_status":"","ping_status":"","sticky":false,"template":"","format":"standard","meta":{"footnotes":""},"categories":[1413],"tags":[1011,27,1457,1456,60],"class_list":{"0":"post-443960","1":"post","2":"type-post","3":"status-publish","4":"format-standard","5":"has-post-thumbnail","7":"category-moto","8":"tag-fr","9":"tag-france","10":"tag-moto","11":"tag-motocycle","12":"tag-sports"},"share_on_mastodon":{"url":"https:\/\/pubeurope.com\/@fr\/115329966497693846","error":""},"_links":{"self":[{"href":"https:\/\/www.europesays.com\/fr\/wp-json\/wp\/v2\/posts\/443960","targetHints":{"allow":["GET"]}}],"collection":[{"href":"https:\/\/www.europesays.com\/fr\/wp-json\/wp\/v2\/posts"}],"about":[{"href":"https:\/\/www.europesays.com\/fr\/wp-json\/wp\/v2\/types\/post"}],"author":[{"embeddable":true,"href":"https:\/\/www.europesays.com\/fr\/wp-json\/wp\/v2\/users\/2"}],"replies":[{"embeddable":true,"href":"https:\/\/www.europesays.com\/fr\/wp-json\/wp\/v2\/comments?post=443960"}],"version-history":[{"count":0,"href":"https:\/\/www.europesays.com\/fr\/wp-json\/wp\/v2\/posts\/443960\/revisions"}],"wp:featuredmedia":[{"embeddable":true,"href":"https:\/\/www.europesays.com\/fr\/wp-json\/wp\/v2\/media\/443961"}],"wp:attachment":[{"href":"https:\/\/www.europesays.com\/fr\/wp-json\/wp\/v2\/media?parent=443960"}],"wp:term":[{"taxonomy":"category","embeddable":true,"href":"https:\/\/www.europesays.com\/fr\/wp-json\/wp\/v2\/categories?post=443960"},{"taxonomy":"post_tag","embeddable":true,"href":"https:\/\/www.europesays.com\/fr\/wp-json\/wp\/v2\/tags?post=443960"}],"curies":[{"name":"wp","href":"https:\/\/api.w.org\/{rel}","templated":true}]}}