{"id":443964,"date":"2025-10-07T00:08:16","date_gmt":"2025-10-07T00:08:16","guid":{"rendered":"https:\/\/www.europesays.com\/fr\/443964\/"},"modified":"2025-10-07T00:08:16","modified_gmt":"2025-10-07T00:08:16","slug":"jurgen-klopp-repond-au-club-de-karim-benzema","status":"publish","type":"post","link":"https:\/\/www.europesays.com\/fr\/443964\/","title":{"rendered":"J\u00fcrgen Klopp r\u00e9pond au club de Karim Benzema"},"content":{"rendered":"<p><strong>Cit\u00e9 au poste d\u2019entra\u00eeneur d\u2019Al Ittihad, o\u00f9 \u00e9volue Karim Benzema, J\u00fcrgen Klopp n\u2019a pas h\u00e9sit\u00e9 \u00e0 prendre la parole.<\/strong><\/p>\n<p>Al Ittihad a limog\u00e9 l\u2019entra\u00eeneur fran\u00e7ais Laurent Blanc de son poste d\u2019entra\u00eeneur la semaine derni\u00e8re. Le club de Benzema est depuis \u00e0 la recherche d\u2019un successeur, et le nom de Klopp est sorti.<\/p>\n<p>Klopp dit non \u00e0 nouveau <\/p>\n<p><strong>Klopp ne reviendra pas, en principe, comme entra\u00eeneur d\u2019un club<\/strong>. Apr\u00e8s sa retraite de <a href=\"https:\/\/www.les-transferts.com\/club\/liverpool\/\" target=\"_blank\" rel=\"noreferrer noopener nofollow\">Liverpool<\/a>, l\u2019Allemand de 58 ans a enfin du temps \u00e0 consacrer \u00e0 des t\u00e2ches.<\/p>\n<p>Un prestige qu\u2019il n\u2019avait pas pu accomplir depuis 25 ans, d\u00e9sormais uniquement \u00e0 la t\u00eate du football mondial chez Red Bull. Dans une longue interview accord\u00e9e \u00e0 The Athletic, <strong>Klopp affirme que sa vie d\u2019entra\u00eeneur ne lui manque absolument pas<\/strong>.<\/p>\n<p>\u00ab C\u2019est ce que je ressens maintenant. Mais on ne sait jamais. J\u2019ai 58 ans. Si je recommen\u00e7ais \u00e0 65 ans , tout le monde dirait que je ne reviendrais pas. Mais c\u2019est mon sentiment actuel, \u00e0 100 %. \u00c7a ne me manque absolument pas \u00bb, a d\u00e9clar\u00e9 l\u2019ancien entra\u00eeneur du <a href=\"https:\/\/www.les-transferts.com\/club\/borussia-dortmund\/\" target=\"_blank\" rel=\"noreferrer noopener nofollow\">Borussia Dortmund<\/a>.<\/p>\n<p>Klopp a oubli\u00e9 Liverpool <\/p>\n<p><strong>Aujourd\u2019hui, Klopp ne se souvient m\u00eame plus des matchs de Liverpool. <\/strong>\u00ab J\u2019ai vu quelques matchs, mais ce n\u2019est pas comme si j\u2019attendais samedi \u00bb, se souvient-il.<\/p>\n<p>\u00ab J\u2019\u00e9tais tr\u00e8s content de la performance de Liverpool, mais je profitais aussi de la vie. Je faisais du sport, je passais du temps avec mes petits-enfants, des choses tout \u00e0 fait normales. \u00bb<\/p>\n<p>Premier fan des \u00e9quipes adverses du Bar\u00e7a, je suis un passionn\u00e9 des rivalit\u00e9s entre clubs. Ancien pr\u00e9sentateur de news et d\u2019\u00e9missions sportives, je fais partie des milliers de journalistes amoureux du foot qui s\u2019efforcent d\u2019\u00eatre objectifs dans le traitement des informations.<\/p>\n","protected":false},"excerpt":{"rendered":"Cit\u00e9 au poste d\u2019entra\u00eeneur d\u2019Al Ittihad, o\u00f9 \u00e9volue Karim Benzema, J\u00fcrgen Klopp n\u2019a pas h\u00e9sit\u00e9 \u00e0 prendre la&hellip;\n","protected":false},"author":2,"featured_media":443965,"comment_status":"","ping_status":"","sticky":false,"template":"","format":"standard","meta":{"footnotes":""},"categories":[1410],"tags":[63,1011,27,60],"class_list":{"0":"post-443964","1":"post","2":"type-post","3":"status-publish","4":"format-standard","5":"has-post-thumbnail","7":"category-football","8":"tag-football","9":"tag-fr","10":"tag-france","11":"tag-sports"},"share_on_mastodon":{"url":"https:\/\/pubeurope.com\/@fr\/115329977966105259","error":""},"_links":{"self":[{"href":"https:\/\/www.europesays.com\/fr\/wp-json\/wp\/v2\/posts\/443964","targetHints":{"allow":["GET"]}}],"collection":[{"href":"https:\/\/www.europesays.com\/fr\/wp-json\/wp\/v2\/posts"}],"about":[{"href":"https:\/\/www.europesays.com\/fr\/wp-json\/wp\/v2\/types\/post"}],"author":[{"embeddable":true,"href":"https:\/\/www.europesays.com\/fr\/wp-json\/wp\/v2\/users\/2"}],"replies":[{"embeddable":true,"href":"https:\/\/www.europesays.com\/fr\/wp-json\/wp\/v2\/comments?post=443964"}],"version-history":[{"count":0,"href":"https:\/\/www.europesays.com\/fr\/wp-json\/wp\/v2\/posts\/443964\/revisions"}],"wp:featuredmedia":[{"embeddable":true,"href":"https:\/\/www.europesays.com\/fr\/wp-json\/wp\/v2\/media\/443965"}],"wp:attachment":[{"href":"https:\/\/www.europesays.com\/fr\/wp-json\/wp\/v2\/media?parent=443964"}],"wp:term":[{"taxonomy":"category","embeddable":true,"href":"https:\/\/www.europesays.com\/fr\/wp-json\/wp\/v2\/categories?post=443964"},{"taxonomy":"post_tag","embeddable":true,"href":"https:\/\/www.europesays.com\/fr\/wp-json\/wp\/v2\/tags?post=443964"}],"curies":[{"name":"wp","href":"https:\/\/api.w.org\/{rel}","templated":true}]}}