{"id":443974,"date":"2025-10-07T00:17:14","date_gmt":"2025-10-07T00:17:14","guid":{"rendered":"https:\/\/www.europesays.com\/fr\/443974\/"},"modified":"2025-10-07T00:17:14","modified_gmt":"2025-10-07T00:17:14","slug":"lamour-est-dans-le-pre-cet-objet-insolite-et-sexy-reserve-par-denis-pour-ses-pretendantes","status":"publish","type":"post","link":"https:\/\/www.europesays.com\/fr\/443974\/","title":{"rendered":"L\u2019amour est dans le pr\u00e9 : cet objet insolite (et sexy) r\u00e9serv\u00e9 par Denis pour ses pr\u00e9tendantes"},"content":{"rendered":"<p>La nouvelle saison de <a href=\"https:\/\/www.closermag.fr\/tv_tele_realite\/lamour-est-dans-le-pre-spoiler-tenir-la-queue-jerome-a-une-drole-de-question-pour-geraldine-en-plein-tete-a-tete-3583474\" target=\"_blank\" rel=\"noopener\"><br \/>\nL\u2019amour est dans le pr\u00e9<\/a> avance \u00e0 bon rythme tous les lundis<br \/>\nsoir \u00e0 partir de 21h10 sur <a href=\"https:\/\/www.m6.fr\/\" rel=\"nofollow noopener\" target=\"_blank\">M6<\/a>, et une semaine \u00e0 l\u2019avance sur M6+. Dans<br \/>\nl\u2019\u00e9mission diffus\u00e9e ce 6 octobre, c\u2019est au tour de Denis, \u00e9leveur<br \/>\nde vaches et de ch\u00e8vres en Auvergne Rh\u00f4ne-Alpes, d\u2019accueillir ses<br \/>\n<a href=\"https:\/\/www.closermag.fr\/tv_tele_realite\/adp\/lamour-est-dans-le-pre-spoiler-un-agriculteur-finit-deja-au-lit-avec-sa-pretendante-3580848\" rel=\"noopener\" target=\"_blank\">pr\u00e9tendantes<\/a>, Sylvie et Romy. <a href=\"https:\/\/www.closermag.fr\/tv_tele_realite\/lamour-est-dans-le-pre-spoiler-je-suis-un-peu-gilles-sans-tabou-sur-son-anatomie-avec-isabelle-en-public-3583415\" target=\"_blank\" rel=\"noopener\"><br \/>\nL\u2019agriculteur<\/a> de 59 ans, qui n\u2019a qu\u2019une chambre chez lui, a<br \/>\n<strong>lou\u00e9 un g\u00eete pour l\u2019occasion afin que le trio soit plus \u00e0<br \/>\nl\u2019aise<\/strong>.<\/p>\n<p>Le g\u00eete en question permet \u00e0 tout le monde d\u2019avoir une chambre,<br \/>\net il est m\u00eame dot\u00e9 de certains accessoires plut\u00f4t int\u00e9ressants. Au<br \/>\nmoment de montrer sa chambre aux cam\u00e9ras, <strong>l\u2019\u00e9leveur<br \/>\nd\u00e9couvre en effet un grand jacuzzi en plein milieu de sa<br \/>\nchambre<\/strong>, \u00e0 c\u00f4t\u00e9 de son lit rond. \u00ab\u00a0La chambre est<br \/>\nnickel. Il y a m\u00eame le jacuzzi\u2026 Je n\u2019ai pas pr\u00e9vu le maillot de<br \/>\nbain\u00a0\u00bb commence-t-il par confier en rigolant.<\/p>\n<p>L\u2019amour est dans le pr\u00e9 : Denis a d\u00e9j\u00e0 une pr\u00e9f\u00e9rence<\/p>\n<p>Et d\u2019ajouter, plus s\u00e9rieux : \u00ab\u00a0Bon \u00e7a, on va attendre qu\u2019il y<br \/>\nen ait une qui soit partie si jamais on s\u2019en sert. Parce qu\u2019\u00e0<br \/>\ntrois, on va avoir du mal\u00a0\u00bb souligne Denis. Le fait est que peu<br \/>\nde temps apr\u00e8s avoir retrouv\u00e9 Sylvie et Romy, <strong>Denis a d\u00e9j\u00e0<br \/>\nune petite id\u00e9e de celle avec qui il aimerait profiter du bain \u00e0<br \/>\nbulles.<\/strong> L\u2019agriculteur, bien que s\u00e9duit par le regard de<br \/>\nSylvie lors des <a href=\"https:\/\/www.closermag.fr\/tv_tele_realite\/lamour-est-dans-le-pre-spoiler-gros-malaise-geraldine-a-oublie-son-pretendant-3579651\" target=\"_blank\" rel=\"noopener\"><br \/>\nspeed-dating<\/a>, a une pr\u00e9f\u00e9rence marqu\u00e9e pour Romy&#8230;<\/p>\n<p>\u00ab\u00a0Je suis content de voir Sylvie, mais j\u2019ai h\u00e2te que Romy<br \/>\narrive. C\u2019\u00e9tait mon coup de c\u0153ur, je l\u2019avais dit\u00a0\u00bb confie-t-il<br \/>\nainsi \u00e0 la cam\u00e9ra. Il faut dire qu\u2019\u00e0 Paris lors des rendez-vous, le<br \/>\ncourant est tr\u00e8s bien pass\u00e9 entre Romy et Denis, au point qu\u2019il lui<br \/>\n<strong>confie sur le moment en effet qu\u2019elle \u00e9tait son coup de<br \/>\nc\u0153ur des courriers<\/strong>, et que cela s\u2019est confirm\u00e9 en la<br \/>\nrencontrant. Cependant comme le souligne <a href=\"https:\/\/www.closermag.fr\/tv_tele_realite\/lamour-est-dans-le-pre-spoiler-sophie-deniche-des-infos-tres-perso-sur-jean-louis-lautre-pretendante-sous-le-choc-3581627\" target=\"_blank\" rel=\"noopener\"><br \/>\nKarine Le Marchand<\/a>, il est essentiel que les agriculteurs<br \/>\nrestent ouverts \u00e0 leurs deux pr\u00e9tendantes lors des s\u00e9jours \u00e0 la<br \/>\nferme, surtout quand ces derniers ne font que commencer.<\/p>\n<p>Sylvie arrivera-t-elle \u00e0 rattraper son<br \/>\nl\u00e9ger retard ?<\/p>\n<p>Denis a en effet d\u00fb avoir une raison de convier Sylvie aussi, et<br \/>\nil est <strong>important qu\u2019il prenne aussi le temps de la<br \/>\nd\u00e9couvrir pendant ce fameux s\u00e9jour<\/strong>. Reste donc \u00e0 savoir<br \/>\nsi, au terme de ces quelques jours \u00e0 la ferme, l\u2019agriculteur<br \/>\nrestera sur son choix, ou s\u2019il arrivera tout de m\u00eame \u00e0 s\u2019int\u00e9resser<br \/>\n\u00e0 la deuxi\u00e8me pr\u00e9tendante qui a fait le d\u00e9placement pour venir le<br \/>\nvoir.<\/p>\n","protected":false},"excerpt":{"rendered":"La nouvelle saison de L\u2019amour est dans le pr\u00e9 avance \u00e0 bon rythme tous les lundis soir \u00e0&hellip;\n","protected":false},"author":2,"featured_media":443975,"comment_status":"","ping_status":"","sticky":false,"template":"","format":"standard","meta":{"footnotes":""},"categories":[8],"tags":[58,59,1011,27,5413,9307],"class_list":{"0":"post-443974","1":"post","2":"type-post","3":"status-publish","4":"format-standard","5":"has-post-thumbnail","7":"category-divertissement","8":"tag-divertissement","9":"tag-entertainment","10":"tag-fr","11":"tag-france","12":"tag-karine-le-marchand","13":"tag-lamour-est-dans-le-pre"},"share_on_mastodon":{"url":"https:\/\/pubeurope.com\/@fr\/115330013283827431","error":""},"_links":{"self":[{"href":"https:\/\/www.europesays.com\/fr\/wp-json\/wp\/v2\/posts\/443974","targetHints":{"allow":["GET"]}}],"collection":[{"href":"https:\/\/www.europesays.com\/fr\/wp-json\/wp\/v2\/posts"}],"about":[{"href":"https:\/\/www.europesays.com\/fr\/wp-json\/wp\/v2\/types\/post"}],"author":[{"embeddable":true,"href":"https:\/\/www.europesays.com\/fr\/wp-json\/wp\/v2\/users\/2"}],"replies":[{"embeddable":true,"href":"https:\/\/www.europesays.com\/fr\/wp-json\/wp\/v2\/comments?post=443974"}],"version-history":[{"count":0,"href":"https:\/\/www.europesays.com\/fr\/wp-json\/wp\/v2\/posts\/443974\/revisions"}],"wp:featuredmedia":[{"embeddable":true,"href":"https:\/\/www.europesays.com\/fr\/wp-json\/wp\/v2\/media\/443975"}],"wp:attachment":[{"href":"https:\/\/www.europesays.com\/fr\/wp-json\/wp\/v2\/media?parent=443974"}],"wp:term":[{"taxonomy":"category","embeddable":true,"href":"https:\/\/www.europesays.com\/fr\/wp-json\/wp\/v2\/categories?post=443974"},{"taxonomy":"post_tag","embeddable":true,"href":"https:\/\/www.europesays.com\/fr\/wp-json\/wp\/v2\/tags?post=443974"}],"curies":[{"name":"wp","href":"https:\/\/api.w.org\/{rel}","templated":true}]}}