{"id":443976,"date":"2025-10-07T00:18:16","date_gmt":"2025-10-07T00:18:16","guid":{"rendered":"https:\/\/www.europesays.com\/fr\/443976\/"},"modified":"2025-10-07T00:18:16","modified_gmt":"2025-10-07T00:18:16","slug":"2e-beta-pour-ios-26-1-ipados-26-1-macos-26-1-watchos-26-1-et-les-autres","status":"publish","type":"post","link":"https:\/\/www.europesays.com\/fr\/443976\/","title":{"rendered":"2e b\u00eata pour iOS 26.1, iPadOS 26.1, macOS 26.1, watchOS 26.1 (et les autres)"},"content":{"rendered":"<p>                    <b>Trois semaines apr\u00e8s les <a href=\"https:\/\/www.mac4ever.com\/divers\/191846-ios-26-ipados-26-macos-26-watchos-26-et-tvos-26-sont-disponibles\" rel=\"nofollow noopener\" target=\"_blank\">versions finales<\/a>, Apple propose les deuxi\u00e8mes versions b\u00eatas d&rsquo;iOS 26.1, iPadOS 26.1, macOS 26.1, watchOS 26.1 et tvOS 26.1\u00a0!<\/b><\/p>\n<p>Comme d&rsquo;habitude, ces mises \u00e0 jour ne seront pas accessibles en m\u00eame temps pour tout le monde et pourront appara\u00eetre progressivement au cours de la soir\u00e9e. De plus, la vitesse de t\u00e9l\u00e9chargement pourra varier en fonction des utilisateurs\u2026<\/p>\n<p>                                                                                                                                                        <img decoding=\"async\" src=\"https:\/\/www.europesays.com\/fr\/wp-content\/uploads\/2025\/10\/a841ab9c00_beta-ios-26-1-ipados-26-1-macos-26-1-watchos-26-1.webp.webp\" alt=\"b\u00eata iOS 26.1 iPadOS 26.1 macOS 26.1 watchOS 26.1\" width=\"1200\" height=\"686\" loading=\"lazy\"\/>        <\/p>\n<p>COMMENT INSTALLER CES NOUVEAUX SYST\u00c8MES\u00a0?<\/p>\n<p><b>Ces versions des syst\u00e8mes d\u2019exploitation d\u2019Apple s&rsquo;inscrivent, dans le cadre du cycle habituel de d\u00e9veloppement pr\u00e9c\u00e9dant leur lancement officiel<\/b>. On pourrait peut-\u00eatre avoir la version d\u00e9finitive d&rsquo;iOS 26.1 et iPadOS 26.1 \u00e0 la fin du mois avec l&rsquo;iPad Pro M5&#8230; <\/p>\n<p>Quoiqu&rsquo;il en soit, les versions b\u00eatas peuvent \u00eatre install\u00e9es via la <b>section Mise \u00e0 jour logicielle de l\u2019app R\u00e9glages par tous les d\u00e9veloppeurs enregistr\u00e9s<\/b>, y compris ceux disposant d\u2019un compte gratuit, \u00e0 condition d\u2019avoir activ\u00e9 un profil d\u00e9veloppeur sur leur appareil.<\/p>\n<p>Enfin <b>n&rsquo;oubliez pas de faire une sauvegarde<\/b>\u00a0\u2014 surtout s&rsquo;il s&rsquo;agit de votre appareil principal. On ne saurait que trop vous rappeler \u00e0 quel point les versions b\u00eatas peuvent sujettes \u00e0 un bug (ou plusieurs) et faire planter votre smartphone, votre tablette, votre montre ou votre ordinateur. \u00a0!<\/p>\n<p>                                                                                                                                                        <img decoding=\"async\" src=\"https:\/\/www.europesays.com\/fr\/wp-content\/uploads\/2025\/10\/1bc00ce54d_2e-beta-pour-ios-26-1-ipados-26-1-macos-26-1-watchos-26-1-et-les-autres.webp.webp\" alt=\"2e b\u00eata pour iOS 26.1, iPadOS 26.1, macOS 26.1, watchOS 26.1 (et les autres)\" width=\"885\" height=\"1920\" loading=\"lazy\"\/>        <\/p>\n<p><b>Depuis juin, d\u00e9veloppeurs et testeurs publics explorent les nouveaut\u00e9s d\u2019iOS 26.0, puis iOS 26.1 <\/b>! Le temps de tout installer et de voir quelles nouveaut\u00e9s nous propose cette deuxi\u00e8me b\u00eata. Mais il pourrait s&rsquo;agit d&rsquo;une version destin\u00e9e \u00e0 corriger les bugs ou \u00e0 am\u00e9liorer la stabilit\u00e9 du syst\u00e8me.<\/p>\n","protected":false},"excerpt":{"rendered":"Trois semaines apr\u00e8s les versions finales, Apple propose les deuxi\u00e8mes versions b\u00eatas d&rsquo;iOS 26.1, iPadOS 26.1, macOS 26.1,&hellip;\n","protected":false},"author":2,"featured_media":443977,"comment_status":"","ping_status":"","sticky":false,"template":"","format":"standard","meta":{"footnotes":""},"categories":[7],"tags":[1011,27,57021,57022,57023,43,40,41,39,42,44,57024],"class_list":{"0":"post-443976","1":"post","2":"type-post","3":"status-publish","4":"format-standard","5":"has-post-thumbnail","7":"category-sciences-et-technologies","8":"tag-fr","9":"tag-france","10":"tag-ios26","11":"tag-ipados26","12":"tag-macos26","13":"tag-science","14":"tag-science-and-technology","15":"tag-sciences","16":"tag-sciences-et-technologies","17":"tag-technologies","18":"tag-technology","19":"tag-watchos26"},"share_on_mastodon":{"url":"https:\/\/pubeurope.com\/@fr\/115330017821391249","error":""},"_links":{"self":[{"href":"https:\/\/www.europesays.com\/fr\/wp-json\/wp\/v2\/posts\/443976","targetHints":{"allow":["GET"]}}],"collection":[{"href":"https:\/\/www.europesays.com\/fr\/wp-json\/wp\/v2\/posts"}],"about":[{"href":"https:\/\/www.europesays.com\/fr\/wp-json\/wp\/v2\/types\/post"}],"author":[{"embeddable":true,"href":"https:\/\/www.europesays.com\/fr\/wp-json\/wp\/v2\/users\/2"}],"replies":[{"embeddable":true,"href":"https:\/\/www.europesays.com\/fr\/wp-json\/wp\/v2\/comments?post=443976"}],"version-history":[{"count":0,"href":"https:\/\/www.europesays.com\/fr\/wp-json\/wp\/v2\/posts\/443976\/revisions"}],"wp:featuredmedia":[{"embeddable":true,"href":"https:\/\/www.europesays.com\/fr\/wp-json\/wp\/v2\/media\/443977"}],"wp:attachment":[{"href":"https:\/\/www.europesays.com\/fr\/wp-json\/wp\/v2\/media?parent=443976"}],"wp:term":[{"taxonomy":"category","embeddable":true,"href":"https:\/\/www.europesays.com\/fr\/wp-json\/wp\/v2\/categories?post=443976"},{"taxonomy":"post_tag","embeddable":true,"href":"https:\/\/www.europesays.com\/fr\/wp-json\/wp\/v2\/tags?post=443976"}],"curies":[{"name":"wp","href":"https:\/\/api.w.org\/{rel}","templated":true}]}}