{"id":443980,"date":"2025-10-07T00:20:12","date_gmt":"2025-10-07T00:20:12","guid":{"rendered":"https:\/\/www.europesays.com\/fr\/443980\/"},"modified":"2025-10-07T00:20:12","modified_gmt":"2025-10-07T00:20:12","slug":"trump-affirme-que-le-hamas-a-accepte-certaines-choses-tres-importantes","status":"publish","type":"post","link":"https:\/\/www.europesays.com\/fr\/443980\/","title":{"rendered":"Trump affirme que le Hamas \u00ab\u00a0a accept\u00e9 certaines choses tr\u00e8s importantes\u00a0\u00bb"},"content":{"rendered":"<p>Alors que les discussions diplomatiques s\u2019intensifient au\u00a0Caire pour tenter de mettre fin \u00e0 pr\u00e8s de deux ans de guerre \u00e0 <a href=\"https:\/\/www.20minutes.fr\/monde\/gaza\/\" target=\"_blank\" class=\"c-link c-link--is-underlined\" rel=\"noopener\">Gaza<\/a>, <a href=\"https:\/\/www.20minutes.fr\/dossier\/donald_trump\" target=\"_blank\" class=\"c-link c-link--is-underlined\" rel=\"noopener\">Donald Trump<\/a> s\u2019est montr\u00e9 optimiste lundi sur l\u2019issue des n\u00e9gociations. Depuis le Bureau ovale, le pr\u00e9sident am\u00e9ricain a affirm\u00e9 que \u00ab le <a href=\"https:\/\/www.20minutes.fr\/monde\/hamas\/\" target=\"_blank\" class=\"c-link c-link--is-underlined\" rel=\"noopener\">Hamas<\/a> a accept\u00e9 certaines choses tr\u00e8s importantes \u00bb, laissant entendre qu\u2019un accord pourrait se profiler entre les diff\u00e9rentes parties impliqu\u00e9es dans les pourparlers indirects.<\/p>\n<\/p>\n<p>\u00ab\u00a0Je crois que cela se passe tr\u00e8s bien\u00a0\u00bb, a-t-il ajout\u00e9, en soulignant que des avanc\u00e9es notables avaient \u00e9t\u00e9 r\u00e9alis\u00e9es. Il a par ailleurs contredit des informations de presse selon lesquelles il aurait accus\u00e9 le Premier ministre isra\u00e9lien <a href=\"https:\/\/www.20minutes.fr\/dossier\/benyamin_netanyahou\" target=\"_blank\" class=\"c-link c-link--is-underlined\" rel=\"noopener\">Benyamin Netanyahou<\/a> d&rsquo;avoir une attitude trop n\u00e9gative, en assurant que le dirigeant isra\u00e9lien \u00e9tait au contraire \u00ab tr\u00e8s positif \u00bb \u00e0 propos du processus en cours.<\/p>\n<p><a href=\"https:\/\/www.20minutes.fr\/monde\/gaza\/\" target=\"_blank\" class=\"c-link c-btn c-btn--primary\" rel=\"noopener\">Notre dossier sur Gaza<\/a><\/p>\n<p>Pour le moment, la <a href=\"https:\/\/www.20minutes.fr\/dossier\/maison_blanche\" target=\"_blank\" class=\"c-link c-link--is-underlined\" rel=\"noopener\">Maison-Blanche<\/a> n\u2019a pas pr\u00e9cis\u00e9 la nature des \u00ab\u00a0choses tr\u00e8s importantes\u00a0\u00bb \u00e9voqu\u00e9es par le pr\u00e9sident Donald Trump. Plus tard dans la soir\u00e9e, la cha\u00eene de t\u00e9l\u00e9vision li\u00e9e aux services de renseignements \u00e9gyptiens Al-Qahera News a rapport\u00e9 que la premi\u00e8re s\u00e9rie de pourparlers entre le Hamas et les m\u00e9diateurs s&rsquo;est achev\u00e9e dans une \u00ab atmosph\u00e8re positive \u00bb. Les pourparlers doivent se poursuivre mardi, toujours entre le Hamas et les m\u00e9diateurs \u00e0 Charm el-Cheikh, o\u00f9 une d\u00e9l\u00e9gation isra\u00e9lienne est arriv\u00e9e lundi.<\/p>\n","protected":false},"excerpt":{"rendered":"Alors que les discussions diplomatiques s\u2019intensifient au\u00a0Caire pour tenter de mettre fin \u00e0 pr\u00e8s de deux ans de&hellip;\n","protected":false},"author":2,"featured_media":443981,"comment_status":"","ping_status":"","sticky":false,"template":"","format":"standard","meta":{"footnotes":""},"categories":[5],"tags":[47,11,75,73,1011,27,665,3519,14,664,74,12,9367,7612,28],"class_list":{"0":"post-443980","1":"post","2":"type-post","3":"status-publish","4":"format-standard","5":"has-post-thumbnail","7":"category-international","8":"tag-actualite","9":"tag-actualites","10":"tag-donald-trump","11":"tag-etats-unis","12":"tag-fr","13":"tag-france","14":"tag-gaza","15":"tag-hamas","16":"tag-international","17":"tag-israel","18":"tag-monde","19":"tag-news","20":"tag-otage","21":"tag-proche-orient","22":"tag-world"},"share_on_mastodon":{"url":"https:\/\/pubeurope.com\/@fr\/115330025401188093","error":""},"_links":{"self":[{"href":"https:\/\/www.europesays.com\/fr\/wp-json\/wp\/v2\/posts\/443980","targetHints":{"allow":["GET"]}}],"collection":[{"href":"https:\/\/www.europesays.com\/fr\/wp-json\/wp\/v2\/posts"}],"about":[{"href":"https:\/\/www.europesays.com\/fr\/wp-json\/wp\/v2\/types\/post"}],"author":[{"embeddable":true,"href":"https:\/\/www.europesays.com\/fr\/wp-json\/wp\/v2\/users\/2"}],"replies":[{"embeddable":true,"href":"https:\/\/www.europesays.com\/fr\/wp-json\/wp\/v2\/comments?post=443980"}],"version-history":[{"count":0,"href":"https:\/\/www.europesays.com\/fr\/wp-json\/wp\/v2\/posts\/443980\/revisions"}],"wp:featuredmedia":[{"embeddable":true,"href":"https:\/\/www.europesays.com\/fr\/wp-json\/wp\/v2\/media\/443981"}],"wp:attachment":[{"href":"https:\/\/www.europesays.com\/fr\/wp-json\/wp\/v2\/media?parent=443980"}],"wp:term":[{"taxonomy":"category","embeddable":true,"href":"https:\/\/www.europesays.com\/fr\/wp-json\/wp\/v2\/categories?post=443980"},{"taxonomy":"post_tag","embeddable":true,"href":"https:\/\/www.europesays.com\/fr\/wp-json\/wp\/v2\/tags?post=443980"}],"curies":[{"name":"wp","href":"https:\/\/api.w.org\/{rel}","templated":true}]}}