{"id":443984,"date":"2025-10-07T00:23:23","date_gmt":"2025-10-07T00:23:23","guid":{"rendered":"https:\/\/www.europesays.com\/fr\/443984\/"},"modified":"2025-10-07T00:23:23","modified_gmt":"2025-10-07T00:23:23","slug":"saint-just-malmont-le-sambalou-un-projet-melant-ecologie-loisirs-et-cadre-de-vie","status":"publish","type":"post","link":"https:\/\/www.europesays.com\/fr\/443984\/","title":{"rendered":"Saint-Just-Malmont : le Sambalou, un projet m\u00ealant \u00e9cologie, loisirs et cadre de vie"},"content":{"rendered":"<p>\t\t\t\t\t\t\t\t\t\t\t\t\t\t\t\t\t\t\t\t\t\t\t\t\t\t\t\t\t\t\t\t\t\t\t\t\t\t\t\t\t\t\t\t\t\t\t\t\t\t\t\t\t\t\t\t\t\t\t\t\t\t\t<a href=\"https:\/\/www.lacommere43.fr\/component\/banners\/click\/1819.html\" target=\"_blank\" title=\"Saint-Romain-Lachalm Durieux Fermetures septembre 2025\" rel=\"noopener\"><br \/>\n\t\t\t\t\t\t\t<img decoding=\"async\" loading=\"lazy\" src=\"https:\/\/www.europesays.com\/fr\/wp-content\/uploads\/2025\/09\/La-Commre-43---17-09-au-07-10-25-carrs.gif\" alt=\"Saint-Romain-Lachalm Durieux Fermetures septembre 2025\"\/><br \/>\n\t\t\t\t\t\t<\/a><\/p>\n<p>\t\t\t\t\t\t\t\t\t\t\t\t\t\t\t\t\t\t\t\t\t\t\t\t\t\t\t\t\t\t\t\t\t\t\t\t\t\t\t\t\t\t\t\t\t\t\t\t\t\t\t\t\t\t\t\t\t\t\t\t\t\t\t<a href=\"https:\/\/www.lacommere43.fr\/component\/banners\/click\/1826.html\" target=\"_blank\" title=\"Mois Rando Gorges Loire octobre 2025\" rel=\"noopener\"><br \/>\n\t\t\t\t\t\t\t<img decoding=\"async\" loading=\"lazy\" src=\"https:\/\/www.europesays.com\/fr\/wp-content\/uploads\/2025\/10\/rando.gif\" alt=\"Mois Rando Gorges Loire octobre 2025\"\/><br \/>\n\t\t\t\t\t\t<\/a><\/p>\n<p><strong>Ce samedi 4 octobre, la Communaut\u00e9 de communes Loire Sem\u00e8ne a inaugur\u00e9 le Sambalou, un nouvel espace am\u00e9nag\u00e9 \u00e0 Saint-Just-Malmont, \u00e0 proximit\u00e9 du gymnase communal.<\/strong><\/p>\n<p>Ce site marque l\u2019aboutissement d\u2019un vaste projet entam\u00e9 en 2017, visant \u00e0 redonner vie au ruisseau du Sambalou, tout en cr\u00e9ant un lieu de d\u00e9tente et d\u2019activit\u00e9s pour les habitants. <br \/>Cette inauguration a d\u00e9but\u00e9 par une d\u00e9ambulation le long du cours d\u2019eau, puis une d\u00e9monstration sur le bike park par des jeunes de la commune, avant une prise de parole du pr\u00e9sident de la communaut\u00e9 de communes et maire de la commune Fr\u00e9d\u00e9ric Girodet.<\/p>\n<p>\u00ab Ce projet r\u00e9pond \u00e0 de nombreux enjeux \u00e9cologiques d\u2019abord gr\u00e2ce \u00e0 la restauration de la zone humide de Riopaille dans la premi\u00e8re phase du projet, mais aussi de pr\u00e9vention des risques d\u2019inondation en remettant \u00e0 l\u2019air libre le cours d\u2019eau. C\u2019est aussi un espace aux attrait touristiques avec des \u00e9quipements pour tous les \u00e2ges, des airs de pique-nique, des jeux pour enfants. En espace que les habitants se sont d\u00e9j\u00e0 appropri\u00e9s \u00bb <\/p>\n<p>Il a ensuite soulign\u00e9 \u00ab des participations financi\u00e8res importantes sur les deux phases, 78% de financement pour la phase une et 72% de financement pour la phase 2 avec notamment un soutien fort de l\u2019Agence de l\u2019Eau Loire Bretagne, mais aussi de la R\u00e9gion Auvergne-Rh\u00f4ne-Alpes, du D\u00e9partement de la Haute Loire, de l\u2019Etat et du fonds europ\u00e9en LEADER \u00bb.<\/p>\n<p>\u00ab Ce projet t\u00e9moigne de la possibilit\u00e9 de faire de l\u2019\u00e9cologie collective et pragmatique plut\u00f4t que de l\u2019\u00e9cologie punitive et dogmatique. Il s\u2019inscrit \u00e9galement dans une politique volontariste et coh\u00e9rente de la commune au niveau du d\u00e9veloppement durable avec la r\u00e9novation \u00e9nerg\u00e9tique des b\u00e2timents communaux, le remplacement de l\u2019\u00e9clairage urbain par des leds et l\u2019installation de grande ampleur de panneaux photovolta\u00efques sur les b\u00e2timents publics d\u00e8s mars prochain. \u00bb<\/p>\n","protected":false},"excerpt":{"rendered":"Ce samedi 4 octobre, la Communaut\u00e9 de communes Loire Sem\u00e8ne a inaugur\u00e9 le Sambalou, un nouvel espace am\u00e9nag\u00e9&hellip;\n","protected":false},"author":2,"featured_media":443985,"comment_status":"","ping_status":"","sticky":false,"template":"","format":"standard","meta":{"footnotes":""},"categories":[9653],"tags":[1111,2281,11,2430,1777,674,2282,1011,27,2280,2284,2285,2283,12,25,4001],"class_list":{"0":"post-443984","1":"post","2":"type-post","3":"status-publish","4":"format-standard","5":"has-post-thumbnail","7":"category-saint-etienne","8":"tag-actu","9":"tag-actualite-43","10":"tag-actualites","11":"tag-auvergne-rhone-alpes","12":"tag-eu","13":"tag-europe","14":"tag-faits-divers-auvergne","15":"tag-fr","16":"tag-france","17":"tag-information-haute-loire","18":"tag-infos-43","19":"tag-journal-haute-loire","20":"tag-la-commere-43","21":"tag-news","22":"tag-republique-francaise","23":"tag-saint-etienne"},"share_on_mastodon":{"url":"https:\/\/pubeurope.com\/@fr\/115330037907003966","error":""},"_links":{"self":[{"href":"https:\/\/www.europesays.com\/fr\/wp-json\/wp\/v2\/posts\/443984","targetHints":{"allow":["GET"]}}],"collection":[{"href":"https:\/\/www.europesays.com\/fr\/wp-json\/wp\/v2\/posts"}],"about":[{"href":"https:\/\/www.europesays.com\/fr\/wp-json\/wp\/v2\/types\/post"}],"author":[{"embeddable":true,"href":"https:\/\/www.europesays.com\/fr\/wp-json\/wp\/v2\/users\/2"}],"replies":[{"embeddable":true,"href":"https:\/\/www.europesays.com\/fr\/wp-json\/wp\/v2\/comments?post=443984"}],"version-history":[{"count":0,"href":"https:\/\/www.europesays.com\/fr\/wp-json\/wp\/v2\/posts\/443984\/revisions"}],"wp:featuredmedia":[{"embeddable":true,"href":"https:\/\/www.europesays.com\/fr\/wp-json\/wp\/v2\/media\/443985"}],"wp:attachment":[{"href":"https:\/\/www.europesays.com\/fr\/wp-json\/wp\/v2\/media?parent=443984"}],"wp:term":[{"taxonomy":"category","embeddable":true,"href":"https:\/\/www.europesays.com\/fr\/wp-json\/wp\/v2\/categories?post=443984"},{"taxonomy":"post_tag","embeddable":true,"href":"https:\/\/www.europesays.com\/fr\/wp-json\/wp\/v2\/tags?post=443984"}],"curies":[{"name":"wp","href":"https:\/\/api.w.org\/{rel}","templated":true}]}}