{"id":443986,"date":"2025-10-07T00:24:20","date_gmt":"2025-10-07T00:24:20","guid":{"rendered":"https:\/\/www.europesays.com\/fr\/443986\/"},"modified":"2025-10-07T00:24:20","modified_gmt":"2025-10-07T00:24:20","slug":"votre-place-pour-red-star-fc-saint-etienne","status":"publish","type":"post","link":"https:\/\/www.europesays.com\/fr\/443986\/","title":{"rendered":"VOTRE PLACE POUR RED STAR FC \/ SAINT-\u00c9TIENNE"},"content":{"rendered":"<p>        Rendez-vous sur notre billetterie en ligne pour prendre vos places \u00e0 partir du mardi 7 octobre \u00e0 18h <a style=\"color: #008000;\" href=\"https:\/\/billetterie.redstar.fr\/indiv\/fListeManifs.aspx?idstructure=0572&amp;tn=25005&amp;quHash=02d7478b686d182f84b8baa1355d4f871bf02b59ef1180213c041c5fe13031f6\" target=\"_blank\" rel=\"noopener nofollow\">en cliquant ici<\/a><br \/>\n3 PHASES DE VENTES<\/p>\n<p style=\"font-weight: 400;\"><strong>Phase 1 \u2013 Du mardi 7 octobre \u00e0 18h au dimanche 19 octobre \u00e0 23h59<\/strong><\/p>\n<ul style=\"font-weight: 400;\">\n<li>Vente r\u00e9serv\u00e9e aux <strong>abonn\u00e9(e)s 2025\/2026\u00a0;<\/strong><\/li>\n<li>Possibilit\u00e9 d\u2019acheter jusqu\u2019\u00e0 4 places en plus de leur abonnement\u00a0;<\/li>\n<li>Les abonn\u00e9(e)s devront se connecter au compte client ayant servi \u00e0 l\u2019achat de leur abonnement pour que la vente s\u2019affiche.<\/li>\n<\/ul>\n<p style=\"font-weight: 400;\"><strong>Phase 2 \u2013 Du lundi 20 octobre \u00e0 18h au dimanche 26 octobre \u00e0 23h59<\/strong><br \/>(Sous r\u00e9serve de disponibilit\u00e9)<\/p>\n<ul style=\"font-weight: 400;\">\n<li>Vente r\u00e9serv\u00e9e aux <strong>acheteurs des trois derni\u00e8res saisons<\/strong> (soit depuis 2022\/2023) ayant achet\u00e9 des places pour <strong>au moins 15 matchs<\/strong>, ainsi qu\u2019aux abonn\u00e9(e)s n\u2019ayant pas particip\u00e9 \u00e0 la Phase 1\u00a0;<\/li>\n<li>Jusqu\u2019\u00e0 5 places par compte client\u00a0;<\/li>\n<li>Les acheteurs devront se connecter \u00e0 leur compte client pour acc\u00e9der \u00e0 la vente.<\/li>\n<\/ul>\n<p style=\"font-weight: 400;\"><strong>Phase 3 \u2013 Du lundi 27 octobre \u00e0 12h au samedi 1er novembre \u00e0 20h<\/strong><br \/>(Sous r\u00e9serve de disponibilit\u00e9)<\/p>\n<ul style=\"font-weight: 400;\">\n<li>Vente ouverte aux <strong>acheteurs depuis la saison 2019\/2020<\/strong>, ainsi qu\u2019\u00e0 toutes les personnes autoris\u00e9es \u00e0 participer aux Phases 1 et 2 n\u2019ayant pas encore achet\u00e9 de places\u00a0;<\/li>\n<li>Jusqu\u2019\u00e0 5 places par compte client\u00a0;<\/li>\n<li>Les acheteurs devront se connecter \u00e0 leur compte client pour acc\u00e9der \u00e0 la vente.<\/li>\n<\/ul>\n<p>REVENDRE SA PLACE<\/p>\n<p>La Plateforme JYVAIPLU \u00e0 destination des <strong>abonn\u00e9s 2025-2026 uniquement<\/strong> sera ouverte du mardi 7 octobre \u00e0 18h au mercredi 29 octobre \u00e0 18h.<\/p>\n<p>La billeterie en ligne fermera le samedi 1er novembre \u00e0 20h (sous r\u00e9serve de disponibilit\u00e9 des places)<\/p>\n<p>Rendez-vous sur notre billetterie en ligne <a style=\"color: #008000;\" href=\"https:\/\/billetterie.redstar.fr\/indiv\/fListeManifs.aspx?idstructure=0572&amp;tn=25005&amp;quHash=02d7478b686d182f84b8baa1355d4f871bf02b59ef1180213c041c5fe13031f6\" target=\"_blank\" rel=\"noopener nofollow\">en cliquant ici<\/a><\/p>\n<p style=\"font-weight: 400;\">\u25ac\u25ac\u25ac\u25ac\u25ac\u25ac\u25ac\u25ac<\/p>\n<p style=\"font-weight: 400;\">\u25ba Ouverture des portes : 17h30<br \/>\u25ba D\u00e9but de la rencontre : 20h<\/p>\n<p style=\"font-weight: 400;\">\u25ac\u25ac\u25ac\u25ac\u25ac\u25ac\u25ac\u25ac<\/p>\n<p style=\"font-weight: 400;\"><strong>\u2605<\/strong><strong> GRAND PUBLIC <\/strong><strong>\u2605<\/strong><\/p>\n<p style=\"font-weight: 400;\"><strong>Tarifs des places grand public :<\/strong><\/p>\n<p><img fetchpriority=\"high\" decoding=\"async\" class=\"aligncenter size-medium wp-image-1267909\" src=\"data:image\/svg+xml,%3Csvg%20xmlns=\" http:=\"\" alt=\"\" width=\"400\" height=\"333\" data-lazy- data-lazy- data-lazy-src=\"https:\/\/www.europesays.com\/fr\/wp-content\/uploads\/2025\/10\/GRILLE-TARIFAIRE-MATCH-GALA-OR-2026-400x333.jpg\"\/><\/p>\n<p style=\"font-weight: 400;\"><strong>*Les tarifs r\u00e9duits sont accord\u00e9s aux :<br \/><\/strong>\u272a enfants \u2013 de 16 ans (sur envoi d\u2019une pi\u00e8ce d\u2019identit\u00e9 en cours de validit\u00e9) ;<br \/>\u272a demandeurs d\u2019emploi (sur envoi d\u2019un justificatif datant de moins de 3 mois) ;<br \/>\u272a personnes en situation de handicap \u00e0 moins de 80% (sur envoi d\u2019une carte d\u2019invalidit\u00e9 attestant d\u2019un handicap \u00e0 moins de 80%).<\/p>\n<p>Les demi-tarifs sont accord\u00e9s aux :<br \/>\u272a UFR et PSH+80% (voir conditions et modalit\u00e9s d\u2019achats sur l\u2019onglet \u00ab\u00a0Accessibilit\u00e9 UFR et PSH\u00a0\u00bb)<br \/>\u272a enfants de 3 \u00e0 8 ans (sur envoi d\u2019une pi\u00e8ce d\u2019identit\u00e9 en cours de validit\u00e9)<\/p>\n<p class=\"p1\">Les tarifs r\u00e9duits et le demi-tarif \u00ab Enfants de 3 \u00e0 8 ans \u00bb sont disponibles UNIQUEMENT sur la billetterie en ligne.<\/p>\n<p class=\"p1\">L\u2019achat d\u2019une place en tarif r\u00e9duit est soumis au d\u00e9p\u00f4t du justificatif sur votre espace client dans \u00ab Mes pi\u00e8ces jointes \u00bb ou \u00e0 l\u2019envoi du justificatif appropri\u00e9 par mail \u00e0 tickets@redstar.fr<\/p>\n<p class=\"p1\">En l\u2019absence du justificatif appropri\u00e9, la place sera automatiquement annul\u00e9e avant l\u2019ouverture des portes (voir CGV).<\/p>\n<p class=\"p1\">Des contr\u00f4les al\u00e9atoires concernant les justificatifs seront effectu\u00e9s lors de l\u2019entr\u00e9e au Stade Bauer. En l\u2019absence du justificatif appropri\u00e9,l\u2019entr\u00e9e au stade vous sera refus\u00e9e.<\/p>\n<p class=\"p1\">Attention : En raison des travaux, aucune place ne sera vendue aux guichets au Stade Bauer en soir de match.<\/p>\n<p class=\"p1\">Aucun remboursement ne sera effectu\u00e9.<\/p>\n<p class=\"p1\">La billetterie en ligne fermera le samedi 1er novembre \u00e0 20h (sous r\u00e9serve de disponibilit\u00e9 des places).<\/p>\n<p style=\"font-weight: 400;\"><strong>\u2605<\/strong><strong> ACC\u00c8S AU STADE <\/strong><strong>\u2605<\/strong><\/p>\n<p><strong>Cat\u00e9gorie 1, 2 et 3<\/strong> : l\u2019acc\u00e8s au stade s\u2019effectuera par l\u2019entr\u00e9e situ\u00e9e Rue du Docteur Bauer.<\/p>\n<p><strong>Cat\u00e9gorie Premium Centrale, Cat\u00e9gories Premium Haute et Basse, VIP et UFR<\/strong> : l\u2019acc\u00e8s au stade s\u2019effectuera par l\u2019entr\u00e9e situ\u00e9e Rue Pierre-Curie.<\/p>\n<p><img loading=\"lazy\" decoding=\"async\" class=\"alignnone wp-image-1237410 size-full\" src=\"data:image\/svg+xml,%3Csvg%20xmlns=\" http:=\"\" alt=\"\" width=\"1453\" height=\"885\" data-lazy- data-lazy- data-lazy-src=\"https:\/\/www.europesays.com\/fr\/wp-content\/uploads\/2025\/10\/image_2025-07-30_10-48-28.jpg\"\/><\/p>\n<p>Merci de bien respecter les entr\u00e9es mentionn\u00e9es ci-dessus. Toute personne ne se pr\u00e9sentant pas \u00e0 l\u2019entr\u00e9e appropri\u00e9e se verra l\u2019acc\u00e8s refus\u00e9.<\/p>\n<p><strong>\u2605<\/strong><strong> GUICHETS INVITATIONS \/ ACCR\u00c9DITATIONS <\/strong><strong>\u2605<\/strong><\/p>\n<p>Les guichets \u00ab Invitations \u00bb et \u00ab\u00a0Accr\u00e9ditations\u00a0\u00bb seront ouverts de 17h30 jusqu\u2019\u00e0 la mi-temps du match.<\/p>\n<p>Le guichet \u00ab\u00a0Presse\u00a0\u00bb sera ouverts de 18h30 jusqu\u2019\u00e0 la mi-temps du match.<\/p>\n<p>Aucun titre d\u2019acc\u00e8s ne sera d\u00e9livr\u00e9 apr\u00e8s 20h45. Seules les personnes poss\u00e9dant d\u00e9j\u00e0 un titre d\u2019acc\u00e8s seront autoris\u00e9es \u00e0 p\u00e9n\u00e9trer dans l\u2019enceinte du Stade Bauer apr\u00e8s la mi-temps.<\/p>\n<p>Il n\u2019y aura pas de places \u00ab\u00a0AYANT DROITS\u00a0\u00bb distribu\u00e9es pour cette rencontre.<\/p>\n<p>Le guichet \u00ab\u00a0Accr\u00e9ditations \/ Presse\u00a0\u00bb se situe \u00e0 l\u2019entr\u00e9e Rue Pierre-Curie.<\/p>\n<p>Le guichet \u00ab\u00a0Invitations\u00a0\u00bb se situe \u00e0 l\u2019entr\u00e9e Rue du Docteur Bauer.<\/p>\n<p><strong>\u2605 CONSIGNE<\/strong> <strong>\u2605<\/strong><\/p>\n<p>Trois consignes gratuites sont mises \u00e0 disposition du public pour y d\u00e9poser les objets interdits. Vous pouvez retrouver <a style=\"color: #008000;\" href=\"https:\/\/billetterie.redstar.fr\/files\/0572\/INDIV\/filesinfos\/reglement.pdf\" target=\"_blank\" rel=\"noopener nofollow\">la liste des objets interdits en cliquant ici<\/a> ainsi que <a style=\"color: #008000;\" href=\"https:\/\/indiv.themisweb.fr\/0572\/fListeManifs.aspx?idstructure=0572&amp;tn=395345&amp;quHash=02ca3419d105a62710640af8f777414d73ce37c0b9b555f4099c4d91c0f21c86\" rel=\"nofollow noopener\" target=\"_blank\">sur notre billetterie en ligne<\/a> :<\/p>\n<p>\u272a<strong> Consigne Docteur Bauer :<\/strong> \u00e0 disposition du public Cat\u00e9gorie 1, 2 et 3 ;<br \/>\u272a<strong> Consigne Pierre-Curie :<\/strong> \u00e0 disposition des supporters des Cat\u00e9gories Premium, VIP et UFR ;<br \/>\u272a<strong> Consigne Charles-Garnier :<\/strong> \u00e0 disposition des supporters visiteurs.<\/p>\n<p><strong>Attention :<\/strong> Les valises et les trottinettes ne sont pas accept\u00e9es en consigne.<\/p>\n<p>Le club se r\u00e9serve le droit de refuser des objets en consigne si la capacit\u00e9 de stockage est d\u00e9pass\u00e9e.<\/p>\n<p><strong>\u2605 ABONN\u00c9(E)S <\/strong><strong>\u2605<\/strong><\/p>\n<p class=\"p1\">Abonn\u00e9(e)s, pour acc\u00e9der au Stade Bauer, vous devez imp\u00e9rativement pr\u00e9senter \u00e0 l\u2019entr\u00e9e votre carte d\u2019abonn\u00e9(e) qui est valable pour l\u2019ensemble des matchs jusqu\u2019\u00e0 la fin de saison.<\/p>\n<p class=\"p1\">Les e-billets \u00ab Abonnement \u00bb t\u00e9l\u00e9chargeables sur votre compte client ne sont pas valables et ne vous donnent pas acc\u00e8s aux matchs.<\/p>\n<p style=\"font-weight: 400;\"><strong>\u2605<\/strong><strong> ACC\u00c8S AUX TRIBUNES <\/strong><strong>\u2605<\/strong><\/p>\n<p>Il est demand\u00e9 aux spectateurs de se rendre dans la tribune indiqu\u00e9e sur votre titre d\u2019acc\u00e8s : un contr\u00f4le sera effectu\u00e9 par les stadiers \u00e0 l\u2019entr\u00e9e de chaque tribune.<\/p>\n<p style=\"font-weight: 400;\"><strong>\u2605<\/strong><strong> O\u00d9 SE PROCURER LE BILLET ? <\/strong><strong>\u2605<\/strong><\/p>\n<p style=\"font-weight: 400;\">Sur notre billetterie en ligne <a style=\"color: #008000;\" href=\"https:\/\/billetterie.redstar.fr\/\" target=\"_blank\" rel=\"noopener nofollow\">en cliquant ici<\/a>.<\/p>\n<p><strong>\u2605<\/strong><strong> INFORMATIONS BOUTIQUE &amp; RESTAURATION <\/strong><strong>\u2605<\/strong><\/p>\n<p>Retrouvez notre boutique entre la Porte C et D et de quoi vous restaurer en coursive.<\/p>\n<p style=\"font-weight: 400;\"><strong>\u2605<\/strong><strong> INFORMATIONS VISITEURS <\/strong><strong>\u2605<\/strong><\/p>\n<p class=\"p1\">Les supporters et sympathisants de l\u2019AS Saint-Etienne sont invit\u00e9s \u00e0 se rapprocher de leur club pour tout achat de places en secteur visiteurs pour cette rencontre.<\/p>\n<p style=\"font-weight: 400;\">\u25ac\u25ac\u25ac\u25ac\u25ac\u25ac\u25ac\u25ac<\/p>\n<p style=\"font-weight: 400;\"><strong>\u2605<\/strong><strong> ACC\u00c8S AU STADE BAUER <\/strong><strong>\u2605<\/strong><\/p>\n<p>\u272a En m\u00e9tro :<br \/>M\u00b0 LIGNE 14 : Mairie de Saint-Ouen<br \/>M\u00b0 LIGNE 4 : Porte de Clignancourt<br \/>M\u00b0 LIGNE 13 : Mairie de Saint-Ouen ou Garibaldi<\/p>\n<p>\u272a En bus :<br \/>LIGNE 166, 255 et L\u2019Audonienne : Arr\u00eat Michelet \u2013 Docteur Bauer (Acc\u00e8s Rue du Docteur Bauer)<br \/>LIGNE 85 : Arr\u00eat Eug\u00e8ne-Lumeau \u2013 Les Ecoles ou Paul-Bert (Acc\u00e8s Rue Pierre-Curie)<\/p>\n<p>\u272a En v\u00e9lo :<br \/>106 rue du Docteur Bauer, 93400 Saint-Ouen<br \/>Parking ouvert \u00e0 17h30. R\u00e9servation <a style=\"color: #008000;\" href=\"https:\/\/park.cyclope.cool\/reserver\/red-star-fc-as-saint-etienne-novembre-2025\" rel=\"nofollow noopener\" target=\"_blank\">ici<\/a>.<\/p>\n<p>\u272a Parking :<br \/>Parking Patinoire \u2013 4 Rue \u00c9mile-Cordon, 93400 Saint-Ouen<br \/>Parking Marie-Curie \u2013 7 Rue Marie Curie, 93400 Saint-Ouen<\/p>\n<p>\u00a0<\/p>\n<p>Rendez-vous sur notre billetterie en ligne <a style=\"color: #008000;\" href=\"https:\/\/billetterie.redstar.fr\/indiv\/fListeManifs.aspx?idstructure=0572&amp;tn=25005&amp;quHash=02d7478b686d182f84b8baa1355d4f871bf02b59ef1180213c041c5fe13031f6\" target=\"_blank\" rel=\"noopener nofollow\">en cliquant ici<\/a><\/p>\n<p>                <a data-no-instant=\"1\" href=\"https:\/\/shop.redstar.fr\/categorie\/tenue-de-match\/\" rel=\"noopener nofollow\" class=\"a2t-link\" target=\"_blank\" aria-label=\"cover_red_star_shop\"><img loading=\"lazy\" decoding=\"async\" src=\"data:image\/svg+xml,%3Csvg%20xmlns=\" http:=\"\" alt=\"\" width=\"1924\" height=\"1118\" data-lazy-src=\"https:\/\/www.europesays.com\/fr\/wp-content\/uploads\/2025\/10\/cover_red_star_shop.jpg\"\/><\/a>        <\/p>\n","protected":false},"excerpt":{"rendered":"Rendez-vous sur notre billetterie en ligne pour prendre vos places \u00e0 partir du mardi 7 octobre \u00e0 18h&hellip;\n","protected":false},"author":2,"featured_media":443987,"comment_status":"","ping_status":"","sticky":false,"template":"","format":"standard","meta":{"footnotes":""},"categories":[9653],"tags":[1111,11,2430,1777,674,1011,27,12,25,4001],"class_list":{"0":"post-443986","1":"post","2":"type-post","3":"status-publish","4":"format-standard","5":"has-post-thumbnail","7":"category-saint-etienne","8":"tag-actu","9":"tag-actualites","10":"tag-auvergne-rhone-alpes","11":"tag-eu","12":"tag-europe","13":"tag-fr","14":"tag-france","15":"tag-news","16":"tag-republique-francaise","17":"tag-saint-etienne"},"share_on_mastodon":{"url":"https:\/\/pubeurope.com\/@fr\/115330040744407222","error":""},"_links":{"self":[{"href":"https:\/\/www.europesays.com\/fr\/wp-json\/wp\/v2\/posts\/443986","targetHints":{"allow":["GET"]}}],"collection":[{"href":"https:\/\/www.europesays.com\/fr\/wp-json\/wp\/v2\/posts"}],"about":[{"href":"https:\/\/www.europesays.com\/fr\/wp-json\/wp\/v2\/types\/post"}],"author":[{"embeddable":true,"href":"https:\/\/www.europesays.com\/fr\/wp-json\/wp\/v2\/users\/2"}],"replies":[{"embeddable":true,"href":"https:\/\/www.europesays.com\/fr\/wp-json\/wp\/v2\/comments?post=443986"}],"version-history":[{"count":0,"href":"https:\/\/www.europesays.com\/fr\/wp-json\/wp\/v2\/posts\/443986\/revisions"}],"wp:featuredmedia":[{"embeddable":true,"href":"https:\/\/www.europesays.com\/fr\/wp-json\/wp\/v2\/media\/443987"}],"wp:attachment":[{"href":"https:\/\/www.europesays.com\/fr\/wp-json\/wp\/v2\/media?parent=443986"}],"wp:term":[{"taxonomy":"category","embeddable":true,"href":"https:\/\/www.europesays.com\/fr\/wp-json\/wp\/v2\/categories?post=443986"},{"taxonomy":"post_tag","embeddable":true,"href":"https:\/\/www.europesays.com\/fr\/wp-json\/wp\/v2\/tags?post=443986"}],"curies":[{"name":"wp","href":"https:\/\/api.w.org\/{rel}","templated":true}]}}