{"id":443996,"date":"2025-10-07T00:30:14","date_gmt":"2025-10-07T00:30:14","guid":{"rendered":"https:\/\/www.europesays.com\/fr\/443996\/"},"modified":"2025-10-07T00:30:14","modified_gmt":"2025-10-07T00:30:14","slug":"previsions-du-mardi-7-octobre-2025-8","status":"publish","type":"post","link":"https:\/\/www.europesays.com\/fr\/443996\/","title":{"rendered":"pr\u00e9visions du mardi 7 octobre 2025"},"content":{"rendered":"<p class=\"mb-4 text-lg md:leading-8 break-words\"><strong>M\u00e9t\u00e9o &#8211; Le soleil sera dominant, la promesse d&rsquo;une belle journ\u00e9e ! Les temp\u00e9ratures seront de 17\u00b0C le matin et de 21\u00b0C l&rsquo;apr\u00e8s-midi&#8230;<\/strong><\/p>\n<p class=\"mb-4 text-lg md:leading-8 break-words\">Le soleil sera au rendez-vous \u00e0 Montpellier : une magnifique journ\u00e9e se profile ! Le mercure affichera 18\u00b0C en moyenne. Le matin, on pr\u00e9voit des temp\u00e9ratures d&rsquo;environ 17\u00b0C. Un l\u00e9ger vent de nord-est soufflera. Les temp\u00e9ratures vont grimper pendant l&rsquo;apr\u00e8s-midi de quelques degr\u00e9s. Les maximales iront jusqu&rsquo;\u00e0 22\u00b0C alors que les minimales seront de 19\u00b0C. La ville profitera de quelques \u00e9claircies le soir. Les temp\u00e9ratures avoisineront les 17\u00b0C. Le ciel sera limpide dans la nuit de mardi \u00e0 mercredi.<\/p>\n<p class=\"mb-4 text-lg md:leading-8 break-words\">C&rsquo;est un soleil splendide qui va se montrer demain sur Montpellier. Les valeurs afficheront entre 14 et 21\u00b0C. Les temp\u00e9ratures seront de 17\u00b0C dans la matin\u00e9e. Un vent de nord-est soufflera l\u00e9g\u00e8rement, avec 5 km\/h. Les valeurs s&rsquo;\u00e9chelonneront de 18 \u00e0 21\u00b0C sur l&rsquo;ensemble de l&rsquo;apr\u00e8s-midi. Le ciel va l\u00e9g\u00e8rement se d\u00e9gager dans la soir\u00e9e avec des \u00e9claircies. Une modeste brise de sud-ouest sera ressentie par les habitants.<\/p>\n<p>Publicit\u00e9<\/p>\n<p>Publicit\u00e9<\/p>\n<p>Publicit\u00e9<\/p>\n<p>Publicit\u00e9<\/p>\n<p class=\"mb-4 text-lg md:leading-8 break-words\">Les journ\u00e9es se suivent mais ne se ressemblent pas. Les conditions m\u00e9t\u00e9orologiques seront changeantes les jours suivants. On pr\u00e9voit une am\u00e9lioration vendredi, apr\u00e8s un jour nuageux jeudi.<\/p>\n<p class=\"mb-4 text-lg md:leading-8 break-words\"><a href=\"https:\/\/www.20minutes.fr\/planete\/previsions-meteo\/4177582-20251007-meteo-montpellier-previsions-mardi-7-octobre-2025?at_medium=RSS%20feed&amp;at_campaign=ynews&amp;utm_source=yahoo&amp;utm_medium=rss&amp;utm_campaign=news_feed&amp;utm_content=read_more_link&quot;\" rel=\"nofollow noopener\" target=\"_blank\" data-ylk=\"slk:Lire la suite sur 20minutes;elm:context_link;itc:0;sec:content-canvas\" class=\"link \">Lire la suite sur 20minutes<\/a><\/p>\n","protected":false},"excerpt":{"rendered":"M\u00e9t\u00e9o &#8211; Le soleil sera dominant, la promesse d&rsquo;une belle journ\u00e9e ! Les temp\u00e9ratures seront de 17\u00b0C le&hellip;\n","protected":false},"author":2,"featured_media":443997,"comment_status":"","ping_status":"","sticky":false,"template":"","format":"standard","meta":{"footnotes":""},"categories":[9599],"tags":[1111,11,28358,1777,674,1011,27,29508,44166,2487,2208,12,2680,25],"class_list":{"0":"post-443996","1":"post","2":"type-post","3":"status-publish","4":"format-standard","5":"has-post-thumbnail","7":"category-montpellier","8":"tag-actu","9":"tag-actualites","10":"tag-belle-journee","11":"tag-eu","12":"tag-europe","13":"tag-fr","14":"tag-france","15":"tag-le-ciel","16":"tag-le-matin","17":"tag-meteo","18":"tag-montpellier","19":"tag-news","20":"tag-occitanie","21":"tag-republique-francaise"},"share_on_mastodon":{"url":"https:\/\/pubeurope.com\/@fr\/115330064207233630","error":""},"_links":{"self":[{"href":"https:\/\/www.europesays.com\/fr\/wp-json\/wp\/v2\/posts\/443996","targetHints":{"allow":["GET"]}}],"collection":[{"href":"https:\/\/www.europesays.com\/fr\/wp-json\/wp\/v2\/posts"}],"about":[{"href":"https:\/\/www.europesays.com\/fr\/wp-json\/wp\/v2\/types\/post"}],"author":[{"embeddable":true,"href":"https:\/\/www.europesays.com\/fr\/wp-json\/wp\/v2\/users\/2"}],"replies":[{"embeddable":true,"href":"https:\/\/www.europesays.com\/fr\/wp-json\/wp\/v2\/comments?post=443996"}],"version-history":[{"count":0,"href":"https:\/\/www.europesays.com\/fr\/wp-json\/wp\/v2\/posts\/443996\/revisions"}],"wp:featuredmedia":[{"embeddable":true,"href":"https:\/\/www.europesays.com\/fr\/wp-json\/wp\/v2\/media\/443997"}],"wp:attachment":[{"href":"https:\/\/www.europesays.com\/fr\/wp-json\/wp\/v2\/media?parent=443996"}],"wp:term":[{"taxonomy":"category","embeddable":true,"href":"https:\/\/www.europesays.com\/fr\/wp-json\/wp\/v2\/categories?post=443996"},{"taxonomy":"post_tag","embeddable":true,"href":"https:\/\/www.europesays.com\/fr\/wp-json\/wp\/v2\/tags?post=443996"}],"curies":[{"name":"wp","href":"https:\/\/api.w.org\/{rel}","templated":true}]}}