{"id":443998,"date":"2025-10-07T00:33:25","date_gmt":"2025-10-07T00:33:25","guid":{"rendered":"https:\/\/www.europesays.com\/fr\/443998\/"},"modified":"2025-10-07T00:33:25","modified_gmt":"2025-10-07T00:33:25","slug":"festival-mondial-de-la-magie-troisieme-edition-2026","status":"publish","type":"post","link":"https:\/\/www.europesays.com\/fr\/443998\/","title":{"rendered":"Festival Mondial de la Magie &#8211; Troisi\u00e8me Edition 2026"},"content":{"rendered":"<p class=\"intro\">Festival Mondial de la Magie &#8211; Troisi\u00e8me Edition, un \u00e9v\u00e9nement \u00e0 voir \u00e0 Rouen (Z\u00e9nith de Rouen Le Grand-Quevilly), le 6 d\u00e9cembre 2026. Toutes les informations pratiques (tarifs, billetterie, plan de salle) pour cet \u00e9v\u00e9nement sont \u00e0 retrouver sur cette page. R\u00e9servez d\u00e8s maintenant vos places pour assister \u00e0 cet <a href=\"https:\/\/www.jds.fr\/rouen\/agenda\/\" rel=\"nofollow noopener\" target=\"_blank\">\u00e9v\u00e9nement \u00e0 Rouen<\/a>\u00a0!<\/p>\n<p><img decoding=\"async\" loading=\"lazy\" src=\"https:\/\/www.europesays.com\/fr\/wp-content\/uploads\/2025\/07\/festival-mondial-de-la-magie-tickets_257812_2315217_222x222.jpg\" alt=\"Festival Mondial de la Magie - Troisi\u00e8me Edition\" class=\"border\"\/><\/p>\n<p>Le spectacle Le Festival Mondial de la Magie \u00e0 Rouen (Le Grand-Quevilly) en 2026<\/p>\n<p class=\"mise_en_avant\">Le spectacle Le Festival Mondial de la Magie \u00e0 voir \u00e0 Rouen (Le Grand-Quevilly) dimanche 6 D\u00e9cembre 2026 \u00e0 17h30. Ce spectacle aura lieu dans une salle bien connue dans la r\u00e9gion\u00a0: <a href=\"https:\/\/www.jds.fr\/rouen\/le-grand-quevilly\/salle-de-concert\/zenith-de-rouen-15867_L\" class=\"tde-underline\" rel=\"nofollow noopener\" target=\"_blank\">Z\u00e9nith de Rouen &#8211; Le Grand-Quevilly<\/a>, un lieu qui accueille r\u00e9guli\u00e8rement des spectacles comme Festival Mondial de la Magie &#8211; Troisi\u00e8me Edition.<\/p>\n<p>Retrouvez les autres dates pr\u00e9vues, dans toute la France, pour le <a href=\"https:\/\/www.jds.fr\/artistes\/le-festival-mondial-de-la-magie-133_N\" rel=\"nofollow noopener\" target=\"_blank\">spectacle Le Festival Mondial de la Magie en 2025-2026-2027<\/a> sur notre page d\u00e9di\u00e9e.<\/p>\n<p>Billetterie pour le spectacle Le Festival Mondial de la Magie \u00e0 Rouen<\/p>\n<p>Les places pour la prochaine repr\u00e9sentation du spectacle Le Festival Mondial de la Magie \u00e0 Rouen sont en vente sur la billetterie en ligne. R\u00e9servez vos billets d\u00e8s maintenant pour d\u00e9couvrir sur sc\u00e8ne ce spectacle\u00a0!<\/p>\n<p><a class=\"btn btn-lg shadow-lg btn-primary rounded-pill fnac_link\" data-fnac=\"in_article\" href=\"https:\/\/www.awin1.com\/pclick.php?p=42459107874&amp;a=634278&amp;m=12494&amp;clickref=in_article-A-desktop\" target=\"_blank\" rel=\"nofollow noopener\"> Acheter des billets<\/a><\/p>\n<p>Les tarifs des billets pour assister au spectacle Le Festival Mondial de la Magie \u00e0 Rouen d\u00e9marrent \u00e0 partir de 40\u00a0\u20ac. Diff\u00e9rentes cat\u00e9gories de places peuvent \u00eatre \u00e0 la vente, selon le placement dans la salle. Les prix peuvent donc \u00eatre diff\u00e9rents d&rsquo;une cat\u00e9gorie \u00e0 l&rsquo;autre.<\/p>\n<p>Vous pouvez aussi r\u00e9server vos places pour le spectacle <a href=\"https:\/\/www.jds.fr\/angers\/manifestations\/festival\/festival-mondial-de-la-magie-troisieme-edition-1148312_A\" rel=\"nofollow noopener\" target=\"_blank\">Festival Mondial de la Magie &#8211; Troisi\u00e8me Edition \u00e0 Tr\u00e9laz\u00e9, Angers &#8211; Arena Loire Tr\u00e9laz\u00e9<\/a> (49).<\/p>\n<p>Festival Mondial de la Magie &#8211; Troisi\u00e8me Edition<\/p>\n<p><strong>Pr\u00e9sent\u00e9 par Magic World Diffusion (L-V-D-2022-008427).<\/strong> Le Festival a d\u00e9j\u00e0 conquis des milliers de spectateurs en Europe\u00a0! Ce nouveau show, consid\u00e9r\u00e9 comme le plus grand spectacle de magie d\u2019Europe, a d\u00e9j\u00e0 conquis plus de 100 000 spectateurs en France.<\/p>\n<p>Le Festival Mondial de la Magie pr\u00e9sente une nouvelle \u00e9dition encore plus grandiose, avec des illusions et num\u00e9ros in\u00e9dits jamais produits en Europe et toujours avec des artistes exceptionnels consid\u00e9r\u00e9s comme \u00ab les plus grands magiciens actuels au monde \u00bb.<\/p>\n<p>Transformer votre journ\u00e9e ou soir\u00e9e ordinaire en un \u00e9v\u00e9nement extraordinaire est le seul but de tous les artistes r\u00e9unis ensemble sur une m\u00eame sc\u00e8ne pendant pr\u00e8s de deux heures sans entracte.<\/p>\n<ul>\n<li>Grandes illusions<\/li>\n<li>Magie comique<\/li>\n<li>Mentalisme<\/li>\n<li>Prestidigitateur<\/li>\n<li>Magie digitale<\/li>\n<li>Manipulateur de cartes<\/li>\n<li>Magie des lumi\u00e8res<\/li>\n<\/ul>\n<p>Tous les courants de l\u2019illusionnisme seront repr\u00e9sent\u00e9s. Tous les artistes s\u00e9lectionn\u00e9s pour cette \u00e9dition ont \u00e9t\u00e9 r\u00e9compens\u00e9s \u00e0 de nombreuses reprises dans les plus prestigieux Festivals de Magie du Monde et se sont produits dans les \u00e9missions de t\u00e9l\u00e9vision les plus prestigieuses.<\/p>\n<p>Note T\u00e9l\u00e9rama\u00a0: 3T<\/p>\n<p><strong>Ce spectacle est interdit aux moins de 4 ans.<\/strong><\/p>\n<p class=\"font-size-30 fw-bold lh-1 mt-0 mb-4\">Je trouve les meilleures sorties dans ma ville<\/p>\n","protected":false},"excerpt":{"rendered":"Festival Mondial de la Magie &#8211; Troisi\u00e8me Edition, un \u00e9v\u00e9nement \u00e0 voir \u00e0 Rouen (Z\u00e9nith de Rouen Le&hellip;\n","protected":false},"author":2,"featured_media":244985,"comment_status":"","ping_status":"","sticky":false,"template":"","format":"standard","meta":{"footnotes":""},"categories":[9587],"tags":[1111,11,1777,674,1011,27,12,5161,25,9590],"class_list":{"0":"post-443998","1":"post","2":"type-post","3":"status-publish","4":"format-standard","5":"has-post-thumbnail","7":"category-rouen","8":"tag-actu","9":"tag-actualites","10":"tag-eu","11":"tag-europe","12":"tag-fr","13":"tag-france","14":"tag-news","15":"tag-normandie","16":"tag-republique-francaise","17":"tag-rouen"},"share_on_mastodon":{"url":"https:\/\/pubeurope.com\/@fr\/115330076389408632","error":""},"_links":{"self":[{"href":"https:\/\/www.europesays.com\/fr\/wp-json\/wp\/v2\/posts\/443998","targetHints":{"allow":["GET"]}}],"collection":[{"href":"https:\/\/www.europesays.com\/fr\/wp-json\/wp\/v2\/posts"}],"about":[{"href":"https:\/\/www.europesays.com\/fr\/wp-json\/wp\/v2\/types\/post"}],"author":[{"embeddable":true,"href":"https:\/\/www.europesays.com\/fr\/wp-json\/wp\/v2\/users\/2"}],"replies":[{"embeddable":true,"href":"https:\/\/www.europesays.com\/fr\/wp-json\/wp\/v2\/comments?post=443998"}],"version-history":[{"count":0,"href":"https:\/\/www.europesays.com\/fr\/wp-json\/wp\/v2\/posts\/443998\/revisions"}],"wp:featuredmedia":[{"embeddable":true,"href":"https:\/\/www.europesays.com\/fr\/wp-json\/wp\/v2\/media\/244985"}],"wp:attachment":[{"href":"https:\/\/www.europesays.com\/fr\/wp-json\/wp\/v2\/media?parent=443998"}],"wp:term":[{"taxonomy":"category","embeddable":true,"href":"https:\/\/www.europesays.com\/fr\/wp-json\/wp\/v2\/categories?post=443998"},{"taxonomy":"post_tag","embeddable":true,"href":"https:\/\/www.europesays.com\/fr\/wp-json\/wp\/v2\/tags?post=443998"}],"curies":[{"name":"wp","href":"https:\/\/api.w.org\/{rel}","templated":true}]}}