{"id":443999,"date":"2025-10-07T00:34:23","date_gmt":"2025-10-07T00:34:23","guid":{"rendered":"https:\/\/www.europesays.com\/fr\/443999\/"},"modified":"2025-10-07T00:34:23","modified_gmt":"2025-10-07T00:34:23","slug":"et-pourquoi-pas-de-concerts-lakay-elements-of-baraka-adil-smaali","status":"publish","type":"post","link":"https:\/\/www.europesays.com\/fr\/443999\/","title":{"rendered":"Et Pourquoi Pas de Concerts ? Lakay, Elements Of Baraka, Adil Smaali"},"content":{"rendered":"<p><strong>A l&rsquo;occasion de la sortie de notre web-s\u00e9rie \u00ab\u00a0Quand je suis arriv\u00e9.e \u00e0 Grenoble&#8230;\u00a0\u00bb nous organisons jeudi 9 octobre \u00e0 La Bifurk une soir\u00e9e concerts :<\/strong><\/p>\n<p>\u00a0<\/p>\n<p><strong>18H &#8211; ADIL SMAALI (live solo)<\/strong><br \/>\nAuteur, compositeur et interpr\u00e8te, Adil partage ses exp\u00e9riences et ses valeurs \u00e0 travers la musique et le chant. Fondateur du groupe Aywa, cet artiste de renomm\u00e9e internationale abolit les fronti\u00e8res et rassemble les gens.<\/p>\n<p><strong>19H &#8211; LAKAY (live solo &#8211; World PsyDub \/ Hadra)<\/strong><br \/>\n=&gt; Trompettiste et multi-instrumentiste, Lakay m\u00e9lange habilement ses instruments de pr\u00e9dilections et rythmes \u00e9lectroniques. De la Tha\u00eflande \u00e0 la R\u00e9union, en passant par l\u2019Espagne, le parcours de Lakay est ponctu\u00e9 d\u2019escales musicales.<\/p>\n<p><strong><img decoding=\"async\" alt=\"\ud83c\udfac\" class=\"x15mokao x16uus16 x1ga7v0g xbiv7yw xz74otr\" src=\"https:\/\/www.europesays.com\/fr\/wp-content\/uploads\/2025\/06\/1f3ac.png\"\/> 20H &#8211; \u00ab\u00a0Quand je suis arriv\u00e9.e \u00e0 Grenoble&#8230;\u00a0\u00bb (Projection \/ Et Pourquoi Pas ?)<\/strong><br \/>\nWeb-s\u00e9rie d&rsquo;une douzaine d&rsquo;\u00e9pisodes dans lesquels des personnes exil\u00e9es racontent leurs premiers jours \u00e0 Grenoble, les gal\u00e8res, les coups de pouce, leur situation actuelle, leur vision pour demain.<\/p>\n<p><strong>20H30 &#8211; ELEMENTS OF BARAKA (gnawa fusion \/ Hadra)<\/strong><br \/>\n=&gt; La rencontre de deux cultures musicales, de deux mondes, un \u00e9lectronique et un traditionnel, c\u2019est l\u2019histoire que raconte la collaboration des artistes Adil Smaali et Lakay !<\/p>\n<p><strong><img decoding=\"async\" alt=\"\ud83d\udc49\" class=\"x15mokao x16uus16 x1ga7v0g xbiv7yw xz74otr\" src=\"https:\/\/www.europesays.com\/fr\/wp-content\/uploads\/2025\/06\/1f449.png\"\/> Exposition des Porteurs de Paroles Photo T\u00e9moignages et photographies \/ Et Pourquoi Pas ?)<\/strong><br \/>\nCette ann\u00e9e, l&rsquo;association Et Pourquoi Pas ? a recueilli des t\u00e9moignages sur le th\u00e8me de l&rsquo;Exil avec cette question : \u00ab\u00a0Quel accueil fais-tu \u00e0 ce qui t&rsquo;est \u00e9tranger ?\u00a0\u00bb. Les affiches qui en r\u00e9sultent sont autant de v\u00e9cus, de r\u00e9ponses \u00e0 une seule et m\u00eame question.<\/p>\n<p><strong>PRIX LIBRE<\/strong><br \/>\nBoissons et petite restauration sur place<\/p>\n<p><strong>LA BIFURK<\/strong><br \/>\n2 rue Gustave Flaubert &#8211; Grenoble<br \/>\nArr\u00eat MC2 &#8211; Tram A<\/p>\n","protected":false},"excerpt":{"rendered":"A l&rsquo;occasion de la sortie de notre web-s\u00e9rie \u00ab\u00a0Quand je suis arriv\u00e9.e \u00e0 Grenoble&#8230;\u00a0\u00bb nous organisons jeudi 9&hellip;\n","protected":false},"author":2,"featured_media":444000,"comment_status":"","ping_status":"","sticky":false,"template":"","format":"standard","meta":{"footnotes":""},"categories":[9566],"tags":[1111,11,2430,1777,674,1011,27,2731,12,25],"class_list":{"0":"post-443999","1":"post","2":"type-post","3":"status-publish","4":"format-standard","5":"has-post-thumbnail","7":"category-grenoble","8":"tag-actu","9":"tag-actualites","10":"tag-auvergne-rhone-alpes","11":"tag-eu","12":"tag-europe","13":"tag-fr","14":"tag-france","15":"tag-grenoble","16":"tag-news","17":"tag-republique-francaise"},"share_on_mastodon":{"url":"https:\/\/pubeurope.com\/@fr\/115330080809037729","error":""},"_links":{"self":[{"href":"https:\/\/www.europesays.com\/fr\/wp-json\/wp\/v2\/posts\/443999","targetHints":{"allow":["GET"]}}],"collection":[{"href":"https:\/\/www.europesays.com\/fr\/wp-json\/wp\/v2\/posts"}],"about":[{"href":"https:\/\/www.europesays.com\/fr\/wp-json\/wp\/v2\/types\/post"}],"author":[{"embeddable":true,"href":"https:\/\/www.europesays.com\/fr\/wp-json\/wp\/v2\/users\/2"}],"replies":[{"embeddable":true,"href":"https:\/\/www.europesays.com\/fr\/wp-json\/wp\/v2\/comments?post=443999"}],"version-history":[{"count":0,"href":"https:\/\/www.europesays.com\/fr\/wp-json\/wp\/v2\/posts\/443999\/revisions"}],"wp:featuredmedia":[{"embeddable":true,"href":"https:\/\/www.europesays.com\/fr\/wp-json\/wp\/v2\/media\/444000"}],"wp:attachment":[{"href":"https:\/\/www.europesays.com\/fr\/wp-json\/wp\/v2\/media?parent=443999"}],"wp:term":[{"taxonomy":"category","embeddable":true,"href":"https:\/\/www.europesays.com\/fr\/wp-json\/wp\/v2\/categories?post=443999"},{"taxonomy":"post_tag","embeddable":true,"href":"https:\/\/www.europesays.com\/fr\/wp-json\/wp\/v2\/tags?post=443999"}],"curies":[{"name":"wp","href":"https:\/\/api.w.org\/{rel}","templated":true}]}}