{"id":444001,"date":"2025-10-07T00:35:14","date_gmt":"2025-10-07T00:35:14","guid":{"rendered":"https:\/\/www.europesays.com\/fr\/444001\/"},"modified":"2025-10-07T00:35:14","modified_gmt":"2025-10-07T00:35:14","slug":"seconde-ligue-j4-grenoble-prend-la-tete","status":"publish","type":"post","link":"https:\/\/www.europesays.com\/fr\/444001\/","title":{"rendered":"Seconde Ligue (J4). Grenoble prend la t\u00eate !"},"content":{"rendered":"<p><img loading=\"lazy\" decoding=\"async\" width=\"696\" height=\"487\" class=\"lazyload entry-thumb\" src=\"https:\/\/www.europesays.com\/fr\/wp-content\/uploads\/2025\/10\/Seconde-Ligue-GF38-696x487.jpg\" alt=\"\" title=\"Seconde Ligue GF38\"\/>Cr\u00e9dit photo : Rapha\u00ebl Gomez<\/p>\n<p style=\"font-size:20px\"><strong>Le Grenoble Foot 38 a profit\u00e9 de sa victoire lors du choc au sommet \u00e0 Rodez et du match nul entre Lille et Metz pour prendre seul la t\u00eate de la Seconde Ligue apr\u00e8s la J4 qui s\u2019est disput\u00e9e ce week-end.<\/strong><\/p>\n<p>Il n\u2019y a plus d\u2019invaincus puisque Nice s\u2019est inclin\u00e9 \u00e0 Saint-Malo. Et surtout une seule \u00e9quipe tr\u00f4ne d\u00e9sormais au sommet de la Seconde Ligue. Le Grenoble Foot 38, promu cette saison, a confirm\u00e9 son tr\u00e8s bon d\u00e9but de saison en s\u2019imposant 2-0 \u00e0 Rodez gr\u00e2ce \u00e0 des buts de la capitaine Elsa Domenjoud et de l\u2019entr\u00e9e en jeu Nehla Sadiki.<\/p>\n<p>Derri\u00e8re, cinq formations sont \u00e0 deux points (Toulouse, Metz, le LOSC, Saint-Malo et Auxerre). Avec un seul petit point au classement, Guingamp est d\u00e9croch\u00e9 \u00e0 la derni\u00e8re place alors que Thonon a sign\u00e9 son premier succ\u00e8s de la saison en championnat face au Mans gr\u00e2ce \u00e0 Wissem Bouzid.<\/p>\n<p>Les r\u00e9sultats de la 4\u00e8me journ\u00e9e<\/p>\n<ul class=\"wp-block-list\">\n<li>Toulouse FC \u2013 EA Guingamp 3-0<\/li>\n<li>Stade de Reims \u2013 AJ Auxerre 1-2<\/li>\n<li>Rodez AF \u2013 Grenoble Foot 38 0-2<\/li>\n<li>Thonon Evian GG \u2013 Le Mans FC 1-0<\/li>\n<li>US Saint-Malo \u2013 OGC Nice 2-1<\/li>\n<li>Lille \u2013 FC Metz 0-0<\/li>\n<\/ul>\n<p>Le programme de la 5\u00e8me journ\u00e9e<\/p>\n<p>Samedi 18 octobre 2025<\/p>\n<ul class=\"wp-block-list\">\n<li>18h00 : EA Guingamp \u2013 US Saint-Malo<\/li>\n<\/ul>\n<p>Dimanche 19 octobre 2025<\/p>\n<ul class=\"wp-block-list\">\n<li>13h00 : Le Mans FC \u2013 Rodez AF<\/li>\n<li>13h00 : OGC Nice \u2013 Stade de Reims<\/li>\n<li>15h00 : Grenoble F38 \u2013 LOSC Lille<\/li>\n<li>15h00 : AJ Auxerre \u2013 Thonon- \u00c9vian GG FC<\/li>\n<li>15h00 : FC Metz \u2013 Toulouse FC<\/li>\n<\/ul>\n<p><a href=\"https:\/\/footamateur.ouest-france.fr\/author\/fred\/\" class=\"url\" title=\"Fr\u00e9d\u00e9ric Sougey\" rel=\"nofollow noopener\" target=\"_blank\"> <img decoding=\"async\" src=\"https:\/\/www.europesays.com\/fr\/wp-content\/uploads\/2025\/04\/gnlpcfya_400x400.jpg\" class=\"lazyload photo\" width=\"250\" alt=\"Fr\u00e9d\u00e9ric Sougey\"\/><\/a><\/p>\n<p>Journaliste chez Sports M\u00e9dia<\/p>\n<p>Elev\u00e9 au c\u0153ur des Alpes, Fred quitte (temporairement) son Grenoble ador\u00e9 pour pr\u00eater sa plume et son regard au monde amateur et plus particuli\u00e8rement au Championnat National dont il est un assidu observateur. Fan de tartiflette, de Karim Mokeddem et de Mulholland Drive. Les bonnes choses de la vie, en somme.<\/p>\n<p><a href=\"https:\/\/footamateur.ouest-france.fr\/author\/fred\/\" class=\"url\" title=\"Fr\u00e9d\u00e9ric Sougey\" rel=\"nofollow noopener\" target=\"_blank\"><img decoding=\"async\" src=\"https:\/\/www.europesays.com\/fr\/wp-content\/uploads\/2025\/04\/gnlpcfya_400x400.jpg\" class=\"lazyload photo\" width=\"250\" alt=\"Fr\u00e9d\u00e9ric Sougey\"\/><\/a>Les derniers articles par Fr\u00e9d\u00e9ric Sougey (<a href=\"https:\/\/footamateur.ouest-france.fr\/author\/fred\/\" rel=\"nofollow noopener\" target=\"_blank\">tout voir<\/a>)<\/p>\n","protected":false},"excerpt":{"rendered":"Cr\u00e9dit photo : Rapha\u00ebl Gomez Le Grenoble Foot 38 a profit\u00e9 de sa victoire lors du choc au&hellip;\n","protected":false},"author":2,"featured_media":444002,"comment_status":"","ping_status":"","sticky":false,"template":"","format":"standard","meta":{"footnotes":""},"categories":[9566],"tags":[1111,11,2430,1777,674,1011,27,2731,12,25],"class_list":{"0":"post-444001","1":"post","2":"type-post","3":"status-publish","4":"format-standard","5":"has-post-thumbnail","7":"category-grenoble","8":"tag-actu","9":"tag-actualites","10":"tag-auvergne-rhone-alpes","11":"tag-eu","12":"tag-europe","13":"tag-fr","14":"tag-france","15":"tag-grenoble","16":"tag-news","17":"tag-republique-francaise"},"share_on_mastodon":{"url":"https:\/\/pubeurope.com\/@fr\/115330084000005277","error":""},"_links":{"self":[{"href":"https:\/\/www.europesays.com\/fr\/wp-json\/wp\/v2\/posts\/444001","targetHints":{"allow":["GET"]}}],"collection":[{"href":"https:\/\/www.europesays.com\/fr\/wp-json\/wp\/v2\/posts"}],"about":[{"href":"https:\/\/www.europesays.com\/fr\/wp-json\/wp\/v2\/types\/post"}],"author":[{"embeddable":true,"href":"https:\/\/www.europesays.com\/fr\/wp-json\/wp\/v2\/users\/2"}],"replies":[{"embeddable":true,"href":"https:\/\/www.europesays.com\/fr\/wp-json\/wp\/v2\/comments?post=444001"}],"version-history":[{"count":0,"href":"https:\/\/www.europesays.com\/fr\/wp-json\/wp\/v2\/posts\/444001\/revisions"}],"wp:featuredmedia":[{"embeddable":true,"href":"https:\/\/www.europesays.com\/fr\/wp-json\/wp\/v2\/media\/444002"}],"wp:attachment":[{"href":"https:\/\/www.europesays.com\/fr\/wp-json\/wp\/v2\/media?parent=444001"}],"wp:term":[{"taxonomy":"category","embeddable":true,"href":"https:\/\/www.europesays.com\/fr\/wp-json\/wp\/v2\/categories?post=444001"},{"taxonomy":"post_tag","embeddable":true,"href":"https:\/\/www.europesays.com\/fr\/wp-json\/wp\/v2\/tags?post=444001"}],"curies":[{"name":"wp","href":"https:\/\/api.w.org\/{rel}","templated":true}]}}