{"id":444005,"date":"2025-10-07T00:39:30","date_gmt":"2025-10-07T00:39:30","guid":{"rendered":"https:\/\/www.europesays.com\/fr\/444005\/"},"modified":"2025-10-07T00:39:30","modified_gmt":"2025-10-07T00:39:30","slug":"lircad-ouvre-un-institut-en-caroline-du-nord-base-sur-le-modele-strasbourgeois","status":"publish","type":"post","link":"https:\/\/www.europesays.com\/fr\/444005\/","title":{"rendered":"l\u2019Ircad ouvre un institut en Caroline du Nord bas\u00e9 sur le mod\u00e8le strasbourgeois"},"content":{"rendered":"<p>L\u2019Institut de recherche contre les cancers de l\u2019appareil digestif (Ircad) a inaugur\u00e9 lundi 29\u00a0septembre son neuvi\u00e8me centre, \u00e0 Charlotte, en Caroline du Nord. Implant\u00e9 au c\u0153ur de The Pearl, nouveau p\u00f4le d\u2019innovation, l\u2019Ircad North America s\u2019\u00e9tend sur 11\u00a0000\u00a0m\u00b2 et reprend le mod\u00e8le du site strasbourgeois\u00a0: formation, recherche et innovation chirurgicale.<\/p>\n<p>Le centre, qui s\u2019appuie sur un r\u00e9seau de 76 h\u00f4pitaux, comprend des salles de formation, des laboratoires et des espaces collaboratifs d\u00e9di\u00e9s aux technologies m\u00e9dicales. Quarante cours sont pr\u00e9vus pour cette premi\u00e8re ann\u00e9e, notamment en chirurgie colorectale et bariatrique. \u00ab\u00a0L\u2019ouverture aux \u00c9tats-Unis illustre la pertinence du mod\u00e8le d\u00e9velopp\u00e9 en France et refl\u00e8te notre volont\u00e9 de d\u00e9mocratiser la formation chirurgicale de haut niveau\u00a0\u00bb, rappelle Jacques Marescaux, fondateur et pr\u00e9sident de l\u2019 <a href=\"https:\/\/www.lalsace.fr\/faits-divers-justice\/2024\/03\/12\/enquete-du-parquet-national-financier-des-perquisitions-a-l-ircad-et-a-l-ihu\" target=\"_blank\" rel=\"nofollow noopener\">Ircad<\/a>.<\/p>\n<p>L\u2019Ircad dispose d\u00e9sormais de centres \u00ab\u00a0miroirs\u00a0\u00bb en Inde, au Br\u00e9sil, au Liban ou encore au Rwanda. En France, quelque 8\u00a0000 chirurgiens y sont form\u00e9s chaque ann\u00e9e. Sa plateforme en ligne gratuite, WebSurg, f\u00e9d\u00e8re plus de 510\u00a0000 membres dans le monde.<\/p>\n","protected":false},"excerpt":{"rendered":"L\u2019Institut de recherche contre les cancers de l\u2019appareil digestif (Ircad) a inaugur\u00e9 lundi 29\u00a0septembre son neuvi\u00e8me centre, \u00e0&hellip;\n","protected":false},"author":2,"featured_media":444006,"comment_status":"","ping_status":"","sticky":false,"template":"","format":"standard","meta":{"footnotes":""},"categories":[2820],"tags":[1111,11,2389,2649,1777,674,107,1011,27,775,12,25,71,767,640],"class_list":{"0":"post-444005","1":"post","2":"type-post","3":"status-publish","4":"format-standard","5":"has-post-thumbnail","7":"category-strasbourg","8":"tag-actu","9":"tag-actualites","10":"tag-alsace","11":"tag-bas-rhin","12":"tag-eu","13":"tag-europe","14":"tag-fil-info","15":"tag-fr","16":"tag-france","17":"tag-grand-est","18":"tag-news","19":"tag-republique-francaise","20":"tag-sante","21":"tag-science-et-technologie","22":"tag-strasbourg"},"share_on_mastodon":{"url":"https:\/\/pubeurope.com\/@fr\/115330099836916197","error":""},"_links":{"self":[{"href":"https:\/\/www.europesays.com\/fr\/wp-json\/wp\/v2\/posts\/444005","targetHints":{"allow":["GET"]}}],"collection":[{"href":"https:\/\/www.europesays.com\/fr\/wp-json\/wp\/v2\/posts"}],"about":[{"href":"https:\/\/www.europesays.com\/fr\/wp-json\/wp\/v2\/types\/post"}],"author":[{"embeddable":true,"href":"https:\/\/www.europesays.com\/fr\/wp-json\/wp\/v2\/users\/2"}],"replies":[{"embeddable":true,"href":"https:\/\/www.europesays.com\/fr\/wp-json\/wp\/v2\/comments?post=444005"}],"version-history":[{"count":0,"href":"https:\/\/www.europesays.com\/fr\/wp-json\/wp\/v2\/posts\/444005\/revisions"}],"wp:featuredmedia":[{"embeddable":true,"href":"https:\/\/www.europesays.com\/fr\/wp-json\/wp\/v2\/media\/444006"}],"wp:attachment":[{"href":"https:\/\/www.europesays.com\/fr\/wp-json\/wp\/v2\/media?parent=444005"}],"wp:term":[{"taxonomy":"category","embeddable":true,"href":"https:\/\/www.europesays.com\/fr\/wp-json\/wp\/v2\/categories?post=444005"},{"taxonomy":"post_tag","embeddable":true,"href":"https:\/\/www.europesays.com\/fr\/wp-json\/wp\/v2\/tags?post=444005"}],"curies":[{"name":"wp","href":"https:\/\/api.w.org\/{rel}","templated":true}]}}