{"id":444007,"date":"2025-10-07T00:40:12","date_gmt":"2025-10-07T00:40:12","guid":{"rendered":"https:\/\/www.europesays.com\/fr\/444007\/"},"modified":"2025-10-07T00:40:12","modified_gmt":"2025-10-07T00:40:12","slug":"previsions-du-mardi-7-octobre-2025-9","status":"publish","type":"post","link":"https:\/\/www.europesays.com\/fr\/444007\/","title":{"rendered":"pr\u00e9visions du mardi 7 octobre 2025"},"content":{"rendered":"<p class=\"mb-4 text-lg md:leading-8 break-words\"><strong>M\u00e9t\u00e9o &#8211; La m\u00e9t\u00e9o devrait s&rsquo;am\u00e9liorer durant la journ\u00e9e. Les temp\u00e9ratures seront de 13\u00b0C la matin\u00e9e et de 16\u00b0C l&rsquo;apr\u00e8s-midi&#8230;<\/strong><\/p>\n<p class=\"mb-4 text-lg md:leading-8 break-words\">Dans la journ\u00e9e, les temp\u00e9ratures seront de 14\u00b0C \u00e0 Strasbourg. Le matin, des nuages ne voudront pas c\u00e9der leur place au soleil. Les valeurs s&rsquo;\u00e9chelonneront entre 11\u00b0C et 16\u00b0C. Une brise de sud-ouest soufflera l\u00e9g\u00e8rement. Des \u00e9claircies sont attendues : on passera un apr\u00e8s-midi cl\u00e9ment. Les temp\u00e9ratures afficheront entre 14 et 17\u00b0C. Le soir, on pr\u00e9voit des valeurs d&rsquo;environ 12\u00b0C. On pr\u00e9voit une nuit brumeuse entre mardi et mercredi.<\/p>\n<p class=\"mb-4 text-lg md:leading-8 break-words\">\u00c0 Strasbourg les temp\u00e9ratures seront comprises entre 9 et 19\u00b0C demain. Un vent de nord-est rafra\u00eechira l\u00e9g\u00e8rement l&rsquo;atmosph\u00e8re. Le ciel va quelque peu se d\u00e9gager dans la matin\u00e9e avec des \u00e9claircies. Le mercure affichera 13\u00b0C en moyenne. Cet apr\u00e8s-midi sera synonyme de grand soleil. Les temp\u00e9ratures vont enregistrer une augmentation de plusieurs degr\u00e9s. Les valeurs iront de 15 \u00e0 19\u00b0C. Demain soir, apr\u00e8s un petit \u00e9pisode nuageux, le vent va peu \u00e0 peu chasser la grisaille. Les temp\u00e9ratures seront de 13\u00b0C au plus bas et de 14\u00b0C au plus haut.<\/p>\n<p class=\"mb-4 text-lg md:leading-8 break-words\">Pour les prochains jours, le temps ne bougera pas. Il va faire un temps assez ensoleill\u00e9 avec des temp\u00e9ratures avoisinant 15\u00b0C.<\/p>\n<p class=\"mb-4 text-lg md:leading-8 break-words\"><a href=\"https:\/\/www.20minutes.fr\/planete\/previsions-meteo\/4177581-20251007-meteo-strasbourg-previsions-mardi-7-octobre-2025?at_medium=RSS%20feed&amp;at_campaign=ynews&amp;utm_source=yahoo&amp;utm_medium=rss&amp;utm_campaign=news_feed&amp;utm_content=read_more_link&quot;\" rel=\"nofollow noopener\" target=\"_blank\" data-ylk=\"slk:Lire la suite sur 20minutes;elm:context_link;itc:0;sec:content-canvas\" class=\"link \">Lire la suite sur 20minutes<\/a><\/p>\n","protected":false},"excerpt":{"rendered":"M\u00e9t\u00e9o &#8211; La m\u00e9t\u00e9o devrait s&rsquo;am\u00e9liorer durant la journ\u00e9e. Les temp\u00e9ratures seront de 13\u00b0C la matin\u00e9e et de&hellip;\n","protected":false},"author":2,"featured_media":444008,"comment_status":"","ping_status":"","sticky":false,"template":"","format":"standard","meta":{"footnotes":""},"categories":[2820],"tags":[1111,11,1777,674,1011,27,775,51394,12,25,640],"class_list":{"0":"post-444007","1":"post","2":"type-post","3":"status-publish","4":"format-standard","5":"has-post-thumbnail","7":"category-strasbourg","8":"tag-actu","9":"tag-actualites","10":"tag-eu","11":"tag-europe","12":"tag-fr","13":"tag-france","14":"tag-grand-est","15":"tag-la-matinee","16":"tag-news","17":"tag-republique-francaise","18":"tag-strasbourg"},"share_on_mastodon":{"url":"https:\/\/pubeurope.com\/@fr\/115330103568482447","error":""},"_links":{"self":[{"href":"https:\/\/www.europesays.com\/fr\/wp-json\/wp\/v2\/posts\/444007","targetHints":{"allow":["GET"]}}],"collection":[{"href":"https:\/\/www.europesays.com\/fr\/wp-json\/wp\/v2\/posts"}],"about":[{"href":"https:\/\/www.europesays.com\/fr\/wp-json\/wp\/v2\/types\/post"}],"author":[{"embeddable":true,"href":"https:\/\/www.europesays.com\/fr\/wp-json\/wp\/v2\/users\/2"}],"replies":[{"embeddable":true,"href":"https:\/\/www.europesays.com\/fr\/wp-json\/wp\/v2\/comments?post=444007"}],"version-history":[{"count":0,"href":"https:\/\/www.europesays.com\/fr\/wp-json\/wp\/v2\/posts\/444007\/revisions"}],"wp:featuredmedia":[{"embeddable":true,"href":"https:\/\/www.europesays.com\/fr\/wp-json\/wp\/v2\/media\/444008"}],"wp:attachment":[{"href":"https:\/\/www.europesays.com\/fr\/wp-json\/wp\/v2\/media?parent=444007"}],"wp:term":[{"taxonomy":"category","embeddable":true,"href":"https:\/\/www.europesays.com\/fr\/wp-json\/wp\/v2\/categories?post=444007"},{"taxonomy":"post_tag","embeddable":true,"href":"https:\/\/www.europesays.com\/fr\/wp-json\/wp\/v2\/tags?post=444007"}],"curies":[{"name":"wp","href":"https:\/\/api.w.org\/{rel}","templated":true}]}}