{"id":444011,"date":"2025-10-07T00:44:16","date_gmt":"2025-10-07T00:44:16","guid":{"rendered":"https:\/\/www.europesays.com\/fr\/444011\/"},"modified":"2025-10-07T00:44:16","modified_gmt":"2025-10-07T00:44:16","slug":"sur-lile-de-nantes-louverture-de-la-nouvelle-boulangerie-est-imminente","status":"publish","type":"post","link":"https:\/\/www.europesays.com\/fr\/444011\/","title":{"rendered":"Sur l&rsquo;\u00eele de Nantes, l&rsquo;ouverture de la nouvelle boulangerie est imminente"},"content":{"rendered":"<p>            Par<br \/>\n        <strong><br \/>\n            <a href=\"https:\/\/actu.fr\/auteur\/thomas-bernard\" title=\"Consulter tous les articles de Thomas Bernard\" rel=\"nofollow noopener\" target=\"_blank\">Thomas Bernard<\/a><br \/>\n        <\/strong><\/p>\n<p>        Publi\u00e9 le<\/p>\n<p>            6 oct. 2025 \u00e0 17h54        <\/p>\n<p>Quelques mois apr\u00e8s l\u2019ouverture du <a href=\"https:\/\/actu.fr\/pays-de-la-loire\/nantes_44109\/le-nouveau-marche-de-l-ile-de-nantes-ravit-les-habitants-du-quartier_61830816.html\" rel=\"nofollow noopener\" target=\"_blank\">March\u00e9 des Arts<\/a>, le boulevard de la Prairie au Duc, sur l\u2019\u00eele de Nantes, <strong>accueille un nouveau commerce<\/strong>. Comme annonc\u00e9 dans nos colonnes, <a href=\"https:\/\/actu.fr\/pays-de-la-loire\/nantes_44109\/sur-l-ile-de-nantes-une-nouvelle-boulangerie-va-bientot-s-installer_61863299.html\" rel=\"nofollow noopener\" target=\"_blank\">une boulangerie va s\u2019installer dans le quartier<\/a> et son ouverture est imminente.<\/p>\n<p>Ouverture ce mardi<\/p>\n<p class=\" wall-content\"><strong>Ce mardi 7\u00a0octobre 2025<\/strong>,<strong> la boulangerie Chez Fred ouvrira ses portes \u00e0 partir de 7\u2009h<\/strong>. Pour rappel, Chez Fred compte d\u00e9j\u00e0 un \u00e9tablissement \u00e0 <a href=\"https:\/\/actu.fr\/pays-de-la-loire\/bouguenais_44020\" rel=\"nofollow noopener\" target=\"_blank\">Bouguenais<\/a> o\u00f9 le commerce propose un concept de boulangerie, boucherie, charcuterie et restaurant en un m\u00eame lieu.<\/p>\n<p>    <a href=\"https:\/\/www.facebook.com\/plugins\/video.php?height=476&amp;href=https%3A%2F%2Fwww.facebook.com%2Freel%2F1126224999486966%2F&amp;show_text=true&amp;width=350&amp;t=0\" title=\"Ouvrie le lien\" rel=\"nofollow noopener\" target=\"_blank\">Cliquez ici pour visualiser le contenu<\/a><\/p>\n<p class=\" wall-content\">Cet \u00e9t\u00e9, la boulangerie lig\u00e9rienne avait particip\u00e9 \u00e0 <a href=\"https:\/\/actu.fr\/pays-de-la-loire\/bouguenais_44020\/la-meilleure-boulangerie-de-france-chez-fred-passe-a-la-television-sur-m6_62755080.html\" rel=\"nofollow noopener\" target=\"_blank\">l\u2019\u00e9mission \u00ab\u2009La meilleure boulangerie de France\u2009\u00bb<\/a>.<\/p>\n<p class=\" wall-content\">Sur l\u2019\u00eele de Nantes, la nouvelle boutique proposera boulangerie, p\u00e2tisserie, sandwicherie et snack du midi.<\/p>\n<p class=\" wall-content\">Personnalisez votre actualit\u00e9 en ajoutant vos villes et m\u00e9dias en favori avec <a href=\"https:\/\/moncompte.actu.fr\" title=\"D\u00e9couvez Mon Actu\" rel=\"nofollow noopener\" data-trk=\"{&quot;cta&quot;:{&quot;action&quot;:&quot;https:\\\/\\\/moncompte.actu.fr&quot;,&quot;category&quot;:&quot;mon compte&quot;,&quot;from&quot;:&quot;article footer&quot;,&quot;name&quot;:&quot;Mon actu&quot;,&quot;type&quot;:&quot;cta&quot;}}\" target=\"_blank\">Mon Actu<\/a>.<\/p>\n","protected":false},"excerpt":{"rendered":"Par Thomas Bernard Publi\u00e9 le 6 oct. 2025 \u00e0 17h54 Quelques mois apr\u00e8s l\u2019ouverture du March\u00e9 des Arts,&hellip;\n","protected":false},"author":2,"featured_media":444012,"comment_status":"","ping_status":"","sticky":false,"template":"","format":"standard","meta":{"footnotes":""},"categories":[2818],"tags":[1111,11,215,1777,674,1011,27,766,12,2636,25,104],"class_list":{"0":"post-444011","1":"post","2":"type-post","3":"status-publish","4":"format-standard","5":"has-post-thumbnail","7":"category-nantes","8":"tag-actu","9":"tag-actualites","10":"tag-commerce","11":"tag-eu","12":"tag-europe","13":"tag-fr","14":"tag-france","15":"tag-nantes","16":"tag-news","17":"tag-pays-de-la-loire","18":"tag-republique-francaise","19":"tag-societe"},"share_on_mastodon":{"url":"https:\/\/pubeurope.com\/@fr\/115330119514608665","error":""},"_links":{"self":[{"href":"https:\/\/www.europesays.com\/fr\/wp-json\/wp\/v2\/posts\/444011","targetHints":{"allow":["GET"]}}],"collection":[{"href":"https:\/\/www.europesays.com\/fr\/wp-json\/wp\/v2\/posts"}],"about":[{"href":"https:\/\/www.europesays.com\/fr\/wp-json\/wp\/v2\/types\/post"}],"author":[{"embeddable":true,"href":"https:\/\/www.europesays.com\/fr\/wp-json\/wp\/v2\/users\/2"}],"replies":[{"embeddable":true,"href":"https:\/\/www.europesays.com\/fr\/wp-json\/wp\/v2\/comments?post=444011"}],"version-history":[{"count":0,"href":"https:\/\/www.europesays.com\/fr\/wp-json\/wp\/v2\/posts\/444011\/revisions"}],"wp:featuredmedia":[{"embeddable":true,"href":"https:\/\/www.europesays.com\/fr\/wp-json\/wp\/v2\/media\/444012"}],"wp:attachment":[{"href":"https:\/\/www.europesays.com\/fr\/wp-json\/wp\/v2\/media?parent=444011"}],"wp:term":[{"taxonomy":"category","embeddable":true,"href":"https:\/\/www.europesays.com\/fr\/wp-json\/wp\/v2\/categories?post=444011"},{"taxonomy":"post_tag","embeddable":true,"href":"https:\/\/www.europesays.com\/fr\/wp-json\/wp\/v2\/tags?post=444011"}],"curies":[{"name":"wp","href":"https:\/\/api.w.org\/{rel}","templated":true}]}}