{"id":444019,"date":"2025-10-07T00:48:13","date_gmt":"2025-10-07T00:48:13","guid":{"rendered":"https:\/\/www.europesays.com\/fr\/444019\/"},"modified":"2025-10-07T00:48:13","modified_gmt":"2025-10-07T00:48:13","slug":"previsions-du-mardi-7-octobre-2025-10","status":"publish","type":"post","link":"https:\/\/www.europesays.com\/fr\/444019\/","title":{"rendered":"pr\u00e9visions du mardi 7 octobre 2025"},"content":{"rendered":"<p>Dans la journ\u00e9e, les temp\u00e9ratures seront de 18\u00b0C \u00e0 Toulouse. Le soleil peinera \u00e0 percer au milieu des nuages qui persisteront dans la matin\u00e9e. Les valeurs tourneront autour des 16\u00b0C. Un vent d&rsquo;est soufflera l\u00e9g\u00e8rement, avec 4 km\/h. Cet apr\u00e8s-midi sera synonyme de grand soleil. C&rsquo;est une hausse de plusieurs degr\u00e9s que vont conna\u00eetre les temp\u00e9ratures. Les maximales iront jusqu&rsquo;\u00e0 24\u00b0C et les minimales seront de 21\u00b0C. Des \u00e9claircies feront leur apparition dans la soir\u00e9e. C&rsquo;est un ciel d\u00e9pourvu de nuages que conna\u00eetra la nuit de mardi \u00e0 mercredi.<\/p>\n<p>C&rsquo;est un soleil \u00e9clatant qui va se montrer demain sur Toulouse. Les temp\u00e9ratures s&rsquo;\u00e9chelonneront entre 13 et 23\u00b0C. Le matin, un vent d&rsquo;ouest rafra\u00eechira quelque peu l&rsquo;atmosph\u00e8re. Les temp\u00e9ratures vont enregistrer une augmentation de plusieurs degr\u00e9s dans l&rsquo;apr\u00e8s-midi. Les valeurs afficheront entre 21 et 23\u00b0C. Le ciel va s&rsquo;\u00e9claircir dans la soir\u00e9e. Une l\u00e9g\u00e8re brise d&rsquo;ouest sera ressentie par les habitants.<\/p>\n<p>Pour les jours \u00e0 venir, le temps ne changera pas. Il va faire un temps plut\u00f4t ensoleill\u00e9 avec des temp\u00e9ratures avoisinant 19\u00b0C.<\/p>\n<p><\/p>\n","protected":false},"excerpt":{"rendered":"Dans la journ\u00e9e, les temp\u00e9ratures seront de 18\u00b0C \u00e0 Toulouse. Le soleil peinera \u00e0 percer au milieu des&hellip;\n","protected":false},"author":2,"featured_media":444020,"comment_status":"","ping_status":"","sticky":false,"template":"","format":"standard","meta":{"footnotes":""},"categories":[2816],"tags":[1111,11,1777,674,1011,27,12,2680,2119,25,2312],"class_list":{"0":"post-444019","1":"post","2":"type-post","3":"status-publish","4":"format-standard","5":"has-post-thumbnail","7":"category-toulouse","8":"tag-actu","9":"tag-actualites","10":"tag-eu","11":"tag-europe","12":"tag-fr","13":"tag-france","14":"tag-news","15":"tag-occitanie","16":"tag-previsions-meteo","17":"tag-republique-francaise","18":"tag-toulouse"},"share_on_mastodon":{"url":"https:\/\/pubeurope.com\/@fr\/115330135297569840","error":""},"_links":{"self":[{"href":"https:\/\/www.europesays.com\/fr\/wp-json\/wp\/v2\/posts\/444019","targetHints":{"allow":["GET"]}}],"collection":[{"href":"https:\/\/www.europesays.com\/fr\/wp-json\/wp\/v2\/posts"}],"about":[{"href":"https:\/\/www.europesays.com\/fr\/wp-json\/wp\/v2\/types\/post"}],"author":[{"embeddable":true,"href":"https:\/\/www.europesays.com\/fr\/wp-json\/wp\/v2\/users\/2"}],"replies":[{"embeddable":true,"href":"https:\/\/www.europesays.com\/fr\/wp-json\/wp\/v2\/comments?post=444019"}],"version-history":[{"count":0,"href":"https:\/\/www.europesays.com\/fr\/wp-json\/wp\/v2\/posts\/444019\/revisions"}],"wp:featuredmedia":[{"embeddable":true,"href":"https:\/\/www.europesays.com\/fr\/wp-json\/wp\/v2\/media\/444020"}],"wp:attachment":[{"href":"https:\/\/www.europesays.com\/fr\/wp-json\/wp\/v2\/media?parent=444019"}],"wp:term":[{"taxonomy":"category","embeddable":true,"href":"https:\/\/www.europesays.com\/fr\/wp-json\/wp\/v2\/categories?post=444019"},{"taxonomy":"post_tag","embeddable":true,"href":"https:\/\/www.europesays.com\/fr\/wp-json\/wp\/v2\/tags?post=444019"}],"curies":[{"name":"wp","href":"https:\/\/api.w.org\/{rel}","templated":true}]}}