{"id":444021,"date":"2025-10-07T00:49:16","date_gmt":"2025-10-07T00:49:16","guid":{"rendered":"https:\/\/www.europesays.com\/fr\/444021\/"},"modified":"2025-10-07T00:49:16","modified_gmt":"2025-10-07T00:49:16","slug":"fiesta-le-theme-de-lille3000-pour-faire-la-fete","status":"publish","type":"post","link":"https:\/\/www.europesays.com\/fr\/444021\/","title":{"rendered":"FIESTA, le th\u00e8me de Lille3000 pour faire la f\u00eate !"},"content":{"rendered":"<p>Du 26 avril au 9 novembre 2025, la ville de Lille et sa m\u00e9tropole accueille la septi\u00e8me \u00e9dition de Lille3000 avec FIESTA. Une saison culturelle qui permet \u00e0 l\u2019art et la f\u00eate d\u2019\u00eatre au c\u0153ur de la M\u00e9tropole Europ\u00e9enne de Lille (MEL).\u00a0<\/p>\n<dl id=\"attachment_56825\">\n<dt><img loading=\"lazy\" decoding=\"async\" src=\"https:\/\/www.europesays.com\/fr\/wp-content\/uploads\/2025\/10\/4096px-Monsieur_Rose_by_Philippe_Katerine-1024x683.jpg\" alt=\"Monsieur Rose de Philippe Katerine\" width=\"1024\" height=\"683\" class=\"lazyload\"\/>Monsieur Rose by Philippe Katerine presented in Old Quebec city in July 2024 le 7 juillet 2024. \u00a9Wilfredor (Wikimedia Commons) \u00a0<\/dt>\n<\/dl>\n<p>Avez-vous remarqu\u00e9 les \u201cGolden Monoliths\u201d, ces grands blocs dor\u00e9s align\u00e9s le long de la rue Faidherbe, ou m\u00eame ces bonhommes rose p\u00e9tants aussi appel\u00e9s \u201cMonsieur Rose\u201d sur la fa\u00e7ade de la Voix du Nord (Grande Place) ? Oui ? Mais vous ne saviez pas forc\u00e9ment pourquoi ils \u00e9taient l\u00e0\u2026 En effet vous avez peut-\u00eatre eu un aper\u00e7u de <a class=\"underline--magical\" href=\"https:\/\/www.lille.fr\/A-l-affiche\/Actualites\/Fiesta-dernieres-semaines\" target=\"_blank\" rel=\"noopener nofollow\">Lille3000<\/a> sans m\u00eame vous en rendre compte. Ce festival temporaire dure depuis le 26 avril 2025 et est organis\u00e9 par l\u2019association Lille3000 en partenariat avec la ville de Lille afin de permettre \u00e0 l\u2019art et la culture d\u2019\u00eatre sous la lumi\u00e8re des projecteurs dans toute la MEL. Et le th\u00e8me de cette 7\u00e8me \u00e9dition est FIESTA !<\/p>\n<p>De Lille2004 \u00e0 Lille3000<\/p>\n<p>Mais comment se fait-il qu\u2019il y ait autant d\u2019\u00e9v\u00e9nements culturels \u00e0 Lille ?<\/p>\n<p>Tout commence en 2004, lorsque Lille devient la Capitale Europ\u00e9enne de la Culture, d\u00e9sign\u00e9e par le Parlement Europ\u00e9en. Pendant pr\u00e8s d\u2019un an, la m\u00e9tropole lilloise organisait des manifestations culturelles sur plus de 193 communes des Hauts-de-France. Un record en tant que Capitale Europ\u00e9enne de la Culture, avec 2.500 \u00e9v\u00e9nements comptabilis\u00e9s cette ann\u00e9e-l\u00e0, mettant en sc\u00e8ne des expositions, des spectacles, des f\u00eates populaires, des concerts et pleins d\u2019autres encore.<\/p>\n<p>Mais lorsque cette exposition temporaire touche \u00e0 sa fin en novembre 2004, Lille3000 est cr\u00e9\u00e9 afin que l\u2019aventure continue sur cette belle lanc\u00e9e. Cette association a pour but de poursuivre le projet dynamique qu\u2019a inspir\u00e9 et initi\u00e9 Lille2004, en r\u00e9utilisant des lieux tels que le Tri Postal, Maisons Folies et m\u00eame la Gare Saint Sauveur (r\u00e9habilit\u00e9e en 2009), cr\u00e9\u00e9s ou r\u00e9nov\u00e9s pour ces saisons culturelles. De ce fait, nous avons droit maintenant, tous les trois ans environ, \u00e0 un th\u00e8me monumental et f\u00e9d\u00e9rateur qui permet d\u2019explorer les diff\u00e9rentes cultures de notre monde. De la premi\u00e8re \u00e9dition avec Bombaysers de Lille (2006) en passant par Europe XXL (2009), Fantastic (2012), Renaissance (2015), Eldorado (2019) et Utopia (2022), nous accueillons en 2025 : FIESTA ! Ces programmes culturels qui attirent des millions de visiteurs sont orchestr\u00e9s par la direction op\u00e9rationnelle de Lille3000, avec pour conseiller artistique Didier Fusillier (maintenant directeur du th\u00e9\u00e2tre le Grand Palais). Il faisait d\u00e9j\u00e0 parti du groupe Lille2004 et il \u00e9tait le directeur g\u00e9n\u00e9ral de l\u2019association, sous le nom de \u201cLille 2006-2008\u201d. Il avait pour objectif de mettre en lumi\u00e8re les diff\u00e9rentes cultures du monde \u00e0 Lille afin que toute la m\u00e9tropole puisse en profiter.<\/p>\n<p>C\u2019est en 2010, que l\u2019association prend le nom de \u201cLille3000\u201d, cela signifie qu\u2019elle a \u00e9t\u00e9 cr\u00e9\u00e9e pour une dur\u00e9e illimit\u00e9e (jusqu\u2019en 3000 techniquement) et avec pour objectif\u00a0 \u201cde pr\u00e9parer et d\u2019organiser des manifestations artistiques et culturelles de haut niveau destin\u00e9es \u00e0 un large public (\u2026) dans l\u2019esprit de \u00ab\u00a0Lille2004 capitale europ\u00e9enne de la culture\u00a0\u00bb sur le territoire de la ville de Lille, de la m\u00e9tropole lilloise, de l\u2019Eurom\u00e9tropole, de la r\u00e9gion Nord-Pas-de-Calais et de toute autre collectivit\u00e9 publique (y compris dans les pays voisins) qui souhaitera s\u2019y associer\u201d, d\u2019apr\u00e8s la Chambre r\u00e9gionale des comptes dans un rapport d\u2019observations de l\u2019association \u201cLille3000\u201d. Mais aussi pour sensibiliser un public et lui permettre d\u2019avoir acc\u00e8s \u00e0 ce type de culture de mani\u00e8re gratuite ou \u00e0 des prix abordables. L\u2019association Lille3000 est donc charg\u00e9e d\u2019organiser \u201cdes \u00e9v\u00e9nements majeurs d\u2019ampleur internationale\u201d, afin de valoriser l\u2019image de Lille et ses alentours pour maintenir son statut de m\u00e9tropole europ\u00e9enne en accueillant de nouveaux touristes et mettre en avant la culture et l\u2019art. Le collectif pr\u00e9cise qu\u2019ils \u201c[ont] souhait\u00e9 poursuivre cette aventure \u00e0 travers Lille3000 pour encore explorer les cultures et les probl\u00e9matiques de notre monde, tout en nous projetant vers la cr\u00e9ation contemporaine, l\u2019innovation et le futur.\u201d<\/p>\n<dl id=\"attachment_56827\">\n<dt><img loading=\"lazy\" decoding=\"async\" src=\"https:\/\/www.europesays.com\/fr\/wp-content\/uploads\/2025\/10\/2048px-Lille_2004_-_Bal_Blanc-1-1024x654.jpg\" alt=\"F\u00eate de cloture de Lille2004\" width=\"1024\" height=\"654\" class=\"lazyload\"\/>Lille 2004 \u2013 Bal Blanc le 29 Novembre 2005 \u00a9Presse 3000 (Wikimedia Commons)<\/dt>\n<\/dl>\n<p>La f\u00eate, un moyen universel pour se rassembler et partager<\/p>\n<p>Cette septi\u00e8me \u00e9dition, FIESTA, souhaite faire passer un message universel gr\u00e2ce au th\u00e8me de la f\u00eate, qui est c\u00e9l\u00e9br\u00e9e dans toutes les cultures, d\u2019innombrables mani\u00e8res diff\u00e9rentes. Durant cette saison culturelle, Lille3000 a mis en place pr\u00e8s de 1.000 \u00e9v\u00e9nements dans toute la ville et autour, ce qui a transform\u00e9 la m\u00e9tropole en un terrain de jeux, de culture et d\u2019art afin de red\u00e9couvrir la ville sous un autre angle. Avec un programme \u00e9tabli et tr\u00e8s vari\u00e9, se sont d\u00e9j\u00e0 produit certains \u00e9v\u00e9nements comme \u201cLa f\u00eate\u201d : une exp\u00e9rience \u00e0 l\u2019int\u00e9rieur du corps humain, \u00e0 la Gare Saint Sauveur, du 26 avril au 27 juillet. Une exposition bas\u00e9e sur les 5 sens et permet une immersion\/introspection totale dans le corps humain en tant qu\u2019humain. C\u2019est gr\u00e2ce au travail de Fabrice Bousteau qui s\u2019est interrog\u00e9 sur ce qu\u2019il se passait r\u00e9ellement dans nos corps lorsqu\u2019ils vibrent et se d\u00e9cha\u00eenent sur le dancefloor. Ou m\u00eame, le Carnaval du Faubourg de B\u00e9thune, le 14 mai ou encore le \u201cMignonisme\u201d, de Philippe Katerine : \u00ab\u00a0Le mignonisme existe depuis la nuit des temps, mais je m\u2019y suis pr\u00e9cipit\u00e9 pendant le confinement [\u2026] Voir du mignon partout m\u00eame dans les choses affreuses, c\u2019est formidable\u00a0\u00bb. Vous avez ainsi rencontr\u00e9 Monsieur Rose du 26 avril jusqu\u2019au 2 juin, avec sa forme ronde, toute rose et toute mignonne.<\/p>\n<dl id=\"attachment_56824\">\n<dt><img loading=\"lazy\" decoding=\"async\" src=\"https:\/\/www.europesays.com\/fr\/wp-content\/uploads\/2025\/10\/party-only-for-human-e1759522041746-1024x794.jpg\" alt=\"Exposition immersive &quot;La F\u00eate&quot; \u00e0 la Gare Saint Sauveur\" width=\"1024\" height=\"794\" class=\"lazyload\"\/>Entr\u00e9e de l\u2019exposition \u00ab\u00a0La F\u00eate\u00a0\u00bb Gare Saint Sauveur le 30 mai 2025 \u00a9 Ida Delporte \/ P\u00e9p\u00e8re News<\/dt>\n<\/dl>\n<p>Mais ce n\u2019est pas fini ! Des \u00e9v\u00e9nements et expositions sont encore en activit\u00e9 jusqu\u2019au 9 novembre, alors d\u00e9p\u00eachez vous si vous voulez avoir l\u2019occasion de profiter de FIESTA encore une fois ! Voici une (petite) liste de ce qui se passera encore sur Lille : \u201cThe distorted party\u201d, au Mus\u00e9e de l\u2019Hospice Comtesse, jusqu\u2019au 9 novembre. Une c\u00e9l\u00e9bration artistique par Siegrid Demyttenaere qui a travaill\u00e9 avec les artistes sur le sens de la f\u00eate : \u00ab\u00a0comment la c\u00e9l\u00e9brer alors que le monde vacille ? L\u2019exposition explore les instants o\u00f9 la c\u00e9l\u00e9bration devient un espace de questionnement. Une exp\u00e9rience o\u00f9 l\u2019art nous invite \u00e0 voir au-del\u00e0 des apparences\u00ab\u00a0. Mais aussi Le Tripostal qui accueille \u201cPom Pom Pidou\u201d, jusqu\u2019au 9 novembre \u00e9galement. Une exposition en partenariat avec le Centre Pompidou de Paris o\u00f9 seront \u00e0 d\u00e9couvrir plus de 200 \u0153uvres, sur 5.000 m\u00e8tres carr\u00e9s\u2026 Le Carnaval des Bois-Blancs, le 11 octobre ou m\u00eame l\u2019exposition \u201c\u00c9clats en \u00e9chos\u201d, par Felice Varini, au Palais des Beaux-Arts du 26 avril au 9 novembre,\u2026 \u00c9v\u00e9nements, parades, concerts, carnavals, expositions, th\u00e9\u00e2tre, rencontres litt\u00e9raires, cin\u00e9ma et plein d\u2019autres, tous aussi diff\u00e9rents les uns que les autres mais \u0153uvrent ensemble afin d\u2019offrir une exp\u00e9rience festive o\u00f9 l\u2019on se rassemble pour s\u2019\u00e9vader de notre quotidien qui peut \u00eatre quelques fois morose. Alors allez faire la f\u00eate !<\/p>\n<p>\t\tS&rsquo;abonner \u00e0 notre newsletter\t<\/p>\n<p>\n\t\tTenez-vous inform\u00e9s des derni\u00e8res actualit\u00e9s du P\u00e9p\u00e8re News et recevez chaque mois votre newsletter.\t<\/p>\n","protected":false},"excerpt":{"rendered":"Du 26 avril au 9 novembre 2025, la ville de Lille et sa m\u00e9tropole accueille la septi\u00e8me \u00e9dition&hellip;\n","protected":false},"author":2,"featured_media":444022,"comment_status":"","ping_status":"","sticky":false,"template":"","format":"standard","meta":{"footnotes":""},"categories":[2815],"tags":[1111,11,1777,674,1011,27,811,1307,12,25],"class_list":{"0":"post-444021","1":"post","2":"type-post","3":"status-publish","4":"format-standard","5":"has-post-thumbnail","7":"category-lille","8":"tag-actu","9":"tag-actualites","10":"tag-eu","11":"tag-europe","12":"tag-fr","13":"tag-france","14":"tag-hauts-de-france","15":"tag-lille","16":"tag-news","17":"tag-republique-francaise"},"share_on_mastodon":{"url":"https:\/\/pubeurope.com\/@fr\/115330139604682928","error":""},"_links":{"self":[{"href":"https:\/\/www.europesays.com\/fr\/wp-json\/wp\/v2\/posts\/444021","targetHints":{"allow":["GET"]}}],"collection":[{"href":"https:\/\/www.europesays.com\/fr\/wp-json\/wp\/v2\/posts"}],"about":[{"href":"https:\/\/www.europesays.com\/fr\/wp-json\/wp\/v2\/types\/post"}],"author":[{"embeddable":true,"href":"https:\/\/www.europesays.com\/fr\/wp-json\/wp\/v2\/users\/2"}],"replies":[{"embeddable":true,"href":"https:\/\/www.europesays.com\/fr\/wp-json\/wp\/v2\/comments?post=444021"}],"version-history":[{"count":0,"href":"https:\/\/www.europesays.com\/fr\/wp-json\/wp\/v2\/posts\/444021\/revisions"}],"wp:featuredmedia":[{"embeddable":true,"href":"https:\/\/www.europesays.com\/fr\/wp-json\/wp\/v2\/media\/444022"}],"wp:attachment":[{"href":"https:\/\/www.europesays.com\/fr\/wp-json\/wp\/v2\/media?parent=444021"}],"wp:term":[{"taxonomy":"category","embeddable":true,"href":"https:\/\/www.europesays.com\/fr\/wp-json\/wp\/v2\/categories?post=444021"},{"taxonomy":"post_tag","embeddable":true,"href":"https:\/\/www.europesays.com\/fr\/wp-json\/wp\/v2\/tags?post=444021"}],"curies":[{"name":"wp","href":"https:\/\/api.w.org\/{rel}","templated":true}]}}