{"id":444023,"date":"2025-10-07T00:51:14","date_gmt":"2025-10-07T00:51:14","guid":{"rendered":"https:\/\/www.europesays.com\/fr\/444023\/"},"modified":"2025-10-07T00:51:14","modified_gmt":"2025-10-07T00:51:14","slug":"remanie-paris-freine-a-lille-mais-toujours-en-tete-2","status":"publish","type":"post","link":"https:\/\/www.europesays.com\/fr\/444023\/","title":{"rendered":"remani\u00e9, Paris frein\u00e9 \u00e0 Lille mais toujours en t\u00eate"},"content":{"rendered":"<p class=\"mb-4 text-lg md:leading-8 break-words\">Avec une \u00e9quipe titulaire largement remani\u00e9e, le Paris Saint-Germain a \u00e9t\u00e9 tenu en \u00e9chec \u00e0 Lille (1-1) dimanche lors de la septi\u00e8me journ\u00e9e de Ligue 1, mais conserve la t\u00eate avant la tr\u00eave internationale.<\/p>\n<p class=\"mb-4 text-lg md:leading-8 break-words\">Paris a \u00e9t\u00e9 rejoint en fin de match apr\u00e8s un but d&rsquo;Ethan Mbapp\u00e9 (85e), qui a r\u00e9pondu \u00e0 un coup franc somptueux de Nuno Mendes (66e), et n&rsquo;a qu&rsquo;un point d&rsquo;avance (16 contre 15) devant ses poursuivants Marseille, Strasbourg et Lyon.<\/p>\n<p class=\"mb-4 text-lg md:leading-8 break-words\">\u00c0 l&rsquo;inverse, Lille accuse du retard sur les places europ\u00e9ennes (7e, 11 pts), une semaine apr\u00e8s son deuxi\u00e8me revers de rang en championnat, contre Lyon.<\/p>\n<p class=\"mb-4 text-lg md:leading-8 break-words\">Au regard du onze titulaire du club de la capitale, il semblait bon de l&rsquo;affronter ce soir d&rsquo;automne, sous le toit ferm\u00e9 de l&rsquo;enceinte de Villeneuve-d&rsquo;Ascq: de l&rsquo;\u00e9quipe de d\u00e9part en finale de la derni\u00e8re Ligue des champions, il ne restait que Willian Pacho.<\/p>\n<p class=\"mb-4 text-lg md:leading-8 break-words\">Il \u00e9tait entour\u00e9 de Lucas Beraldo, Warren Za\u00efre-Emery au poste d&rsquo;arri\u00e8re droit &#8211; en phase d\u00e9fensive &#8211; et, plus haut, trois des \u00ab\u00a0titis\u00a0\u00bb vainqueurs \u00e0 Barcelone (2-1) mercredi en Ligue des champions: Senny Mayulu, Quentin Ndjantou et Ibrahim Mbaye.<\/p>\n<p class=\"mb-4 text-lg md:leading-8 break-words\">&#8211; Paris a \u00ab\u00a0prioris\u00e9 la sant\u00e9 des joueurs\u00a0\u00bb &#8211;<\/p>\n<p class=\"mb-4 text-lg md:leading-8 break-words\">L&rsquo;entra\u00eeneur parisien Luis Enrique a admis apr\u00e8s la rencontre avoir souhait\u00e9 \u00ab\u00a0prioris\u00e9 la sant\u00e9 des joueurs\u00a0\u00bb, \u00e9voquant la fatigue apr\u00e8s la foul\u00e9e du sommet remport\u00e9 contre le Bar\u00e7a.<\/p>\n<p class=\"mb-4 text-lg md:leading-8 break-words\">Mais le niveau affich\u00e9 par ce Paris-l\u00e0, du moins durant la premi\u00e8re p\u00e9riode, \u00e9tait bien loin de celui qui lui a permis de signer un superbe succ\u00e8s en Catalogne.<\/p>\n<p class=\"mb-4 text-lg md:leading-8 break-words\">\u00c0 part un rat\u00e9 de Bradley Barcola, parti seul d\u00e9fier Berke \u00d6zer (43e), les joueurs de Luis Enrique n&rsquo;ont pas propos\u00e9 grand-chose, malgr\u00e9 une possession, sans surprises, favorable (66%), durant le premier acte.<\/p>\n<p class=\"mb-4 text-lg md:leading-8 break-words\">Le Losc a m\u00eame donn\u00e9 l&rsquo;impression de pouvoir faire douter le champion d&rsquo;Europe, par son ailier supersonique Matias Fernandez-Pardo, qui a n\u00e9anmoins manqu\u00e9 de lucidit\u00e9 ou de justesse.<\/p>\n<p class=\"mb-4 text-lg md:leading-8 break-words\">La rencontre s&rsquo;est emball\u00e9e d\u00e8s le retour des vestiaires, comme souvent entre deux clubs soumis \u00e0 la cadence infernale de l&rsquo;encha\u00eenement championnat-coupe d&rsquo;Europe.<\/p>\n<p class=\"mb-4 text-lg md:leading-8 break-words\">Olivier Giroud a alors manqu\u00e9 de peu un retourn\u00e9 acrobatique (47e), avant que Lee Kang-in (48e) puis Bradley Barcola (56e) n&rsquo;obligent Berke \u00d6zer \u00e0 s&rsquo;interposer.<\/p>\n<p class=\"mb-4 text-lg md:leading-8 break-words\">Mais un autre match a commenc\u00e9 \u00e0 la 58e minute de jeu, quand Luis Enrique a abattu trois de ses meilleurs atouts: Vitinha, Achraf Hakimi et Nuno Mendes.<\/p>\n<p class=\"mb-4 text-lg md:leading-8 break-words\">&#8211; Ethan Mbapp\u00e9, sauveur inattendu &#8211;<\/p>\n<p class=\"mb-4 text-lg md:leading-8 break-words\">Huit minutes plus tard, le lat\u00e9ral gauche portugais a jet\u00e9 le froid dans les trav\u00e9es de Pierre-Mauroy en trouvant la lucarne gauche des cages lilloises d&rsquo;un coup franc \u00e0 25 m\u00e8tres.<\/p>\n<p class=\"mb-4 text-lg md:leading-8 break-words\">Grand artisan de la victoire face au Bar\u00e7a, Mendes\u00a0a rev\u00eatu sa cape de h\u00e9ros parisien, une fois de plus.<\/p>\n<p class=\"mb-4 text-lg md:leading-8 break-words\">Mais un autre joueur lui a subtilis\u00e9: Ethan Mbapp\u00e9, lui aussi sorti du banc (81e), qui est rapidement parvenu \u00e0 \u00e9galiser d&rsquo;une frappe du pied gauche entre les jambes de Lucas Beraldo (85e), contre son club formateur.<\/p>\n<p class=\"mb-4 text-lg md:leading-8 break-words\">Le tout sous les yeux de son fr\u00e8re Kylian, qui a laiss\u00e9 \u00e9clat\u00e9 sa joie dans les tribunes apr\u00e8s ce but, c\u00e9l\u00e9br\u00e9 \u00e0 la mani\u00e8re du capitaine de l&rsquo;\u00e9quipe de France et ancienne gloire parisienne.<\/p>\n<p class=\"mb-4 text-lg md:leading-8 break-words\">\u00ab\u00a0Ethan a de la personnalit\u00e9, de la confiance, (&#8230;) de la vitesse, de la technique et de la finition parce qu&rsquo;\u00e0 chaque fois qu&rsquo;il joue, il se cr\u00e9e une occasion ou il la concr\u00e9tise\u00a0\u00bb, l&rsquo;a compliment\u00e9 son entra\u00eeneur Bruno Genesio apr\u00e8s la rencontre.<\/p>\n<p class=\"mb-4 text-lg md:leading-8 break-words\">Le match paraissait alors pouvoir basculer des deux c\u00f4t\u00e9s, mais s&rsquo;est finalement conclu par un match nul logique au vu du contenu. Sans toutes ses vedettes laiss\u00e9es un peu au repos ou absentes compl\u00e8tement comme Ousmane Demb\u00e9l\u00e9, D\u00e9sir\u00e9 Dou\u00e9, Khvicha Kvaratskhelia, Joao Neves, Fabian Ruiz et Marquinhos, Paris n&rsquo;a pas tant de marge que cela.<\/p>\n<p class=\"mb-4 text-lg md:leading-8 break-words\">rbo\/cyj<\/p>\n","protected":false},"excerpt":{"rendered":"Avec une \u00e9quipe titulaire largement remani\u00e9e, le Paris Saint-Germain a \u00e9t\u00e9 tenu en \u00e9chec \u00e0 Lille (1-1) dimanche&hellip;\n","protected":false},"author":2,"featured_media":444024,"comment_status":"","ping_status":"","sticky":false,"template":"","format":"standard","meta":{"footnotes":""},"categories":[2815],"tags":[14568,1111,11,22781,9707,57026,1777,674,14700,1011,27,811,1610,87,13297,66,447,1307,790,2428,791,5358,12,5210,5959,2782,626,25,1615,640,13296,13197],"class_list":{"0":"post-444023","1":"post","2":"type-post","3":"status-publish","4":"format-standard","5":"has-post-thumbnail","7":"category-lille","8":"tag-achraf-hakimi","9":"tag-actu","10":"tag-actualites","11":"tag-banc","12":"tag-bradley-barcola","13":"tag-ethan","14":"tag-eu","15":"tag-europe","16":"tag-fabian-ruiz","17":"tag-fr","18":"tag-france","19":"tag-hauts-de-france","20":"tag-ibrahim-mbaye","21":"tag-joao-neves","22":"tag-khvicha-kvaratskhelia","23":"tag-ligue-1","24":"tag-ligue-des-champions","25":"tag-lille","26":"tag-lucas-beraldo","27":"tag-lyon","28":"tag-marquinhos","29":"tag-mbappe","30":"tag-news","31":"tag-nuno-mendes","32":"tag-olivier-giroud","33":"tag-ousmane-dembele","34":"tag-paris","35":"tag-republique-francaise","36":"tag-senny-mayulu","37":"tag-strasbourg","38":"tag-vitinha","39":"tag-willian-pacho"},"share_on_mastodon":{"url":"https:\/\/pubeurope.com\/@fr\/115330146969853808","error":""},"_links":{"self":[{"href":"https:\/\/www.europesays.com\/fr\/wp-json\/wp\/v2\/posts\/444023","targetHints":{"allow":["GET"]}}],"collection":[{"href":"https:\/\/www.europesays.com\/fr\/wp-json\/wp\/v2\/posts"}],"about":[{"href":"https:\/\/www.europesays.com\/fr\/wp-json\/wp\/v2\/types\/post"}],"author":[{"embeddable":true,"href":"https:\/\/www.europesays.com\/fr\/wp-json\/wp\/v2\/users\/2"}],"replies":[{"embeddable":true,"href":"https:\/\/www.europesays.com\/fr\/wp-json\/wp\/v2\/comments?post=444023"}],"version-history":[{"count":0,"href":"https:\/\/www.europesays.com\/fr\/wp-json\/wp\/v2\/posts\/444023\/revisions"}],"wp:featuredmedia":[{"embeddable":true,"href":"https:\/\/www.europesays.com\/fr\/wp-json\/wp\/v2\/media\/444024"}],"wp:attachment":[{"href":"https:\/\/www.europesays.com\/fr\/wp-json\/wp\/v2\/media?parent=444023"}],"wp:term":[{"taxonomy":"category","embeddable":true,"href":"https:\/\/www.europesays.com\/fr\/wp-json\/wp\/v2\/categories?post=444023"},{"taxonomy":"post_tag","embeddable":true,"href":"https:\/\/www.europesays.com\/fr\/wp-json\/wp\/v2\/tags?post=444023"}],"curies":[{"name":"wp","href":"https:\/\/api.w.org\/{rel}","templated":true}]}}