{"id":444025,"date":"2025-10-07T00:52:12","date_gmt":"2025-10-07T00:52:12","guid":{"rendered":"https:\/\/www.europesays.com\/fr\/444025\/"},"modified":"2025-10-07T00:52:12","modified_gmt":"2025-10-07T00:52:12","slug":"marseille-un-riverain-essaie-de-faire-capoter-la-construction-de-nouveaux-logements-dans-ce-quartier","status":"publish","type":"post","link":"https:\/\/www.europesays.com\/fr\/444025\/","title":{"rendered":"Marseille. Un riverain essaie de faire capoter la construction de nouveaux logements dans ce quartier"},"content":{"rendered":"<p>            Par<br \/>\n        <strong><br \/>\n            <a href=\"https:\/\/actu.fr\/auteur\/redaction-marseille\" title=\"Consulter tous les articles de R\u00e9daction Marseille\" target=\"_blank\" rel=\"noopener\">R\u00e9daction Marseille<\/a><br \/>\n        <\/strong><\/p>\n<p>        Publi\u00e9 le<\/p>\n<p>            6 oct. 2025 \u00e0 17h41        <\/p>\n<p>Le tribunal administratif de <a href=\"https:\/\/actu.fr\/marseille\/\" target=\"_blank\" rel=\"noopener\">Marseille<\/a> a rejet\u00e9 le recours d\u2019un riverain qui entendait s\u2019opposer \u00e0 la construction de <strong>trente-quatre nouveaux logements<\/strong> dans le 15e arrondissement de Marseille (<a href=\"https:\/\/actu.fr\/provence-alpes-cote-d-azur\/bouches-du-rhone_13\" target=\"_blank\" rel=\"noopener\">Bouches-du-Rh\u00f4ne<\/a>). En juin\u00a02023, le maire (ex-PS) <a href=\"https:\/\/actu.fr\/tag\/benoit-payan\" target=\"_blank\" rel=\"noopener\">Beno\u00eet Payan<\/a> avait en effet autoris\u00e9 le\u00a0promoteur immobilier European Homes\u00a0\u00e0 construire \u00ab\u2009un ensemble immobilier\u2009\u00bb au\u00a06 traverse de la Ch\u00e8vre. Au total, <strong>trois immeubles<\/strong> devaient \u00eatre construits\u2026 au grand dam d\u2019un riverain, qui avait donc saisi la justice administrative le 11\u00a0octobre 2023\u2009: il estimait en particulier que les r\u00e8gles du Plan local d\u2019urbanisme intercommunal (PLUi) avaient \u00e9t\u00e9 \u00ab\u2009m\u00e9connues\u2009\u00bb par le promoteur.<\/p>\n<p>Trop proche d\u2019une voie ferr\u00e9e\u2009?<\/p>\n<p class=\" wall-content\">Le requ\u00e9rant reprochait par exemple au projet d\u2019\u00eatre trop pr\u00e8s d\u2019une \u00ab\u2009voie\u2009\u00bb existante, alors que <strong>le PLUi impose une distance \u00ab\u2009sup\u00e9rieure ou \u00e9gale \u00e0 six m\u00e8tres\u2009\u00bb<\/strong> entre toute construction et les \u00ab\u2009emprises publiques et les voies existantes ou futures\u2009\u00bb.<\/p>\n<p>    <a href=\"https:\/\/www.google.com\/maps\/embed?pb=!1m18!1m12!1m3!1d2901.5382364276034!2d5.366860711284441!3d43.34485087219961!2m3!1f0!2f0!3f0!3m2!1i1024!2i768!4f13.1!3m3!1m2!1s0x12c9c03c3d8dbd9f%3A0x21128739f3057a96!2s6%20Trav.%20de%20la%20Ch%C3%A8vre%2C%2013015%20Marseille!5e0!3m2!1sfr!2sfr!4v1759764273468!5m2!1sfr!2sfr\" title=\"Ouvrie le lien\" target=\"_blank\" rel=\"noopener\">Cliquez ici pour visualiser le contenu<\/a><\/p>\n<p class=\" wall-content\">Mais \u00ab\u2009le projet [\u2026] comporte un b\u00e2timent [\u2026] limitrophe d\u2019une voie ferr\u00e9e, laquelle ne constitue <strong>ni une emprise publique ni une voie<\/strong>\u2009\u00bb, r\u00e9pond le tribunal administratif de Marseille dans un jugement en date du 4\u00a0ao\u00fbt 2025 qui vient d\u2019\u00eatre rendu public. \u00ab\u2009Les dispositions du PLUi qui imposent une distance de six m\u00e8tres [\u2026] sont inop\u00e9rantes.\u2009\u00bb<\/p>\n<p>Les r\u00e8gles du PLUi respect\u00e9es<\/p>\n<p class=\" wall-content\">Par ailleurs, \u00ab\u200917\u00a0m\u00e8tres\u2009\u00bb s\u00e9parent deux des trois b\u00e2timents, ce qui \u00ab\u2009est <strong>conforme<\/strong> aux conditions pos\u00e9es\u2009\u00bb par le PLUi.<\/p>\n<p class=\" wall-content\">\u00ab\u2009La circonstance que ces deux b\u00e2timents ne soient pas implant\u00e9s \u00e0 une distance d\u2019<strong>au moins 6\u00a0m\u00e8tres du local v\u00e9lo<\/strong> est sans incidence\u2009\u00bb, pr\u00e9cisent les juges, puisqu\u2019un local v\u00e9lo est une \u00ab\u2009annexe\u2009\u00bb et non une \u00ab\u2009construction\u2009\u00bb \u00e0 proprement parler.<\/p>\n<p class=\" wall-content\">Enfin, les magistrats rel\u00e8vent qu\u2019un \u00ab\u2009arbre de haute tige doit \u00eatre plant\u00e9\u2009\u00bb \u00e0 proximit\u00e9 des trois places de parking\u2009: le PLUi impose en effet de planter \u00ab\u2009au moins un arbre pour quatre places de stationnement voiture\u2009\u00bb.<\/p>\n<p>Votre r\u00e9gion, votre actu !<\/p>\n<p>Recevez chaque jour les infos qui comptent pour vous.<\/p>\n<p>\t<a href=\"https:\/\/actu.fr\/newsletter\" class=\"ac-btn ac-btn--corner ac-btn--medium ac-btn--blue800\" target=\"_blank\" rel=\"noopener\">S&rsquo;incrire<\/a><br \/>\nLe plaignant condamn\u00e9 \u00e0 indemniser le promoteur<\/p>\n<p class=\" wall-content\">Des \u00ab\u2009documents graphiques\u2009\u00bb permettent enfin \u00ab\u2009d\u2019appr\u00e9cier le projet dans son environnement proche et lointain\u2009\u00bb.<\/p>\n<p class=\" wall-content\">\u00ab\u2009Le projet [\u2026], qui b\u00e9n\u00e9ficie d\u2019un <strong>avis favorable du Sdis,<\/strong> est desservi par la traverse de la Ch\u00e8vre, voie rectiligne \u00e0 double sens d\u2019une largeur [\u2026] d\u2019environ 6\u00a0m\u00e8tres et dont la vitesse est limit\u00e9e \u00e0 30\u00a0km\/h\u2009\u00bb, ajoute le tribunal pour \u00e9vacuer tout risque d\u2019atteinte \u00e0 la \u00ab\u2009s\u00e9curit\u00e9 publique\u2009\u00bb.<\/p>\n<p class=\" wall-content\">Le requ\u00e9rant a donc \u00e9t\u00e9 d\u00e9bout\u00e9 et devra m\u00eame verser <strong>1.500 euros de frais de justice<\/strong> au promoteur.<\/p>\n<p class=\" wall-content\"><strong>MJ et GF \/ PressPepper<\/strong><\/p>\n<p class=\" wall-content\">Personnalisez votre actualit\u00e9 en ajoutant vos villes et m\u00e9dias en favori avec <a href=\"https:\/\/moncompte.actu.fr\" title=\"D\u00e9couvez Mon Actu\" rel=\"nofollow noopener\" data-trk=\"{&quot;cta&quot;:{&quot;action&quot;:&quot;https:\\\/\\\/moncompte.actu.fr&quot;,&quot;category&quot;:&quot;mon compte&quot;,&quot;from&quot;:&quot;article footer&quot;,&quot;name&quot;:&quot;Mon actu&quot;,&quot;type&quot;:&quot;cta&quot;}}\" target=\"_blank\">Mon Actu<\/a>.<\/p>\n","protected":false},"excerpt":{"rendered":"Par R\u00e9daction Marseille Publi\u00e9 le 6 oct. 2025 \u00e0 17h41 Le tribunal administratif de Marseille a rejet\u00e9 le&hellip;\n","protected":false},"author":2,"featured_media":444026,"comment_status":"","ping_status":"","sticky":false,"template":"","format":"standard","meta":{"footnotes":""},"categories":[2814],"tags":[1111,11,1777,674,1011,27,303,1908,884,12,882,25,104,1352],"class_list":{"0":"post-444025","1":"post","2":"type-post","3":"status-publish","4":"format-standard","5":"has-post-thumbnail","7":"category-marseille","8":"tag-actu","9":"tag-actualites","10":"tag-eu","11":"tag-europe","12":"tag-fr","13":"tag-france","14":"tag-justice","15":"tag-logement","16":"tag-marseille","17":"tag-news","18":"tag-provence-alpes-cote-dazur","19":"tag-republique-francaise","20":"tag-societe","21":"tag-urbanisme"},"share_on_mastodon":{"url":"https:\/\/pubeurope.com\/@fr\/115330150897073962","error":""},"_links":{"self":[{"href":"https:\/\/www.europesays.com\/fr\/wp-json\/wp\/v2\/posts\/444025","targetHints":{"allow":["GET"]}}],"collection":[{"href":"https:\/\/www.europesays.com\/fr\/wp-json\/wp\/v2\/posts"}],"about":[{"href":"https:\/\/www.europesays.com\/fr\/wp-json\/wp\/v2\/types\/post"}],"author":[{"embeddable":true,"href":"https:\/\/www.europesays.com\/fr\/wp-json\/wp\/v2\/users\/2"}],"replies":[{"embeddable":true,"href":"https:\/\/www.europesays.com\/fr\/wp-json\/wp\/v2\/comments?post=444025"}],"version-history":[{"count":0,"href":"https:\/\/www.europesays.com\/fr\/wp-json\/wp\/v2\/posts\/444025\/revisions"}],"wp:featuredmedia":[{"embeddable":true,"href":"https:\/\/www.europesays.com\/fr\/wp-json\/wp\/v2\/media\/444026"}],"wp:attachment":[{"href":"https:\/\/www.europesays.com\/fr\/wp-json\/wp\/v2\/media?parent=444025"}],"wp:term":[{"taxonomy":"category","embeddable":true,"href":"https:\/\/www.europesays.com\/fr\/wp-json\/wp\/v2\/categories?post=444025"},{"taxonomy":"post_tag","embeddable":true,"href":"https:\/\/www.europesays.com\/fr\/wp-json\/wp\/v2\/tags?post=444025"}],"curies":[{"name":"wp","href":"https:\/\/api.w.org\/{rel}","templated":true}]}}