{"id":444027,"date":"2025-10-07T00:53:16","date_gmt":"2025-10-07T00:53:16","guid":{"rendered":"https:\/\/www.europesays.com\/fr\/444027\/"},"modified":"2025-10-07T00:53:16","modified_gmt":"2025-10-07T00:53:16","slug":"previsions-du-mardi-7-octobre-2025-11","status":"publish","type":"post","link":"https:\/\/www.europesays.com\/fr\/444027\/","title":{"rendered":"pr\u00e9visions du mardi 7 octobre 2025"},"content":{"rendered":"<p class=\"mb-4 text-lg md:leading-8 break-words\"><strong>M\u00e9t\u00e9o &#8211; Le ciel sera assez lumineux, avec quelques \u00e9claircies aujourd&rsquo;hui. Les temp\u00e9ratures seront de 18\u00b0C le matin et de 20\u00b0C l&rsquo;apr\u00e8s-midi&#8230;<\/strong><\/p>\n<p class=\"mb-4 text-lg md:leading-8 break-words\">\u00c0 Marseille les temp\u00e9ratures s&rsquo;\u00e9chelonneront entre 16 et 20\u00b0C aujourd&rsquo;hui. Des \u00e9claircies sont attendues : on passera une matin\u00e9e cl\u00e9mente. Les valeurs s&rsquo;\u00e9chelonneront de 16 \u00e0 19\u00b0C. Une petite brise de nord-est soufflera. L&rsquo;apr\u00e8s-midi, les Marseillais vont pouvoir b\u00e9n\u00e9ficier d&rsquo;un soleil magnifique. Les temp\u00e9ratures seront comprises entre 19 et 20\u00b0C. Apr\u00e8s un bref passage nuageux, on pr\u00e9voit une embellie pour cette soir\u00e9e. On pr\u00e9voit une nuit avec un ciel plut\u00f4t limpide.<\/p>\n<p class=\"mb-4 text-lg md:leading-8 break-words\">Demain, un beau soleil brillera sur Marseille. Les valeurs afficheront entre 16 et 20\u00b0C. Un modeste vent de sud-ouest sera ressenti par les habitants. Les temp\u00e9ratures s&rsquo;\u00e9chelonneront entre 16\u00b0C et 19\u00b0C dans la matin\u00e9e. Les valeurs seront de 19\u00b0C au plus bas et de 20\u00b0C au plus haut l&rsquo;apr\u00e8s-midi. Le ciel va quelque peu se d\u00e9gager dans la soir\u00e9e avec des \u00e9claircies.<\/p>\n<p class=\"mb-4 text-lg md:leading-8 break-words\">Peu de changements pour la suite. Un ciel ensoleill\u00e9, pour des temp\u00e9ratures de 20\u00b0C en moyenne, est \u00e0 pr\u00e9voir.<\/p>\n<p class=\"mb-4 text-lg md:leading-8 break-words\"><a href=\"https:\/\/www.20minutes.fr\/planete\/previsions-meteo\/4177577-20251007-meteo-marseille-previsions-mardi-7-octobre-2025?at_medium=RSS%20feed&amp;at_campaign=ynews&amp;utm_source=yahoo&amp;utm_medium=rss&amp;utm_campaign=news_feed&amp;utm_content=read_more_link&quot;\" rel=\"nofollow noopener\" target=\"_blank\" data-ylk=\"slk:Lire la suite sur 20minutes;elm:context_link;itc:0;sec:content-canvas\" class=\"link \">Lire la suite sur 20minutes<\/a><\/p>\n","protected":false},"excerpt":{"rendered":"M\u00e9t\u00e9o &#8211; Le ciel sera assez lumineux, avec quelques \u00e9claircies aujourd&rsquo;hui. Les temp\u00e9ratures seront de 18\u00b0C le matin&hellip;\n","protected":false},"author":2,"featured_media":444028,"comment_status":"","ping_status":"","sticky":false,"template":"","format":"standard","meta":{"footnotes":""},"categories":[2814],"tags":[1111,11,55607,1777,674,1011,27,51394,29508,12434,884,2487,12,882,25],"class_list":{"0":"post-444027","1":"post","2":"type-post","3":"status-publish","4":"format-standard","5":"has-post-thumbnail","7":"category-marseille","8":"tag-actu","9":"tag-actualites","10":"tag-aujourdhui-2","11":"tag-eu","12":"tag-europe","13":"tag-fr","14":"tag-france","15":"tag-la-matinee","16":"tag-le-ciel","17":"tag-les-marseillais","18":"tag-marseille","19":"tag-meteo","20":"tag-news","21":"tag-provence-alpes-cote-dazur","22":"tag-republique-francaise"},"share_on_mastodon":{"url":"https:\/\/pubeurope.com\/@fr\/115330154856855807","error":""},"_links":{"self":[{"href":"https:\/\/www.europesays.com\/fr\/wp-json\/wp\/v2\/posts\/444027","targetHints":{"allow":["GET"]}}],"collection":[{"href":"https:\/\/www.europesays.com\/fr\/wp-json\/wp\/v2\/posts"}],"about":[{"href":"https:\/\/www.europesays.com\/fr\/wp-json\/wp\/v2\/types\/post"}],"author":[{"embeddable":true,"href":"https:\/\/www.europesays.com\/fr\/wp-json\/wp\/v2\/users\/2"}],"replies":[{"embeddable":true,"href":"https:\/\/www.europesays.com\/fr\/wp-json\/wp\/v2\/comments?post=444027"}],"version-history":[{"count":0,"href":"https:\/\/www.europesays.com\/fr\/wp-json\/wp\/v2\/posts\/444027\/revisions"}],"wp:featuredmedia":[{"embeddable":true,"href":"https:\/\/www.europesays.com\/fr\/wp-json\/wp\/v2\/media\/444028"}],"wp:attachment":[{"href":"https:\/\/www.europesays.com\/fr\/wp-json\/wp\/v2\/media?parent=444027"}],"wp:term":[{"taxonomy":"category","embeddable":true,"href":"https:\/\/www.europesays.com\/fr\/wp-json\/wp\/v2\/categories?post=444027"},{"taxonomy":"post_tag","embeddable":true,"href":"https:\/\/www.europesays.com\/fr\/wp-json\/wp\/v2\/tags?post=444027"}],"curies":[{"name":"wp","href":"https:\/\/api.w.org\/{rel}","templated":true}]}}