{"id":444031,"date":"2025-10-07T00:55:19","date_gmt":"2025-10-07T00:55:19","guid":{"rendered":"https:\/\/www.europesays.com\/fr\/444031\/"},"modified":"2025-10-07T00:55:19","modified_gmt":"2025-10-07T00:55:19","slug":"previsions-du-mardi-7-octobre-2025-12","status":"publish","type":"post","link":"https:\/\/www.europesays.com\/fr\/444031\/","title":{"rendered":"pr\u00e9visions du mardi 7 octobre 2025"},"content":{"rendered":"<p>Aujourd&rsquo;hui, les temp\u00e9ratures afficheront entre 8 et 18\u00b0C \u00e0 Lyon. Un vent de nord-ouest rafra\u00eechira sensiblement l&rsquo;atmosph\u00e8re. La m\u00e9t\u00e9o devrait s&rsquo;am\u00e9liorer durant la matin\u00e9e. Il fera en moyenne 12\u00b0C. Le soleil sera dominant, la garantie d&rsquo;un magnifique apr\u00e8s-midi ! Les temp\u00e9ratures vont conna\u00eetre une augmentation de plusieurs degr\u00e9s. Les valeurs iront de 15 \u00e0 18\u00b0C. Apr\u00e8s un passage nuageux, le ciel va s&rsquo;\u00e9claircir au cours de la soir\u00e9e. Le thermom\u00e8tre affichera 13\u00b0C en moyenne. Le passage de mardi \u00e0 mercredi s&rsquo;effectuera sous un ciel clair.<\/p>\n<p>Demain, un ciel avec des \u00e9claircies va peu \u00e0 peu se substituer aux nuages \u00e0 Lyon. C&rsquo;est une hausse de quelques degr\u00e9s que vont enregistrer les temp\u00e9ratures. On pr\u00e9voit des temp\u00e9ratures d&rsquo;environ 15\u00b0C. Un modeste vent de nord-est sera ressenti par les habitants. Dans la matin\u00e9e, les temp\u00e9ratures avoisineront les 14\u00b0C. Le temps va se r\u00e9chauffer demain apr\u00e8s-midi avec une augmentation de plusieurs degr\u00e9s. Les valeurs seront comprises entre 16\u00b0C et 20\u00b0C. Des \u00e9claircies appara\u00eetront dans la soir\u00e9e.<\/p>\n<p>On s&rsquo;attend \u00e0 une am\u00e9lioration vendredi, apr\u00e8s une journ\u00e9e pluvieuse jeudi.<\/p>\n<p><\/p>\n","protected":false},"excerpt":{"rendered":"Aujourd&rsquo;hui, les temp\u00e9ratures afficheront entre 8 et 18\u00b0C \u00e0 Lyon. Un vent de nord-ouest rafra\u00eechira sensiblement l&rsquo;atmosph\u00e8re. La&hellip;\n","protected":false},"author":2,"featured_media":444032,"comment_status":"","ping_status":"","sticky":false,"template":"","format":"standard","meta":{"footnotes":""},"categories":[1889],"tags":[1111,11,2430,1777,674,1011,27,2428,12,2119,25],"class_list":{"0":"post-444031","1":"post","2":"type-post","3":"status-publish","4":"format-standard","5":"has-post-thumbnail","7":"category-lyon","8":"tag-actu","9":"tag-actualites","10":"tag-auvergne-rhone-alpes","11":"tag-eu","12":"tag-europe","13":"tag-fr","14":"tag-france","15":"tag-lyon","16":"tag-news","17":"tag-previsions-meteo","18":"tag-republique-francaise"},"share_on_mastodon":{"url":"https:\/\/pubeurope.com\/@fr\/115330162575579230","error":""},"_links":{"self":[{"href":"https:\/\/www.europesays.com\/fr\/wp-json\/wp\/v2\/posts\/444031","targetHints":{"allow":["GET"]}}],"collection":[{"href":"https:\/\/www.europesays.com\/fr\/wp-json\/wp\/v2\/posts"}],"about":[{"href":"https:\/\/www.europesays.com\/fr\/wp-json\/wp\/v2\/types\/post"}],"author":[{"embeddable":true,"href":"https:\/\/www.europesays.com\/fr\/wp-json\/wp\/v2\/users\/2"}],"replies":[{"embeddable":true,"href":"https:\/\/www.europesays.com\/fr\/wp-json\/wp\/v2\/comments?post=444031"}],"version-history":[{"count":0,"href":"https:\/\/www.europesays.com\/fr\/wp-json\/wp\/v2\/posts\/444031\/revisions"}],"wp:featuredmedia":[{"embeddable":true,"href":"https:\/\/www.europesays.com\/fr\/wp-json\/wp\/v2\/media\/444032"}],"wp:attachment":[{"href":"https:\/\/www.europesays.com\/fr\/wp-json\/wp\/v2\/media?parent=444031"}],"wp:term":[{"taxonomy":"category","embeddable":true,"href":"https:\/\/www.europesays.com\/fr\/wp-json\/wp\/v2\/categories?post=444031"},{"taxonomy":"post_tag","embeddable":true,"href":"https:\/\/www.europesays.com\/fr\/wp-json\/wp\/v2\/tags?post=444031"}],"curies":[{"name":"wp","href":"https:\/\/api.w.org\/{rel}","templated":true}]}}