{"id":444041,"date":"2025-10-07T01:01:13","date_gmt":"2025-10-07T01:01:13","guid":{"rendered":"https:\/\/www.europesays.com\/fr\/444041\/"},"modified":"2025-10-07T01:01:13","modified_gmt":"2025-10-07T01:01:13","slug":"concert-de-la-finale-du-prix-rene-urtreger-2026-ecuje-paris-75010-sortir-a-paris","status":"publish","type":"post","link":"https:\/\/www.europesays.com\/fr\/444041\/","title":{"rendered":"Concert de la finale du Prix Ren\u00e9 Urtreger 2026 &#8211; Ecuje &#8211; Paris, 75010 &#8211; Sortir \u00e0 Paris"},"content":{"rendered":"<p>Apre\u0300s trois \u00e9ditions qui ont permis de mettre en avant de nombreux groupes talentueux et prometteurs, et qui ont re\u0301compense\u0301 les groupes Conge\u0301 Spatial (Prix Rene\u0301 Urtreger 2023) et Mark Priore trio (Prix spe\u0301cial du jury 2023) puis Ninanda (Prix Ren\u00e9 Urtreger 2024), Jeremie Lucchese Group (Prix sp\u00e9cial du jury 2024) et Lisa Murcia 5tet (Prix Ren\u00e9 Urtreger 2025) Jazz \u00e0 l\u2019Ecuje part \u00e0 la recherche de son laur\u00e9at 2026 !<\/p>\n<p>Le jury, compos\u00e9 de Fre\u0301de\u0301ric Charbaut (Festival Jazz a\u0300 Saint-Germain des Pre\u0301s, FIP), Alex Dutilh (Open Jazz, France Musique), Olivier Hutman (musicien, programmateur des saisons Jazz a\u0300 l\u2019Ecuje), Alice Leclercq (Jazz News), Daniel Yvinec (Ancien directeur de l\u2019ONJ, directeur artistique) et Lionel Eskenazi (Jazz magazine, Acad\u00e9mie du jazz) remettra \u00e0 l\u2019issu de ce concert le prix \u00e0 l\u2019un des 5 finalistes (pr\u00e9-s\u00e9lectionn\u00e9s en amont par ce m\u00eame jury).<\/p>\n<blockquote class=\"wp-embedded-content\" data-secret=\"bj2G5HYij0\"><p><a href=\"https:\/\/www.ecuje.fr\/offre\/finale-concours-prix-rene-urtreger-2026\/\" rel=\"nofollow noopener\" target=\"_blank\">Concert du Prix Ren\u00e9 Urtreger 2026 \u2013 Finale du concours Jeunes Talents de Jazz \u00e0 l\u2019ECUJE<\/a><\/p><\/blockquote>\n<p><iframe loading=\"lazy\" class=\"wp-embedded-content\" sandbox=\"allow-scripts\" security=\"restricted\" style=\"position: absolute; visibility: hidden;\" title=\"\u00ab\u00a0Concert du Prix Ren\u00e9 Urtreger 2026 \u2013 Finale du concours Jeunes Talents de Jazz \u00e0 l\u2019ECUJE\u00a0\u00bb &#8212; ECUJE\" src=\"https:\/\/www.ecuje.fr\/offre\/finale-concours-prix-rene-urtreger-2026\/embed\/#?secret=NGs7jKIY3z#?secret=bj2G5HYij0\" data-secret=\"bj2G5HYij0\" width=\"600\" height=\"338\" frameborder=\"0\" marginwidth=\"0\" marginheight=\"0\" scrolling=\"no\"><\/iframe><\/p>\n","protected":false},"excerpt":{"rendered":"Apre\u0300s trois \u00e9ditions qui ont permis de mettre en avant de nombreux groupes talentueux et prometteurs, et qui&hellip;\n","protected":false},"author":2,"featured_media":444042,"comment_status":"","ping_status":"","sticky":false,"template":"","format":"standard","meta":{"footnotes":""},"categories":[1888],"tags":[11,1777,674,1011,27,12,626,25],"class_list":{"0":"post-444041","1":"post","2":"type-post","3":"status-publish","4":"format-standard","5":"has-post-thumbnail","7":"category-paris","8":"tag-actualites","9":"tag-eu","10":"tag-europe","11":"tag-fr","12":"tag-france","13":"tag-news","14":"tag-paris","15":"tag-republique-francaise"},"share_on_mastodon":{"url":"https:\/\/pubeurope.com\/@fr\/115330186371677365","error":""},"_links":{"self":[{"href":"https:\/\/www.europesays.com\/fr\/wp-json\/wp\/v2\/posts\/444041","targetHints":{"allow":["GET"]}}],"collection":[{"href":"https:\/\/www.europesays.com\/fr\/wp-json\/wp\/v2\/posts"}],"about":[{"href":"https:\/\/www.europesays.com\/fr\/wp-json\/wp\/v2\/types\/post"}],"author":[{"embeddable":true,"href":"https:\/\/www.europesays.com\/fr\/wp-json\/wp\/v2\/users\/2"}],"replies":[{"embeddable":true,"href":"https:\/\/www.europesays.com\/fr\/wp-json\/wp\/v2\/comments?post=444041"}],"version-history":[{"count":0,"href":"https:\/\/www.europesays.com\/fr\/wp-json\/wp\/v2\/posts\/444041\/revisions"}],"wp:featuredmedia":[{"embeddable":true,"href":"https:\/\/www.europesays.com\/fr\/wp-json\/wp\/v2\/media\/444042"}],"wp:attachment":[{"href":"https:\/\/www.europesays.com\/fr\/wp-json\/wp\/v2\/media?parent=444041"}],"wp:term":[{"taxonomy":"category","embeddable":true,"href":"https:\/\/www.europesays.com\/fr\/wp-json\/wp\/v2\/categories?post=444041"},{"taxonomy":"post_tag","embeddable":true,"href":"https:\/\/www.europesays.com\/fr\/wp-json\/wp\/v2\/tags?post=444041"}],"curies":[{"name":"wp","href":"https:\/\/api.w.org\/{rel}","templated":true}]}}